{"id":15727,"date":"2022-03-09T11:36:00","date_gmt":"2022-03-09T10:36:00","guid":{"rendered":"https:\/\/www.greenpeace.org\/italy\/?p=15727"},"modified":"2022-03-16T15:01:29","modified_gmt":"2022-03-16T14:01:29","slug":"spedizione-greenpeace-in-antartide-scopre-coralli-e-altre-specie-vulnerabili-ora-proteggiamo-questo-ecosistema-vitale","status":"publish","type":"post","link":"https:\/\/www.greenpeace.org\/italy\/comunicato-stampa\/15727\/spedizione-greenpeace-in-antartide-scopre-coralli-e-altre-specie-vulnerabili-ora-proteggiamo-questo-ecosistema-vitale\/","title":{"rendered":"Spedizione Greenpeace in Antartide scopre coralli e altre specie vulnerabili, \u00abOra proteggiamo questo ecosistema vitale\u00bb"},"content":{"rendered":"\n<p>Un team di ricercatori a bordo della spedizione internazionale di Greenpeace in Antartide ha documentato sul fondale marino \u00abun&#8217;incredibile abbondanza di vita, inclusi coralli e altre specie vulnerabili\u00bb in quella che \u00e8 considerata l&#8217;immersione scientifica sottomarina pi\u00f9 meridionale della storia, a 65 gradi sud. Sulla base di questa documentazione, gli scienziati chiederanno alla Commissione per la conservazione delle risorse biologiche dell&#8217;Antartico (CCAMLR) che l\u2019area riceva una protezione speciale. La spedizione \u00e8 riuscita a esplorare il remoto Mare di Weddell quando il ghiaccio marino antartico ha raggiunto la minima estensione mai registrata.<\/p>\n\n<p>\u00abIl fondale che abbiamo esplorato sarebbe normalmente avvolto nell&#8217;oscurit\u00e0 perch\u00e9 coperto di ghiaccio per diverse miglia in qualsiasi direzione, ma ora si trova al minimo storico. Dal record precedente, nel 2017, \u00e8 scomparsa un&#8217;area di mare ghiacciato grande quanto la Svizzera. Abbiamo urgente bisogno di santuari oceanici nelle acque antartiche per proteggere questo ecosistema vitale dagli effetti della crisi climatica e dargli l\u2019opportunit\u00e0 di riprendersi\u00bb, afferma John Hocevar, pilota del sottomarino di Greenpeace.<\/p>\n\n<p>L&#8217;ultimo rapporto dell&#8217;IPCC, il gruppo intergovernativo di esperti sui cambiamenti climatici delle Nazioni Unite, chiede che il 30-50 per cento degli oceani del mondo sia protetto. Il rapporto afferma inoltre che il riscaldamento globale ha gi\u00e0 causato danni e perdite irreversibili agli ecosistemi marini. L&#8217;entit\u00e0 e la vastit\u00e0 degli impatti della crisi climatica \u00e8 maggiore di quanto stimato nei precedenti rapporti dell\u2019IPCC.&nbsp;<\/p>\n\n<p>La prima proposta di includere il Mare di Weddell in una vasta area marina protetta, o \u201csantuario oceanico\u201d, risale a quasi dieci anni fa. In passato Greenpeace ha criticato il CCAMLR per aver consentito lo sfruttamento delle acque antartiche: appena il 5 per cento \u00e8 infatti tutelato, nonostante l&#8217;impegno della stessa Commissione di creare una rete di aree marine protette entro il 2012.<\/p>\n\n<p>\u00abCon la nostra spedizione rinnoviamo la richiesta di proteggere almeno il 30 per cento degli oceani \u00a0 entro il 2030. Questa settimana i governi si riuniranno alle Nazioni Unite per concordare un Trattato mondiale sugli oceani, uno strumento essenziale per creare una rete di santuari oceanici, liberi da attivit\u00e0 umane dannose, nelle acque internazionali. Non perdiamo questa occasione per proteggere uno degli ultimi ecosistemi non ancora sovrasfruttati del pianeta\u00bb, dichiara Giorgia Monti, Campagna Mare di Greenpeace Italia.<\/p>\n\n<p><strong>Video per le TV:<\/strong><\/p>\n\n<p><a rel=\"noreferrer noopener\" href=\"https:\/\/media.greenpeace.org\/Share\/7b1qy705qyr778k1as65fq3272apvnr1\" target=\"_blank\">https:\/\/media.greenpeace.org\/Share\/7b1qy705qyr778k1as65fq3272apvnr1<\/a><\/p>\n\n<p><a rel=\"noreferrer noopener\" href=\"https:\/\/media.greenpeace.org\/Share\/xmx560ou05q5mc8vnt7q5msdu32vxj13\" target=\"_blank\">https:\/\/media.greenpeace.org\/Share\/xmx560ou05q5mc8vnt7q5msdu32vxj13<\/a><\/p>\n","protected":false},"excerpt":{"rendered":"<p>Si tratta dell&#8217;immersione scientifica sottomarina pi\u00f9 meridionale della storia<\/p>\n","protected":false},"author":33,"featured_media":15729,"comment_status":"closed","ping_status":"open","sticky":false,"template":"","format":"standard","meta":{"ep_exclude_from_search":false,"p4_og_title":"","p4_og_description":"","p4_og_image":"","p4_og_image_id":"","p4_seo_canonical_url":"","p4_campaign_name":"not set","p4_local_project":"not set","p4_basket_name":"not set","p4_department":"","footnotes":""},"categories":[20,17],"tags":[22,18],"p4-page-type":[23],"class_list":["post-15727","post","type-post","status-publish","format-standard","has-post-thumbnail","hentry","category-denuncia","category-proteggi","tag-biodiversita","tag-mare","p4-page-type-comunicato-stampa"],"_links":{"self":[{"href":"https:\/\/www.greenpeace.org\/italy\/wp-json\/wp\/v2\/posts\/15727","targetHints":{"allow":["GET"]}}],"collection":[{"href":"https:\/\/www.greenpeace.org\/italy\/wp-json\/wp\/v2\/posts"}],"about":[{"href":"https:\/\/www.greenpeace.org\/italy\/wp-json\/wp\/v2\/types\/post"}],"author":[{"embeddable":true,"href":"https:\/\/www.greenpeace.org\/italy\/wp-json\/wp\/v2\/users\/33"}],"replies":[{"embeddable":true,"href":"https:\/\/www.greenpeace.org\/italy\/wp-json\/wp\/v2\/comments?post=15727"}],"version-history":[{"count":1,"href":"https:\/\/www.greenpeace.org\/italy\/wp-json\/wp\/v2\/posts\/15727\/revisions"}],"predecessor-version":[{"id":15730,"href":"https:\/\/www.greenpeace.org\/italy\/wp-json\/wp\/v2\/posts\/15727\/revisions\/15730"}],"wp:featuredmedia":[{"embeddable":true,"href":"https:\/\/www.greenpeace.org\/italy\/wp-json\/wp\/v2\/media\/15729"}],"wp:attachment":[{"href":"https:\/\/www.greenpeace.org\/italy\/wp-json\/wp\/v2\/media?parent=15727"}],"wp:term":[{"taxonomy":"category","embeddable":true,"href":"https:\/\/www.greenpeace.org\/italy\/wp-json\/wp\/v2\/categories?post=15727"},{"taxonomy":"post_tag","embeddable":true,"href":"https:\/\/www.greenpeace.org\/italy\/wp-json\/wp\/v2\/tags?post=15727"},{"taxonomy":"p4-page-type","embeddable":true,"href":"https:\/\/www.greenpeace.org\/italy\/wp-json\/wp\/v2\/p4-page-type?post=15727"}],"curies":[{"name":"wp","href":"https:\/\/api.w.org\/{rel}","templated":true}]}}