{"id":1573,"date":"2017-06-01T00:00:00","date_gmt":"2017-06-01T00:00:00","guid":{"rendered":"https:\/\/www.greenpeace.org\/italy\/comunicato-stampa\/1573\/le-parole-non-bastano-salvate-i-nostri-mari-dalla-plastica\/"},"modified":"2021-12-01T13:45:11","modified_gmt":"2021-12-01T12:45:11","slug":"le-parole-non-bastano-salvate-i-nostri-mari-dalla-plastica","status":"publish","type":"post","link":"https:\/\/www.greenpeace.org\/italy\/storia\/1573\/le-parole-non-bastano-salvate-i-nostri-mari-dalla-plastica\/","title":{"rendered":"Le parole non bastano! Salvate i nostri mari dalla plastica!"},"content":{"rendered":"<div class=\"leader\">Per salvare il mare dall\u2019<strong>inquinamento da plastica<\/strong> bisogna agire! Questa mattina lo abbiamo detto chiaramente ai leader riuniti a Brema, in Germania, per\u00a0la <strong>Conferenza del G20 sull\u2019inquinamento marino da plastica<\/strong>: 50 attivisti hanno formato la scritta umana \u201cAct\u201d nello specchio d\u2019acqua vicino la sede dell\u2019importante appuntamento politico e srotolato un banner con la scritta \u201cper oceani liberi dalla plastica\u201d.<\/div>\n<div>\n<p><img decoding=\"async\" style=\"margin: 5px;\" src=\"https:\/\/www.greenpeace.org\/static\/planet4-italy-stateless\/2018\/11\/7f356b0c-7f356b0c-gp0stqu24_web_size_with_credit_line-1.jpg\" alt=\"\" width=\"100%\" height=\"400\" \/><\/p>\n<p>I mari del mondo stanno soffocando sotto 8 milioni di tonnellate di<strong> plastica<\/strong> e <strong>imballaggi usa e getta<\/strong> che ogni anno dalla terra finiscono nell\u2019ambiente acquatico. Il problema dell\u2019<strong>invasione della plastica<\/strong> sta rapidamente peggiorando e per risolverlo servono fatti concreti e scelte ambiziose, non parole!<\/p>\n<p>I potenti della terra riuniti al G20 hanno la responsabilit\u00e0 di guidare i Paesi versi questo cambiamento attraverso l\u2019adozione di provvedimenti e soluzioni legalmente vincolanti.<\/p>\n<p>Per questo stiamo chiedendo ai governi di <strong>vietare <\/strong>le principali fonti di produzione della plastica che finisce in mare, come primo passo fondamentale per eliminare i prodotti usa e getta di plastica, tra cui gli imballaggi e le microsfere. Tutte le aziende e i produttori di questi materiali devono obbligatoriamente dotarsi di un \u201cSistema di Responsabilit\u00e0 Estesa del Produttore\u201d (EPR) per contribuire a risolvere il problema.<\/p>\n<p>La plastica ha invaso la nostra vita quotidiana e ci\u00f2 riflette la nostra cultura dell\u2019usa e getta. Basti pensare ai prodotti monouso e agli imballaggi.<\/p>\n<p>Negli ultimi 50 anni e in particolare negli ultimi decenni, la produzione globale di plastica \u00e8 cresciuta in modo esponenziale. Solo tra il 2002-2013 \u00e8 aumentata del 50% circa, passando da 204 milioni di tonnellate a 299 milioni di tonnellate. Questo trend \u00e8 destinato a superare i 500 milioni di tonnellate di <strong>plastica<\/strong> prodotte all\u2019anno, entro il 2020.<\/p>\n<p>\u00c8 ora di finirla: <a href=\"https:\/\/attivati.greenpeace.it\/petizioni\/no-plastica-aziende\/\">salviamo il nostro Mediterraneo dall\u2019invasione della plastica!\u00a0<\/a><\/p>\n<\/div>\n\t\t\t<section\n\t\t\tclass=\"boxout post-2625 \"\n\t\t\t\n\t\t>\n\t\t\t<a\n\t\t\t\tdata-ga-category=\"Take Action Boxout\"\n\t\t\t\tdata-ga-action=\"Image\"\n\t\t\t\tdata-ga-label=\"n\/a\"\n\t\t\t\tclass=\"cover-card-overlay\"\n\t\t\t\thref=\"https:\/\/www.greenpeace.org\/italy\/attivati\/piu-mare-meno-plastica\/\" \n\t\t\t><\/a>\n\t\t\t\t\t\t\t<img\n\t\t\t\t\t\tsrc=\"https:\/\/www.greenpeace.org\/static\/planet4-italy-stateless\/2018\/11\/460ec95d-gp0strf5f_medium_res-1024x683.jpg\"\n\t\t\t\t\t\tsrcset=\"https:\/\/www.greenpeace.org\/static\/planet4-italy-stateless\/2018\/11\/460ec95d-gp0strf5f_medium_res-300x200.jpg 300w, https:\/\/www.greenpeace.org\/static\/planet4-italy-stateless\/2018\/11\/460ec95d-gp0strf5f_medium_res-768x512.jpg 768w, https:\/\/www.greenpeace.org\/static\/planet4-italy-stateless\/2018\/11\/460ec95d-gp0strf5f_medium_res-1024x683.jpg 1024w, https:\/\/www.greenpeace.org\/static\/planet4-italy-stateless\/2018\/11\/460ec95d-gp0strf5f_medium_res-510x340.jpg 510w, https:\/\/www.greenpeace.org\/static\/planet4-italy-stateless\/2018\/11\/460ec95d-gp0strf5f_medium_res.jpg 1200w\"\n\t\t\t\t\t\tsizes=\"(min-width: 1000px) 358px, (min-width: 780px) 313px, 88px\"\n\t\t\t\t\t\talt=\"\" title=\"\"\n\t\t\t\t\/>\n            \t\t\t<div class=\"boxout-content\">\n\t\t\t\t\t\t\t\t\t<a\n\t\t\t\t\t\tclass=\"boxout-heading medium\"\n\t\t\t\t\t\tdata-ga-category=\"Take Action Boxout\"\n\t\t\t\t\t\tdata-ga-action=\"Title\"\n\t\t\t\t\t\tdata-ga-label=\"n\/a\"\n\t\t\t\t\t\thref=\"https:\/\/www.greenpeace.org\/italy\/attivati\/piu-mare-meno-plastica\/\"\n\t\t\t\t\t\t\n\t\t\t\t\t>\n\t\t\t\t\t\tPi\u00f9 mare, meno plastica!\n\t\t\t\t\t<\/a>\n\t\t\t\t\t\t\t\t\t\t\t\t\t<p class=\"boxout-excerpt\">Il mare non \u00e8 una discarica: chiedi alle aziende di abbandonare l\u2019usa e getta.<\/p>\n\t\t\t\t                                    <a\n                        class=\"btn btn-primary\"\n                        data-ga-category=\"Take Action Boxout\"\n                        data-ga-action=\"Call to Action\"\n                        data-ga-label=\"n\/a\"\n                        href=\"https:\/\/www.greenpeace.org\/italy\/attivati\/piu-mare-meno-plastica\/\"\n                        \n                    >\n                        Partecipa\n                    <\/a>\n                \t\t\t<\/div>\n\t\t\t\t\t<\/section>\n\t","protected":false},"excerpt":{"rendered":"<p>Siamo entrati in azione al G20 con un messaggio chiaro!<\/p>\n","protected":false},"author":33,"featured_media":1574,"comment_status":"closed","ping_status":"open","sticky":false,"template":"","format":"standard","meta":{"ep_exclude_from_search":false,"p4_og_title":"","p4_og_description":"","p4_og_image":"","p4_og_image_id":"","p4_seo_canonical_url":"","p4_campaign_name":"","p4_local_project":"","p4_basket_name":"","p4_department":"","footnotes":""},"categories":[20,17],"tags":[21,18],"p4-page-type":[19],"class_list":["post-1573","post","type-post","status-publish","format-standard","has-post-thumbnail","hentry","category-denuncia","category-proteggi","tag-inquinamento","tag-mare","p4-page-type-storia"],"_links":{"self":[{"href":"https:\/\/www.greenpeace.org\/italy\/wp-json\/wp\/v2\/posts\/1573","targetHints":{"allow":["GET"]}}],"collection":[{"href":"https:\/\/www.greenpeace.org\/italy\/wp-json\/wp\/v2\/posts"}],"about":[{"href":"https:\/\/www.greenpeace.org\/italy\/wp-json\/wp\/v2\/types\/post"}],"author":[{"embeddable":true,"href":"https:\/\/www.greenpeace.org\/italy\/wp-json\/wp\/v2\/users\/33"}],"replies":[{"embeddable":true,"href":"https:\/\/www.greenpeace.org\/italy\/wp-json\/wp\/v2\/comments?post=1573"}],"version-history":[{"count":5,"href":"https:\/\/www.greenpeace.org\/italy\/wp-json\/wp\/v2\/posts\/1573\/revisions"}],"predecessor-version":[{"id":15204,"href":"https:\/\/www.greenpeace.org\/italy\/wp-json\/wp\/v2\/posts\/1573\/revisions\/15204"}],"wp:featuredmedia":[{"embeddable":true,"href":"https:\/\/www.greenpeace.org\/italy\/wp-json\/wp\/v2\/media\/1574"}],"wp:attachment":[{"href":"https:\/\/www.greenpeace.org\/italy\/wp-json\/wp\/v2\/media?parent=1573"}],"wp:term":[{"taxonomy":"category","embeddable":true,"href":"https:\/\/www.greenpeace.org\/italy\/wp-json\/wp\/v2\/categories?post=1573"},{"taxonomy":"post_tag","embeddable":true,"href":"https:\/\/www.greenpeace.org\/italy\/wp-json\/wp\/v2\/tags?post=1573"},{"taxonomy":"p4-page-type","embeddable":true,"href":"https:\/\/www.greenpeace.org\/italy\/wp-json\/wp\/v2\/p4-page-type?post=1573"}],"curies":[{"name":"wp","href":"https:\/\/api.w.org\/{rel}","templated":true}]}}