{"id":15817,"date":"2022-03-31T11:28:42","date_gmt":"2022-03-31T09:28:42","guid":{"rendered":"https:\/\/www.greenpeace.org\/italy\/?p=15817"},"modified":"2024-02-22T17:33:54","modified_gmt":"2024-02-22T16:33:54","slug":"plastica-emergenza-fuori-controllo","status":"publish","type":"post","link":"https:\/\/www.greenpeace.org\/italy\/rapporto\/15817\/plastica-emergenza-fuori-controllo\/","title":{"rendered":"Plastica: emergenza fuori controllo"},"content":{"rendered":"\n<p>In un momento storico in cui emerge in modo ancora pi\u00f9 evidente la scarsit\u00e0 di materie prime, \u00e8 necessario ripensare gli attuali modelli di business e consumo basati sullo sfruttamento di preziose risorse naturali non rinnovabili. L\u2019abuso di plastica usa e getta, ovvero quell\u2019insieme di imballaggi e contenitori progettati per diventare in poco tempo un rifiuto difficile da riciclare, rappresenta un\u2019evidente e intollerabile assurdit\u00e0. \u00c8 peraltro tra le concause di una delle emergenze ambientali pi\u00f9 gravi dei nostri tempi: l\u2019inquinamento da plastica.<\/p>\n\n<p>Nonostante abbiamo sempre pi\u00f9 prove sulla gravit\u00e0 del fenomeno, mancano per\u00f2 interventi risolutivi sia a livello politico che industriale. Come dimostra il rapporto \u201c<a href=\"https:\/\/www.greenpeace.org\/static\/planet4-italy-stateless\/2022\/03\/35a07cdd-plastica_emergenza_fuori_controllo.pdf\" target=\"_blank\" rel=\"noreferrer noopener\">Plastica: emergenza fuori controllo<\/a>\u201d, che passa in rassegna tutti i limiti ormai evidenti di questo modello produttivo insostenibile. Agli impatti crescenti sul mare e sulla biodiversit\u00e0, si aggiungono quelli sul clima e sulle comunit\u00e0 del Sud del mondo. Aspetti su cui prova a intervenire una risoluzione approvata nell\u2019ultima Assemblea delle Nazioni Unite, che avvia i lavori per un trattato globale sulla plastica.<\/p>\n\n<p>Leggi il report &#8220;<a href=\"https:\/\/www.greenpeace.org\/static\/planet4-italy-stateless\/2022\/03\/35a07cdd-plastica_emergenza_fuori_controllo.pdf\" target=\"_blank\" rel=\"noreferrer noopener\">Plastica: emergenza fuori controllo<\/a>&#8220;<\/p>\n\n<div data-wp-interactive=\"core\/file\" class=\"wp-block-file\"><object data-wp-bind--hidden=\"!state.hasPdfPreview\" hidden class=\"wp-block-file__embed\" data=\"https:\/\/www.greenpeace.org\/static\/planet4-italy-stateless\/2022\/03\/35a07cdd-plastica_emergenza_fuori_controllo.pdf\" type=\"application\/pdf\" style=\"width:100%;height:600px\" aria-label=\"Incorporamento di Incorporamento PDF.\"><\/object><\/div>\n\n<p><\/p>\n","protected":false},"excerpt":{"rendered":"<p>In un momento storico in cui emerge in modo ancora pi\u00f9 evidente la scarsit\u00e0 di materie prime, \u00e8 necessario ripensare gli attuali modelli di business e consumo basati sullo sfruttamento&hellip;<\/p>\n","protected":false},"author":33,"featured_media":0,"comment_status":"closed","ping_status":"open","sticky":false,"template":"","format":"standard","meta":{"ep_exclude_from_search":false,"p4_og_title":"","p4_og_description":"","p4_og_image":"","p4_og_image_id":"","p4_seo_canonical_url":"","p4_campaign_name":"not set","p4_local_project":"not set","p4_basket_name":"not set","p4_department":"","footnotes":""},"categories":[20,17],"tags":[29,21,32],"p4-page-type":[34],"class_list":["post-15817","post","type-post","status-publish","format-standard","hentry","category-denuncia","category-proteggi","tag-clima","tag-inquinamento","tag-energia","p4-page-type-rapporto"],"_links":{"self":[{"href":"https:\/\/www.greenpeace.org\/italy\/wp-json\/wp\/v2\/posts\/15817","targetHints":{"allow":["GET"]}}],"collection":[{"href":"https:\/\/www.greenpeace.org\/italy\/wp-json\/wp\/v2\/posts"}],"about":[{"href":"https:\/\/www.greenpeace.org\/italy\/wp-json\/wp\/v2\/types\/post"}],"author":[{"embeddable":true,"href":"https:\/\/www.greenpeace.org\/italy\/wp-json\/wp\/v2\/users\/33"}],"replies":[{"embeddable":true,"href":"https:\/\/www.greenpeace.org\/italy\/wp-json\/wp\/v2\/comments?post=15817"}],"version-history":[{"count":2,"href":"https:\/\/www.greenpeace.org\/italy\/wp-json\/wp\/v2\/posts\/15817\/revisions"}],"predecessor-version":[{"id":15820,"href":"https:\/\/www.greenpeace.org\/italy\/wp-json\/wp\/v2\/posts\/15817\/revisions\/15820"}],"wp:attachment":[{"href":"https:\/\/www.greenpeace.org\/italy\/wp-json\/wp\/v2\/media?parent=15817"}],"wp:term":[{"taxonomy":"category","embeddable":true,"href":"https:\/\/www.greenpeace.org\/italy\/wp-json\/wp\/v2\/categories?post=15817"},{"taxonomy":"post_tag","embeddable":true,"href":"https:\/\/www.greenpeace.org\/italy\/wp-json\/wp\/v2\/tags?post=15817"},{"taxonomy":"p4-page-type","embeddable":true,"href":"https:\/\/www.greenpeace.org\/italy\/wp-json\/wp\/v2\/p4-page-type?post=15817"}],"curies":[{"name":"wp","href":"https:\/\/api.w.org\/{rel}","templated":true}]}}