{"id":1599,"date":"2017-05-15T00:00:00","date_gmt":"2017-05-15T00:00:00","guid":{"rendered":"https:\/\/www.greenpeace.org\/italy\/comunicato-stampa\/1599\/non-ce-la-beviamo\/"},"modified":"2021-12-01T13:45:20","modified_gmt":"2021-12-01T12:45:20","slug":"non-ce-la-beviamo","status":"publish","type":"post","link":"https:\/\/www.greenpeace.org\/italy\/rapporto\/1599\/non-ce-la-beviamo\/","title":{"rendered":"Non ce la beviamo"},"content":{"rendered":"<div class=\"leader\">Greenpeace pubblica oggi il rapporto \u201cNon ce la beviamo\u201d, in cui vengono presentati i risultati di un monitoraggio condotto dall\u2019associazione sulla presenza di PFAS (sostanze perfluoralchiliche) nell\u2019acqua potabile di alcune zone del Veneto.<\/div>\n<div>\n<p>I campioni di acqua potabile sono stati raccolti lo scorso aprile in diciotto scuole primarie e sette fontane pubbliche nelle province di Vicenza, Verona, Padova e Rovigo. In pi\u00f9 della met\u00e0 dei campioni sono stati superati i valori di PFAS ritenuti sicuri per la salute in Svezia e Stati Uniti. Questo dato \u00e8 ancora pi\u00f9 grave visto che gran parte dei superamenti riguarda le scuole: i bambini, come \u00e8 noto, sono tra i soggetti pi\u00f9 a rischio.<\/p>\n<p>Leggi il report \u201c<a href=\"https:\/\/www.greenpeace.org\/static\/planet4-italy-stateless\/2018\/11\/2af8795e-2af8795e-report_non_ce_la_beviamo.pdf\">Non ce la beviamo<\/a>\u201d<\/p>\n<p>I risultati hanno evidenziato, seppur in concentrazioni diverse, la presenza di PFAS in tutti i campioni analizzati, incluse Padova, Verona, Vicenza e alcuni comuni della Provincia di Rovigo, oltre ai comuni della zona rossa per i quali la contaminazione \u00e8 gi\u00e0 nota. Nel campione di acqua prelevato presso la scuola di San Giovanni Lupatoto, un comune non incluso nella zona a maggiore contaminazione, \u00e8 stato addirittura superato, seppur di poco, il livello di PFOS (Acido Perfluorottansolfonico) consentito nell\u2019acqua potabile in Veneto.<\/p>\n<p>Leggi il report \u201c<a href=\"https:\/\/www.greenpeace.org\/static\/planet4-italy-stateless\/2018\/11\/2af8795e-2af8795e-report_non_ce_la_beviamo.pdf\">Non ce la beviamo<\/a>\u201d<\/p>\n<p><img loading=\"lazy\" decoding=\"async\" class=\"aligncenter wp-image-2682 size-full\" src=\"https:\/\/www.greenpeace.org\/static\/planet4-italy-stateless\/2017\/05\/5378c801-report_non_ce_la_beviamo-001.jpg\" alt=\"\" width=\"1191\" height=\"1684\" srcset=\"https:\/\/www.greenpeace.org\/static\/planet4-italy-stateless\/2017\/05\/5378c801-report_non_ce_la_beviamo-001.jpg 1191w, https:\/\/www.greenpeace.org\/static\/planet4-italy-stateless\/2017\/05\/5378c801-report_non_ce_la_beviamo-001-212x300.jpg 212w, https:\/\/www.greenpeace.org\/static\/planet4-italy-stateless\/2017\/05\/5378c801-report_non_ce_la_beviamo-001-768x1086.jpg 768w, https:\/\/www.greenpeace.org\/static\/planet4-italy-stateless\/2017\/05\/5378c801-report_non_ce_la_beviamo-001-724x1024.jpg 724w, https:\/\/www.greenpeace.org\/static\/planet4-italy-stateless\/2017\/05\/5378c801-report_non_ce_la_beviamo-001-966x1366.jpg 966w, https:\/\/www.greenpeace.org\/static\/planet4-italy-stateless\/2017\/05\/5378c801-report_non_ce_la_beviamo-001-240x340.jpg 240w\" sizes=\"auto, (max-width: 1191px) 100vw, 1191px\" \/><\/p>\n<\/div>\n\t\t\t<section\n\t\t\tclass=\"boxout post-3040 \"\n\t\t\t\n\t\t>\n\t\t\t<a\n\t\t\t\tdata-ga-category=\"Take Action Boxout\"\n\t\t\t\tdata-ga-action=\"Image\"\n\t\t\t\tdata-ga-label=\"n\/a\"\n\t\t\t\tclass=\"cover-card-overlay\"\n\t\t\t\thref=\"https:\/\/www.greenpeace.org\/italy\/attivati\/problema-pfas-in-italia-un-crimine-ambientale-e-sanitario\/\" \n\t\t\t><\/a>\n\t\t\t\t\t\t\t<img\n\t\t\t\t\t\tsrc=\"https:\/\/www.greenpeace.org\/static\/planet4-italy-stateless\/2023\/03\/4b3d2447-pfas-header-1-1024x683.jpg\"\n\t\t\t\t\t\tsrcset=\"https:\/\/www.greenpeace.org\/static\/planet4-italy-stateless\/2023\/03\/4b3d2447-pfas-header-1-300x200.jpg 300w, https:\/\/www.greenpeace.org\/static\/planet4-italy-stateless\/2023\/03\/4b3d2447-pfas-header-1-1024x683.jpg 1024w, https:\/\/www.greenpeace.org\/static\/planet4-italy-stateless\/2023\/03\/4b3d2447-pfas-header-1-768x512.jpg 768w, https:\/\/www.greenpeace.org\/static\/planet4-italy-stateless\/2023\/03\/4b3d2447-pfas-header-1-1536x1024.jpg 1536w, https:\/\/www.greenpeace.org\/static\/planet4-italy-stateless\/2023\/03\/4b3d2447-pfas-header-1-2048x1366.jpg 2048w, https:\/\/www.greenpeace.org\/static\/planet4-italy-stateless\/2023\/03\/4b3d2447-pfas-header-1-510x340.jpg 510w\"\n\t\t\t\t\t\tsizes=\"(min-width: 1000px) 358px, (min-width: 780px) 313px, 88px\"\n\t\t\t\t\t\talt=\"\" title=\"\"\n\t\t\t\t\/>\n            \t\t\t<div class=\"boxout-content\">\n\t\t\t\t\t\t\t\t\t<a\n\t\t\t\t\t\tclass=\"boxout-heading medium\"\n\t\t\t\t\t\tdata-ga-category=\"Take Action Boxout\"\n\t\t\t\t\t\tdata-ga-action=\"Title\"\n\t\t\t\t\t\tdata-ga-label=\"n\/a\"\n\t\t\t\t\t\thref=\"https:\/\/www.greenpeace.org\/italy\/attivati\/problema-pfas-in-italia-un-crimine-ambientale-e-sanitario\/\"\n\t\t\t\t\t\t\n\t\t\t\t\t>\n\t\t\t\t\t\tIn Italia \u00e8 in atto un crimine ambientale e sanitario\n\t\t\t\t\t<\/a>\n\t\t\t\t\t\t\t\t\t\t\t\t\t<p class=\"boxout-excerpt\">No ai PFAS e altre sostanze chimiche pericolose.<\/p>\n\t\t\t\t                                    <a\n                        class=\"btn btn-primary\"\n                        data-ga-category=\"Take Action Boxout\"\n                        data-ga-action=\"Call to Action\"\n                        data-ga-label=\"n\/a\"\n                        href=\"https:\/\/www.greenpeace.org\/italy\/attivati\/problema-pfas-in-italia-un-crimine-ambientale-e-sanitario\/\"\n                        \n                    >\n                        Partecipa\n                    <\/a>\n                \t\t\t<\/div>\n\t\t\t\t\t<\/section>\n\t","protected":false},"excerpt":{"rendered":"<div>\n\tGreenpeace pubblica oggi il rapporto \u201cNon ce la beviamo\u201d, in cui vengono presentati i risultati di un monitoraggio condotto dall\u2019associazione sulla presenza di PFAS (sostanze perfluoralchiliche) nell\u2019acqua potabile di alcune zone del Veneto.\n<\/div>\n","protected":false},"author":33,"featured_media":2682,"comment_status":"closed","ping_status":"open","sticky":false,"template":"","format":"standard","meta":{"ep_exclude_from_search":false,"p4_og_title":"","p4_og_description":"","p4_og_image":"","p4_og_image_id":"","p4_seo_canonical_url":"","p4_campaign_name":"","p4_local_project":"","p4_basket_name":"","p4_department":"","footnotes":""},"categories":[20,17],"tags":[21,30],"p4-page-type":[34],"class_list":["post-1599","post","type-post","status-publish","format-standard","has-post-thumbnail","hentry","category-denuncia","category-proteggi","tag-inquinamento","tag-salute","p4-page-type-rapporto"],"_links":{"self":[{"href":"https:\/\/www.greenpeace.org\/italy\/wp-json\/wp\/v2\/posts\/1599","targetHints":{"allow":["GET"]}}],"collection":[{"href":"https:\/\/www.greenpeace.org\/italy\/wp-json\/wp\/v2\/posts"}],"about":[{"href":"https:\/\/www.greenpeace.org\/italy\/wp-json\/wp\/v2\/types\/post"}],"author":[{"embeddable":true,"href":"https:\/\/www.greenpeace.org\/italy\/wp-json\/wp\/v2\/users\/33"}],"replies":[{"embeddable":true,"href":"https:\/\/www.greenpeace.org\/italy\/wp-json\/wp\/v2\/comments?post=1599"}],"version-history":[{"count":6,"href":"https:\/\/www.greenpeace.org\/italy\/wp-json\/wp\/v2\/posts\/1599\/revisions"}],"predecessor-version":[{"id":15210,"href":"https:\/\/www.greenpeace.org\/italy\/wp-json\/wp\/v2\/posts\/1599\/revisions\/15210"}],"wp:featuredmedia":[{"embeddable":true,"href":"https:\/\/www.greenpeace.org\/italy\/wp-json\/wp\/v2\/media\/2682"}],"wp:attachment":[{"href":"https:\/\/www.greenpeace.org\/italy\/wp-json\/wp\/v2\/media?parent=1599"}],"wp:term":[{"taxonomy":"category","embeddable":true,"href":"https:\/\/www.greenpeace.org\/italy\/wp-json\/wp\/v2\/categories?post=1599"},{"taxonomy":"post_tag","embeddable":true,"href":"https:\/\/www.greenpeace.org\/italy\/wp-json\/wp\/v2\/tags?post=1599"},{"taxonomy":"p4-page-type","embeddable":true,"href":"https:\/\/www.greenpeace.org\/italy\/wp-json\/wp\/v2\/p4-page-type?post=1599"}],"curies":[{"name":"wp","href":"https:\/\/api.w.org\/{rel}","templated":true}]}}