{"id":17294,"date":"2023-03-24T10:54:39","date_gmt":"2023-03-24T09:54:39","guid":{"rendered":"https:\/\/www.greenpeace.org\/italy\/?p=17294"},"modified":"2023-03-29T12:00:13","modified_gmt":"2023-03-29T10:00:13","slug":"in-italia-e-allerta-pfas-sostanze-chimiche-pericolose-per-la-salute-che-vanno-vietate","status":"publish","type":"post","link":"https:\/\/www.greenpeace.org\/italy\/storia\/17294\/in-italia-e-allerta-pfas-sostanze-chimiche-pericolose-per-la-salute-che-vanno-vietate\/","title":{"rendered":"In Italia \u00e8 allerta PFAS, sostanze chimiche pericolose per la salute che vanno vietate!"},"content":{"rendered":"\n<p><strong>In pochissimi ne parlano eppure la salute di tante persone in Italia \u00e8 a rischio a causa dei PFAS, sostanze chimiche sversate nell&#8217;ambiente e ritrovate ormai ovunque.<\/strong> Lo sapevi che siamo tra i Paesi pi\u00f9 colpiti dalla contaminazione da PFAS, sostanze pericolose per la salute di tutti noi?<\/p>\n\n<figure class=\"wp-block-image size-large\"><a href=\"https:\/\/attivati.greenpeace.it\/petizioni\/zero-pfas\/?utm_source=greenpeace.org&amp;utm_medium=news&amp;utm_campaign=pfas&amp;utm_content=blog-pfas-lancio\" target=\"_blank\" rel=\"noreferrer noopener\"><img loading=\"lazy\" decoding=\"async\" width=\"1024\" height=\"683\" src=\"https:\/\/www.greenpeace.org\/static\/planet4-italy-stateless\/2023\/03\/1ff7965f-pfas-header-1-1024x683.jpg\" alt=\"\" class=\"wp-image-17295\" srcset=\"https:\/\/www.greenpeace.org\/static\/planet4-italy-stateless\/2023\/03\/1ff7965f-pfas-header-1-1024x683.jpg 1024w, https:\/\/www.greenpeace.org\/static\/planet4-italy-stateless\/2023\/03\/1ff7965f-pfas-header-1-300x200.jpg 300w, https:\/\/www.greenpeace.org\/static\/planet4-italy-stateless\/2023\/03\/1ff7965f-pfas-header-1-768x512.jpg 768w, https:\/\/www.greenpeace.org\/static\/planet4-italy-stateless\/2023\/03\/1ff7965f-pfas-header-1-1536x1024.jpg 1536w, https:\/\/www.greenpeace.org\/static\/planet4-italy-stateless\/2023\/03\/1ff7965f-pfas-header-1-2048x1366.jpg 2048w, https:\/\/www.greenpeace.org\/static\/planet4-italy-stateless\/2023\/03\/1ff7965f-pfas-header-1-510x340.jpg 510w\" sizes=\"auto, (max-width: 1024px) 100vw, 1024px\" \/><\/a><\/figure>\n\n<p><strong>I PFAS sono un gruppo di migliaia di sostanze chimiche di sintesi prodotte dalle industrie, ancora oggi ampiamente usate, anche perch\u00e9 in Italia non esiste una legge che ne vieti la produzione e l&#8217;utilizzo.<\/strong><\/p>\n\n<p class=\"has-text-align-center\"><strong>Chiedi al Governo Italiano la messa al bando dei PFAS<\/strong><\/p>\n\n<div class=\"wp-block-buttons is-layout-flex wp-block-buttons-is-layout-flex\">\n<div class=\"wp-block-button has-custom-width wp-block-button__width-100\"><a class=\"wp-block-button__link has-green-500-background-color has-background wp-element-button\" href=\"https:\/\/attivati.greenpeace.it\/petizioni\/zero-pfas\/?utm_source=greenpeace.org&amp;utm_medium=news&amp;utm_campaign=pfas&amp;utm_content=blog-pfas-lancio\" target=\"_blank\" rel=\"noreferrer noopener\">FIRMA ORA LA PETIZIONE<\/a><\/div>\n<\/div>\n\n<p>Introdotti sul mercato globale nel secolo scorso, hanno trovato ampia applicazione perch\u00e9 idrorepellenti, stabili e resistenti alle alte temperature. Una volta dispersi in natura, possono rimanere nell\u2019ambiente per tantissimo tempo tant\u2019\u00e8 che <strong>vengono definiti \u201cinquinanti eterni\u201d<\/strong>. Le industrie, in assenza di un divieto, continuano a produrre queste sostanze e tante altre aziende le utilizzano, ad esempio, in vestiti, cosmetici, imballaggi degli alimenti.<\/p>\n\n<p><strong>Dopo la produzione e l\u2019uso possono finire ovunque in natura e, tramite acqua e cibo, anche sulle nostre tavole.<\/strong> Per questo abbiamo lanciato una nuova campagna per chiedere una legge che vieti subito l\u2019uso e la produzione di tutti i PFAS. <strong><span style=\"text-decoration: underline;\"><a href=\"https:\/\/attivati.greenpeace.it\/petizioni\/zero-pfas\/?utm_source=greenpeace.org&amp;utm_medium=news&amp;utm_campaign=pfas&amp;utm_content=blog-pfas-lancio\" target=\"_blank\" rel=\"noreferrer noopener\">Unisciti a noi!<\/a><\/span><\/strong><\/p>\n\n<p><strong>Oggi i bambini possono nascere con una traccia indelebile: i PFAS nel loro sangue.<\/strong> Nel corpo umano queste sostanze sono state trovate nel sangue, nelle urine, nella placenta, nel cordone ombelicale e&nbsp;persino nel latte materno. <strong>Purtroppo sono associate a una serie di effetti negativi sulla salute, a partire da alcune forme tumorali come il cancro al rene e ai testicoli<\/strong>, fino a problemi alla tiroide, all\u2019obesit\u00e0, a elevati livelli di colesterolo, a danni al fegato e al sistema immunitario, alla riduzione del peso alla nascita dei neonati, per arrivare a un impatto negativo sulla fertilit\u00e0<strong>.<\/strong> <strong>Sono le persone fragili, i bambini e le donne incinte a pagare il prezzo pi\u00f9 alto.<\/strong><\/p>\n\n<p><strong>Dal 2016 siamo al fianco della popolazione veneta colpita dalla contaminazione da PFAS<\/strong>, ma oggi numerose evidenze dimostrano chiaramente che il Veneto \u00e8 solo la punta dell\u2019iceberg! <strong>Il problema \u00e8 di portata nazionale, ma in Italia purtroppo manca un divieto per i PFAS che tuteli salute e ambiente.<\/strong> Proprio per questo le aziende continuano a produrli e utilizzarli, continuando, impunemente, a inquinare e a mettere a rischio la nostra salute e quella delle future generazioni.<\/p>\n\n<figure class=\"wp-block-image size-large\"><a href=\"https:\/\/attivati.greenpeace.it\/petizioni\/zero-pfas\/?utm_source=greenpeace.org&amp;utm_medium=news&amp;utm_campaign=pfas&amp;utm_content=blog-pfas-lancio\" target=\"_blank\" rel=\"noreferrer noopener\"><img loading=\"lazy\" decoding=\"async\" width=\"1024\" height=\"683\" src=\"https:\/\/www.greenpeace.org\/static\/planet4-italy-stateless\/2023\/03\/2aec6452-pfas-campionamento-1-1024x683.jpg\" alt=\"\" class=\"wp-image-17301\" srcset=\"https:\/\/www.greenpeace.org\/static\/planet4-italy-stateless\/2023\/03\/2aec6452-pfas-campionamento-1-1024x683.jpg 1024w, https:\/\/www.greenpeace.org\/static\/planet4-italy-stateless\/2023\/03\/2aec6452-pfas-campionamento-1-300x200.jpg 300w, https:\/\/www.greenpeace.org\/static\/planet4-italy-stateless\/2023\/03\/2aec6452-pfas-campionamento-1-768x512.jpg 768w, https:\/\/www.greenpeace.org\/static\/planet4-italy-stateless\/2023\/03\/2aec6452-pfas-campionamento-1-1536x1024.jpg 1536w, https:\/\/www.greenpeace.org\/static\/planet4-italy-stateless\/2023\/03\/2aec6452-pfas-campionamento-1-2048x1366.jpg 2048w, https:\/\/www.greenpeace.org\/static\/planet4-italy-stateless\/2023\/03\/2aec6452-pfas-campionamento-1-510x340.jpg 510w\" sizes=\"auto, (max-width: 1024px) 100vw, 1024px\" \/><\/a><\/figure>\n\n<p><strong>Nei mesi scorsi Germania, Paesi Bassi, Svezia, Danimarca e Norvegia hanno chiesto ufficialmente all\u2019Europa di vietare l\u2019uso e la produzione di queste sostanze.<\/strong> E l\u2019Italia? Nonostante il nostro Paese sia teatro del pi\u00f9 grave caso di contaminazione nel continente europeo (In Veneto), il governo continua a non intervenire nel modo giusto, abbandonando la popolazione agli effetti dell\u2019inquinamento da PFAS.<\/p>\n\n<p><strong>\u00c8 il momento che la politica smetta di tutelare i soli interessi di aziende inquinanti e senza scrupoli. <\/strong>Proprio per questo chiediamo al governo di varare subito una legge che introduca il divieto dell\u2019uso e della produzione dei PFAS in tutta Italia, <strong><span style=\"text-decoration: underline;\"><a href=\"https:\/\/attivati.greenpeace.it\/petizioni\/zero-pfas\/?utm_source=greenpeace.org&amp;utm_medium=news&amp;utm_campaign=pfas&amp;utm_content=blog-pfas-lancio\" target=\"_blank\" rel=\"noreferrer noopener\">aiutaci anche tu.<\/a><\/span><\/strong><\/p>\n\n<p><strong>Firmare \u00e8 importante. <\/strong>Grazie ad una grande mobilitazione, nel 2017 siamo riusciti ad ottenere l\u2019introduzione in Veneto di limiti per la presenza di PFAS nell\u2019acqua potabile e la pubblicazione periodica dei dati sulla presenza di queste sostanze negli acquedotti dell\u2019area pi\u00f9 contaminata. Oggi per\u00f2 \u00e8 urgente un cambio di passo, <strong><span style=\"text-decoration: underline;\"><a href=\"https:\/\/attivati.greenpeace.it\/petizioni\/zero-pfas\/?utm_source=greenpeace.org&amp;utm_medium=news&amp;utm_campaign=pfas&amp;utm_content=blog-pfas-lancio\" target=\"_blank\" rel=\"noreferrer noopener\">fai sentire la tua voce al governo Italiano per chiedere un provvedimento nazionale che vieti l\u2019uso e la produzione di tutti i PFAS.<\/a><\/span><\/strong><\/p>\n\n<figure class=\"wp-block-image size-large\"><a href=\"https:\/\/attivati.greenpeace.it\/petizioni\/zero-pfas\/?utm_source=greenpeace.org&amp;utm_medium=news&amp;utm_campaign=pfas&amp;utm_content=blog-pfas-lancio\" target=\"_blank\" rel=\"noreferrer noopener\"><img loading=\"lazy\" decoding=\"async\" width=\"1024\" height=\"683\" src=\"https:\/\/www.greenpeace.org\/static\/planet4-italy-stateless\/2023\/03\/2f1f1dc8-gp0strchu_medium_res-1024x683.jpg\" alt=\"\" class=\"wp-image-17304\" srcset=\"https:\/\/www.greenpeace.org\/static\/planet4-italy-stateless\/2023\/03\/2f1f1dc8-gp0strchu_medium_res-1024x683.jpg 1024w, https:\/\/www.greenpeace.org\/static\/planet4-italy-stateless\/2023\/03\/2f1f1dc8-gp0strchu_medium_res-300x200.jpg 300w, https:\/\/www.greenpeace.org\/static\/planet4-italy-stateless\/2023\/03\/2f1f1dc8-gp0strchu_medium_res-768x512.jpg 768w, https:\/\/www.greenpeace.org\/static\/planet4-italy-stateless\/2023\/03\/2f1f1dc8-gp0strchu_medium_res-510x340.jpg 510w, https:\/\/www.greenpeace.org\/static\/planet4-italy-stateless\/2023\/03\/2f1f1dc8-gp0strchu_medium_res.jpg 1200w\" sizes=\"auto, (max-width: 1024px) 100vw, 1024px\" \/><\/a><\/figure>\n\n<p>Nessuno deve essere lasciato indietro, l\u2019ambiente e tutta la popolazione italiana deve essere protetta e tutelata dai PFAS. Non c\u2019\u00e8 altro tempo da perdere!<\/p>\n\n<p class=\"has-text-align-center\"><strong>Chiedi al Governo Italiano la messa al bando dei PFAS<\/strong><\/p>\n\n<div class=\"wp-block-buttons is-layout-flex wp-block-buttons-is-layout-flex\">\n<div class=\"wp-block-button has-custom-width wp-block-button__width-100\"><a class=\"wp-block-button__link has-green-500-background-color has-background wp-element-button\" href=\"https:\/\/attivati.greenpeace.it\/petizioni\/zero-pfas\/?utm_source=greenpeace.org&amp;utm_medium=news&amp;utm_campaign=pfas&amp;utm_content=blog-pfas-lancio\" target=\"_blank\" rel=\"noreferrer noopener\">FIRMA ORA LA PETIZIONE<\/a><\/div>\n<\/div>\n","protected":false},"excerpt":{"rendered":"<p>In pochissimi ne parlano eppure la nostra salute \u00e8 in pericolo a causa dei PFAS, sostanze chimiche sversate nell&#8217;ambiente e ritrovate ormai ovunque.<\/p>\n","protected":false},"author":23,"featured_media":17295,"comment_status":"closed","ping_status":"open","sticky":true,"template":"","format":"standard","meta":{"ep_exclude_from_search":false,"p4_og_title":"In Italia \u00e8 allerta PFAS, sostanze chimiche pericolose per la salute che vanno vietate!","p4_og_description":"In pochissimi ne parlano eppure la nostra salute \u00e8 in pericolo a causa dei PFAS, sostanze chimiche sversate nell'ambiente e ritrovate ormai ovunque.","p4_og_image":"https:\/\/www.greenpeace.org\/static\/planet4-italy-stateless\/2023\/03\/f788772b-pfas-allerta-wa-sh.jpg","p4_og_image_id":"17296","p4_seo_canonical_url":"","p4_campaign_name":"","p4_local_project":"","p4_basket_name":"","p4_department":"","footnotes":""},"categories":[20],"tags":[43,21],"p4-page-type":[19],"class_list":["post-17294","post","type-post","status-publish","format-standard","has-post-thumbnail","hentry","category-denuncia","tag-pfas","tag-inquinamento","p4-page-type-storia"],"_links":{"self":[{"href":"https:\/\/www.greenpeace.org\/italy\/wp-json\/wp\/v2\/posts\/17294","targetHints":{"allow":["GET"]}}],"collection":[{"href":"https:\/\/www.greenpeace.org\/italy\/wp-json\/wp\/v2\/posts"}],"about":[{"href":"https:\/\/www.greenpeace.org\/italy\/wp-json\/wp\/v2\/types\/post"}],"author":[{"embeddable":true,"href":"https:\/\/www.greenpeace.org\/italy\/wp-json\/wp\/v2\/users\/23"}],"replies":[{"embeddable":true,"href":"https:\/\/www.greenpeace.org\/italy\/wp-json\/wp\/v2\/comments?post=17294"}],"version-history":[{"count":13,"href":"https:\/\/www.greenpeace.org\/italy\/wp-json\/wp\/v2\/posts\/17294\/revisions"}],"predecessor-version":[{"id":17341,"href":"https:\/\/www.greenpeace.org\/italy\/wp-json\/wp\/v2\/posts\/17294\/revisions\/17341"}],"wp:featuredmedia":[{"embeddable":true,"href":"https:\/\/www.greenpeace.org\/italy\/wp-json\/wp\/v2\/media\/17295"}],"wp:attachment":[{"href":"https:\/\/www.greenpeace.org\/italy\/wp-json\/wp\/v2\/media?parent=17294"}],"wp:term":[{"taxonomy":"category","embeddable":true,"href":"https:\/\/www.greenpeace.org\/italy\/wp-json\/wp\/v2\/categories?post=17294"},{"taxonomy":"post_tag","embeddable":true,"href":"https:\/\/www.greenpeace.org\/italy\/wp-json\/wp\/v2\/tags?post=17294"},{"taxonomy":"p4-page-type","embeddable":true,"href":"https:\/\/www.greenpeace.org\/italy\/wp-json\/wp\/v2\/p4-page-type?post=17294"}],"curies":[{"name":"wp","href":"https:\/\/api.w.org\/{rel}","templated":true}]}}