{"id":17385,"date":"2023-03-29T17:26:00","date_gmt":"2023-03-29T15:26:00","guid":{"rendered":"https:\/\/www.greenpeace.org\/italy\/?p=17385"},"modified":"2023-03-30T16:31:35","modified_gmt":"2023-03-30T14:31:35","slug":"anziane-per-il-clima-per-la-prima-volta-la-corte-europea-per-i-diritti-delluomo-cedu-si-occupa-di-una-causa-climatica","status":"publish","type":"post","link":"https:\/\/www.greenpeace.org\/italy\/comunicato-stampa\/17385\/anziane-per-il-clima-per-la-prima-volta-la-corte-europea-per-i-diritti-delluomo-cedu-si-occupa-di-una-causa-climatica\/","title":{"rendered":"Anziane per il clima, per la prima volta la Corte europea per i diritti dell\u2019uomo (CEDU) si occupa di una causa climatica"},"content":{"rendered":"\n<p>Si \u00e8 svolta questa mattina a Strasburgo, in Francia, la prima audizione pubblica mai tenuta dalla Corte europea per i diritti dell\u2019uomo (CEDU) in relazione a una causa climatica. A dare avvio al procedimento \u00e8 stato il ricorso presentato dall\u2019associazione elvetica Senior Women for Climate Protection Switzerland (Anziane per il clima Svizzera) e da altri singoli querelanti, supportati da Greenpeace Svizzera. Le ricorrenti chiedono alla Corte di obbligare la Svizzera a intervenire a tutela dei loro diritti umani, e di adottare i provvedimenti legislativi e amministrativi necessari per contribuire a scongiurare un aumento della temperatura media globale oltre 1,5\u00b0C, applicando obiettivi concreti di riduzione delle emissioni.<\/p>\n\n<p>Il caso (<em>Verein KlimaSeniorinnen Schweiz and Others v. Switzerland<\/em>, Application no. 53600\/20) costituir\u00e0 un precedente per tutti i 46 Stati del Consiglio d&#8217;Europa e decider\u00e0 se e in che misura un Paese come la Svizzera debba ridurre le proprie emissioni di gas serra in modo pi\u00f9 rigoroso per tutelare i diritti umani. Le oltre duemila persone che afferiscono all\u2019associazione Senior Women for Climate Protection Switzerland si erano rivolte alla CEDU nel 2020 perch\u00e9 la loro salute e la loro vita sono minacciate dalle ondate di calore alimentate dai cambiamenti climatici. La Corte europea dei diritti dell&#8217;uomo ha dato priorit\u00e0 al caso, esaminato dalla Grande Camera con 17 giudici. Nell\u2019ambito di questo procedimento, come terza parte anche l\u2019Italia tramite l\u2019Avvocatura generale dello Stato<a href=\"https:\/\/www.klimaseniorinnen.ch\/wp-content\/uploads\/2023\/01\/53600_20_GC_OBS_G3_Italy_05_12_22.pdf\" target=\"_blank\" rel=\"noreferrer noopener\"> ha presentato una propria memoria<\/a>, per supportare la posizione della Svizzera.<\/p>\n\n<p>\u00abLe donne anziane sono estremamente vulnerabili agli effetti del caldo estremo. Esistono prove sostanziali che dimostrano come esse corrano un rischio significativo di morte e di cattiva salute a causa di questo fattore. Di conseguenza, i danni e i rischi causati dal cambiamento climatico sono sufficienti a coinvolgere gli obblighi positivi dello Stato di proteggere il loro diritto alla vita, alla salute e al benessere, come garantito dagli articoli 2 e 8 della Convenzione europea dei diritti dell&#8217;uomo\u00bb, dichiara Cordelia B\u00e4hr, avvocato delle Anziane per il clima Svizzera.<\/p>\n\n<p>La denuncia delle Senior Women for Climate Protection Switzerland \u00e8 una delle tre cause sui cambiamenti climatici attualmente pendenti davanti alla Grande Camera della CEDU. Le altre due riguardano rispettivamente la vicenda (<em>Car\u00eame contro Francia<\/em>, caso n. 7189\/21) di un residente, nonch\u00e9 ex sindaco, del paese transalpino Grande-Synthe, il quale sostiene che la Francia ha adottato misure insufficienti per prevenire il cambiamento climatico, e il caso di un gruppo di giovani portoghesi (<em>Duarte Agostinho e altri c. Portogallo e altri<\/em>, caso n. 39371\/20) in merito agli effetti climalteranti delle emissioni a effetto serra di 32 stati membri dell\u2019Unione.<\/p>\n\n<p>Sulla base di questi tre casi, si prevede che la Grande Camera della Corte europea dei diritti dell&#8217;uomo definisca se e in che misura gli Stati violino i diritti umani non riuscendo a mitigare gli impatti della crisi climatica. Ci\u00f2 avr\u00e0 conseguenze di vasta portata. La sentenza, attesa non prima della fine del 2023, costituir\u00e0 infatti un precedente vincolante per tutti gli Stati membri del Consiglio d&#8217;Europa.<\/p>\n","protected":false},"excerpt":{"rendered":"<p>Si \u00e8 svolta questa mattina a Strasburgo, in Francia, la prima audizione pubblica mai tenuta dalla Corte europea per i diritti dell\u2019uomo (CEDU) in relazione a una causa climatica. <\/p>\n","protected":false},"author":33,"featured_media":17386,"comment_status":"closed","ping_status":"open","sticky":false,"template":"","format":"standard","meta":{"ep_exclude_from_search":false,"p4_og_title":"","p4_og_description":"","p4_og_image":"","p4_og_image_id":"","p4_seo_canonical_url":"","p4_campaign_name":"","p4_local_project":"","p4_basket_name":"","p4_department":"","footnotes":""},"categories":[17,24],"tags":[29,31],"p4-page-type":[23],"class_list":["post-17385","post","type-post","status-publish","format-standard","has-post-thumbnail","hentry","category-proteggi","category-scegli","tag-clima","tag-volontariato","p4-page-type-comunicato-stampa"],"_links":{"self":[{"href":"https:\/\/www.greenpeace.org\/italy\/wp-json\/wp\/v2\/posts\/17385","targetHints":{"allow":["GET"]}}],"collection":[{"href":"https:\/\/www.greenpeace.org\/italy\/wp-json\/wp\/v2\/posts"}],"about":[{"href":"https:\/\/www.greenpeace.org\/italy\/wp-json\/wp\/v2\/types\/post"}],"author":[{"embeddable":true,"href":"https:\/\/www.greenpeace.org\/italy\/wp-json\/wp\/v2\/users\/33"}],"replies":[{"embeddable":true,"href":"https:\/\/www.greenpeace.org\/italy\/wp-json\/wp\/v2\/comments?post=17385"}],"version-history":[{"count":1,"href":"https:\/\/www.greenpeace.org\/italy\/wp-json\/wp\/v2\/posts\/17385\/revisions"}],"predecessor-version":[{"id":17387,"href":"https:\/\/www.greenpeace.org\/italy\/wp-json\/wp\/v2\/posts\/17385\/revisions\/17387"}],"wp:featuredmedia":[{"embeddable":true,"href":"https:\/\/www.greenpeace.org\/italy\/wp-json\/wp\/v2\/media\/17386"}],"wp:attachment":[{"href":"https:\/\/www.greenpeace.org\/italy\/wp-json\/wp\/v2\/media?parent=17385"}],"wp:term":[{"taxonomy":"category","embeddable":true,"href":"https:\/\/www.greenpeace.org\/italy\/wp-json\/wp\/v2\/categories?post=17385"},{"taxonomy":"post_tag","embeddable":true,"href":"https:\/\/www.greenpeace.org\/italy\/wp-json\/wp\/v2\/tags?post=17385"},{"taxonomy":"p4-page-type","embeddable":true,"href":"https:\/\/www.greenpeace.org\/italy\/wp-json\/wp\/v2\/p4-page-type?post=17385"}],"curies":[{"name":"wp","href":"https:\/\/api.w.org\/{rel}","templated":true}]}}