{"id":17743,"date":"2023-05-09T11:57:02","date_gmt":"2023-05-09T09:57:02","guid":{"rendered":"https:\/\/www.greenpeace.org\/italy\/?p=17743"},"modified":"2025-07-02T09:26:13","modified_gmt":"2025-07-02T07:26:13","slug":"causa-civile-contro-eni-presentata-da-greenpeace-italia-recommon-e-12-cittadine-e-cittadini-italiani-loperato-della-societa-peggiora-la-crisi-climatica-e-viola-i-diritti-umani","status":"publish","type":"post","link":"https:\/\/www.greenpeace.org\/italy\/comunicato-stampa\/17743\/causa-civile-contro-eni-presentata-da-greenpeace-italia-recommon-e-12-cittadine-e-cittadini-italiani-loperato-della-societa-peggiora-la-crisi-climatica-e-viola-i-diritti-umani\/","title":{"rendered":"Causa civile contro ENI presentata da Greenpeace Italia, ReCommon e 12 cittadine e cittadini italiani: \u00abL\u2019operato della societ\u00e0 peggiora la crisi climatica e viola i diritti umani\u00bb"},"content":{"rendered":"\n<p><strong>Greenpeace Italia, ReCommon e dodici tra cittadine e cittadini italiani hanno notificato a ENI S.p.A. un atto di citazione per l\u2019apertura di una causa civile nei confronti della societ\u00e0<\/strong>, del Ministero dell\u2019Economia e delle Finanze e di Cassa Depositi e Prestiti S.p.A. (queste ultime due realt\u00e0 in qualit\u00e0 di azionisti che esercitano un\u2019influenza dominante sulla societ\u00e0) per i danni subiti e futuri, in sede patrimoniale e non, derivanti dai cambiamenti climatici a cui ENI ha significativamente contribuito con la sua condotta negli ultimi decenni, pur essendone consapevole.<\/p>\n\n<p>Le due organizzazioni e le cittadine e i cittadini coinvolti nella causa &#8211; provenienti da aree gi\u00e0 colpite dagli impatti dei cambiamenti climatici, come l\u2019erosione costiera dovuta all\u2019innalzamento del livello del mare, la siccit\u00e0, la fusione dei ghiacciai &#8211; <strong>chiederanno al Tribunale di Roma l\u2019accertamento del danno e della violazione dei loro diritti umani alla vita, alla salute e a una vita familiare indisturbata. <\/strong>Gli attori che hanno intentato la causa chiedono inoltre che ENI sia obbligata a rivedere la propria strategia industriale per ridurre le emissioni derivanti dalle sue attivit\u00e0 di almeno il 45% entro il 2030 rispetto ai livelli del 2020, come indicato dalla comunit\u00e0 scientifica internazionale per mantenere l\u2019aumento medio della temperatura globale entro 1,5 gradi Centigradi secondo il dettato dell\u2019Accordo di Parigi sul clima. Viene infine chiesta la condanna del Ministero dell\u2019Economia e delle Finanze, azionista influente di ENI, ad adottare una politica climatica che guidi la sua partecipazione nella societ\u00e0 in linea con l\u2019Accordo di Parigi.\u00a0<\/p>\n\n<p><strong>Le due associazioni e gli attori coinvolti valutano che l\u2019attuale strategia di decarbonizzazione di ENI sia palesemente in violazione degli impegni presi in sede internazionale dal governo italiano e dalla stessa societ\u00e0.<\/strong> Ritengono inoltre inaccettabile che, a fronte di extra profitti record realizzati nel 2022, ENI continui a investire nell\u2019espansione del suo business fossile, a danno del clima e delle comunit\u00e0 locali che in tutto il mondo subiscono gli impatti del riscaldamento globale. La conferma di Claudio Descalzi al vertice della societ\u00e0 da parte del Ministero dell\u2019Economia e delle Finanze, avallata dall\u2019intero governo, rende inoltre quest\u2019ultimo complice di scelte che aggravano la crisi climatica.\u00a0<\/p>\n\n<p>\u00ab<em>Faccio causa a ENI e alle realt\u00e0 statali che la controllano perch\u00e9 le loro strategie non rispettano gli accordi di Parigi in termini di emissioni di CO<sub>2<\/sub><\/em>\u00bb, dichiara <strong>Vanni<\/strong>, uno dei cittadini che ha fatto partire la causa civile nei confronti di ENI insieme a Greenpeace Italia e ReCommon. \u00ab<em>L\u2019operato di ENI contribuisce ad aggravare notevolmente la crisi climatica, con conseguenze sempre peggiori per me e per il mio territorio, il Polesine. Nei pressi del Delta del Po, il mare avanzer\u00e0 sempre di pi\u00f9 nelle nostre terre, e con la risalita del cuneo salino rischiamo di trovarci a vivere in un vero e proprio deserto o di essere costretti abbandonare la nostra casa e la nostra terra<\/em>\u00bb.<\/p>\n\n<p>\u00abLa Regione in cui vivo, il Piemonte, subisce gi\u00e0 oggi gli effetti di una drammatica siccit\u00e0, come dimostra il bassissimo livello delle precipitazioni registrato quest\u2019inverno\u00bb, racconta invece Rachele. \u00abUn problema che probabilmente si aggraver\u00e0 in futuro. Ecco perch\u00e9 ho deciso di partecipare a questa azione legale in qualit\u00e0 di parte lesa. Non ritengo giusto che il principale fornitore di energia italiano, di cui lo Stato tra l\u2019altro \u00e8 il maggiore azionista, possa portare avanti anno dopo anno un programma di investimenti che va contro gli obiettivi fissati dall\u2019ultimo rapporto dell\u2019IPCC, massima autorit\u00e0 scientifica globale in fatto di cambiamenti climatici\u00bb.<\/p>\n\n<p>#LaGiustaCausa &#8211; questo il nome della campagna che promuove l\u2019iniziativa legale contro ENI, la prima del suo genere contro una societ\u00e0 di diritto privato in Italia &#8211; si inserisce nel novero delle cosiddette <em>climate litigation<\/em>, azioni di contenzioso climatico il cui numero complessivo, a livello globale, \u00e8 pi\u00f9 che raddoppiato dal 2015 a oggi, portando il totale di cause a oltre duemila. Tra queste, spicca l\u2019azione legale promossa da Friends of the Earth Netherlands (Milieudefensie), insieme a Greenpeace Netherlands, altre organizzazioni e 17.379 singoli co-ricorrenti, che nel maggio 2021 ha indotto un tribunale dei Paesi Bassi a stabilire che Shell \u00e8 responsabile di aver danneggiato il clima del Pianeta, imponendo alla compagnia britannica di ridurre le proprie emissioni di carbonio. La sentenza \u00e8 stata appellata da Shell.<\/p>\n\n<p>Leggi il media briefing <a href=\"https:\/\/www.greenpeace.org\/italy\/?p=17711\" rel=\"noreferrer noopener\" target=\"_blank\">QUI<\/a>.<\/p>\n","protected":false},"excerpt":{"rendered":"<p>Notificato a ENI S.p.A. un atto di citazione per l\u2019apertura di una causa civile nei confronti della societ\u00e0, del Ministero dell\u2019Economia e delle Finanze e di Cassa Depositi e Prestiti S.p.A. per i danni subiti e futuri, in sede patrimoniale e non, derivanti dai cambiamenti climatici a cui ENI ha significativamente contribuito.<\/p>\n","protected":false},"author":33,"featured_media":17710,"comment_status":"closed","ping_status":"open","sticky":false,"template":"","format":"standard","meta":{"ep_exclude_from_search":false,"p4_og_title":"","p4_og_description":"","p4_og_image":"","p4_og_image_id":"","p4_seo_canonical_url":"","p4_campaign_name":"","p4_local_project":"","p4_basket_name":"","p4_department":"","footnotes":""},"categories":[20],"tags":[32,44,29],"p4-page-type":[23],"class_list":["post-17743","post","type-post","status-publish","format-standard","has-post-thumbnail","hentry","category-denuncia","tag-energia","tag-lagiustacausa","tag-clima","p4-page-type-comunicato-stampa"],"_links":{"self":[{"href":"https:\/\/www.greenpeace.org\/italy\/wp-json\/wp\/v2\/posts\/17743","targetHints":{"allow":["GET"]}}],"collection":[{"href":"https:\/\/www.greenpeace.org\/italy\/wp-json\/wp\/v2\/posts"}],"about":[{"href":"https:\/\/www.greenpeace.org\/italy\/wp-json\/wp\/v2\/types\/post"}],"author":[{"embeddable":true,"href":"https:\/\/www.greenpeace.org\/italy\/wp-json\/wp\/v2\/users\/33"}],"replies":[{"embeddable":true,"href":"https:\/\/www.greenpeace.org\/italy\/wp-json\/wp\/v2\/comments?post=17743"}],"version-history":[{"count":4,"href":"https:\/\/www.greenpeace.org\/italy\/wp-json\/wp\/v2\/posts\/17743\/revisions"}],"predecessor-version":[{"id":28139,"href":"https:\/\/www.greenpeace.org\/italy\/wp-json\/wp\/v2\/posts\/17743\/revisions\/28139"}],"wp:featuredmedia":[{"embeddable":true,"href":"https:\/\/www.greenpeace.org\/italy\/wp-json\/wp\/v2\/media\/17710"}],"wp:attachment":[{"href":"https:\/\/www.greenpeace.org\/italy\/wp-json\/wp\/v2\/media?parent=17743"}],"wp:term":[{"taxonomy":"category","embeddable":true,"href":"https:\/\/www.greenpeace.org\/italy\/wp-json\/wp\/v2\/categories?post=17743"},{"taxonomy":"post_tag","embeddable":true,"href":"https:\/\/www.greenpeace.org\/italy\/wp-json\/wp\/v2\/tags?post=17743"},{"taxonomy":"p4-page-type","embeddable":true,"href":"https:\/\/www.greenpeace.org\/italy\/wp-json\/wp\/v2\/p4-page-type?post=17743"}],"curies":[{"name":"wp","href":"https:\/\/api.w.org\/{rel}","templated":true}]}}