{"id":18441,"date":"2023-07-19T13:33:18","date_gmt":"2023-07-19T11:33:18","guid":{"rendered":"https:\/\/www.greenpeace.org\/italy\/?p=18441"},"modified":"2023-07-19T13:36:48","modified_gmt":"2023-07-19T11:36:48","slug":"in-ricordo-di-andrea-purgatori-ex-presidente-di-greenpeace-italia","status":"publish","type":"post","link":"https:\/\/www.greenpeace.org\/italy\/storia\/18441\/in-ricordo-di-andrea-purgatori-ex-presidente-di-greenpeace-italia\/","title":{"rendered":"In ricordo di Andrea Purgatori, ex-presidente di Greenpeace Italia"},"content":{"rendered":"\n<figure class=\"wp-block-image size-full\"><img loading=\"lazy\" decoding=\"async\" width=\"940\" height=\"788\" src=\"https:\/\/www.greenpeace.org\/static\/planet4-italy-stateless\/2023\/07\/17c84638-progetto-senza-titolo-7.jpg\" alt=\"\" class=\"wp-image-18447\" srcset=\"https:\/\/www.greenpeace.org\/static\/planet4-italy-stateless\/2023\/07\/17c84638-progetto-senza-titolo-7.jpg 940w, https:\/\/www.greenpeace.org\/static\/planet4-italy-stateless\/2023\/07\/17c84638-progetto-senza-titolo-7-300x251.jpg 300w, https:\/\/www.greenpeace.org\/static\/planet4-italy-stateless\/2023\/07\/17c84638-progetto-senza-titolo-7-768x644.jpg 768w, https:\/\/www.greenpeace.org\/static\/planet4-italy-stateless\/2023\/07\/17c84638-progetto-senza-titolo-7-406x340.jpg 406w\" sizes=\"auto, (max-width: 940px) 100vw, 940px\" \/><\/figure>\n\n<p>Questa mattina, a Roma, <strong>\u00e8 scomparso improvvisamente Andrea Purgatori, giornalista di razza, autore di importanti inchieste sui segreti italiani e per diversi anni presidente di Greenpeace Italia<\/strong>. Purgatori si era imposto alla cronaca, ai tempi in cui era al &#8220;Corriere della Sera&#8221;, per la sua investigazione sulla strage di Ustica del 1980, svelando le bugie e le omissioni delle ricostruzioni ufficiali. In quegli anni si era anche occupato di terrorismo, intelligence, criminalit\u00e0, con un&#8217;attenzione verso la ricerca delle fonti e delle verit\u00e0 nascoste che si \u00e8 poi riversata nel lavoro successivo, quando Andrea ha incontrato il mondo del cinema e della televisione. E che ha trovato nella trasmissione &#8220;Atlantide&#8221;, su La7, il suo naturale proseguimento.<\/p>\n\n<p>Andrea era entrato in Greenpeace Italia nel 2005, un periodo difficile e di cambiamenti per l&#8217;organizzazione. <strong>Il suo contributo \u00e8 stato importante sin dall&#8217;inizio per l&#8217;approccio franco e leale, per gli interventi di stimolo per tutti noi.<\/strong> Nel 2014 aveva accettato di diventare presidente e anche grazie al suo impulso Greenpeace aveva introdotto delle innovazioni, aumentando la qualit\u00e0 del proprio lavoro di indagine e di comunicazione.&nbsp;<\/p>\n\n<figure class=\"wp-block-image size-full\"><img loading=\"lazy\" decoding=\"async\" width=\"940\" height=\"788\" src=\"https:\/\/www.greenpeace.org\/static\/planet4-italy-stateless\/2023\/07\/3b433193-img_gp.jpg\" alt=\"\" class=\"wp-image-18449\" srcset=\"https:\/\/www.greenpeace.org\/static\/planet4-italy-stateless\/2023\/07\/3b433193-img_gp.jpg 940w, https:\/\/www.greenpeace.org\/static\/planet4-italy-stateless\/2023\/07\/3b433193-img_gp-300x251.jpg 300w, https:\/\/www.greenpeace.org\/static\/planet4-italy-stateless\/2023\/07\/3b433193-img_gp-768x644.jpg 768w, https:\/\/www.greenpeace.org\/static\/planet4-italy-stateless\/2023\/07\/3b433193-img_gp-406x340.jpg 406w\" sizes=\"auto, (max-width: 940px) 100vw, 940px\" \/><\/figure>\n\n<p>Nel 2016, la partecipazione di Purgatori al Festival del giornalismo di Perugia, in un evento dal titolo molto evocativo (&#8220;<a href=\"https:\/\/www.festivaldelgiornalismo.com\/programme\/2016\/will-investigative-journalism-save-the-planet-and-journalism-itself\" target=\"_blank\" rel=\"noreferrer noopener\">il giornalismo d&#8217;inchiesta salver\u00e0 il mondo (e il giornalismo)?<\/a>&#8220;), aveva preceduto giusto di un anno la creazione dell&#8217;Unit\u00e0 investigativa di Greenpeace Italia, sul modello del progetto &#8220;Unearthed&#8221; di Greenpeace UK.&nbsp;<\/p>\n\n<p><strong>La notizia della sua scomparsa \u00e8 doppiamente triste, anche perch\u00e9 inaspettata, vista l&#8217;enorme vitalit\u00e0 di Andrea e la quantit\u00e0 e qualit\u00e0 dei progetti nei quali era coinvolto<\/strong>.&nbsp;&#8220;<em>La comunit\u00e0 di Greenpeace \u00e8 sconvolta e affranta<\/em>&#8220;, commenta Ivan Novelli, attuale presidente di Greenpeace Italia: &#8220;<em>Andrea Purgatori \u00e8 stato non solo un presidente di grande autorevolezza, ma anche una persona con la quale confrontarsi nei momenti pi\u00f9 delicati della nostra attivit\u00e0. I suoi due mandati tra il 2014 e il 2020 hanno coinciso con una fase di sviluppo importante per Greenpeace Italia. Nel ricordarlo con grande affetto e dolore, ci stringiamo intorno alla famiglia in questo momento drammatico<\/em>&#8220;. Parole ribadite da <strong>Giuseppe Onufrio, direttore esecutivo di Greenpeace Italia<\/strong>: &#8220;<em>La prematura scomparsa di Andrea Purgatori priva tutti noi di un punto di riferimento certo, di un combattente per la verit\u00e0 e di un amico fraterno. Non sar\u00e0 dimenticato<\/em>&#8220;.<\/p>\n","protected":false},"excerpt":{"rendered":"<p>La prematura scomparsa di Andrea Purgatori priva tutti noi di un punto di riferimento, di un combattente per la verit\u00e0 e di un amico fraterno. Non sar\u00e0 dimenticato.<\/p>\n","protected":false},"author":33,"featured_media":18451,"comment_status":"closed","ping_status":"open","sticky":false,"template":"","format":"standard","meta":{"ep_exclude_from_search":false,"p4_og_title":"","p4_og_description":"","p4_og_image":"","p4_og_image_id":"","p4_seo_canonical_url":"","p4_campaign_name":"","p4_local_project":"","p4_basket_name":"","p4_department":"","footnotes":""},"categories":[1],"tags":[],"p4-page-type":[19],"class_list":["post-18441","post","type-post","status-publish","format-standard","has-post-thumbnail","hentry","category-uncategorized","p4-page-type-storia"],"_links":{"self":[{"href":"https:\/\/www.greenpeace.org\/italy\/wp-json\/wp\/v2\/posts\/18441","targetHints":{"allow":["GET"]}}],"collection":[{"href":"https:\/\/www.greenpeace.org\/italy\/wp-json\/wp\/v2\/posts"}],"about":[{"href":"https:\/\/www.greenpeace.org\/italy\/wp-json\/wp\/v2\/types\/post"}],"author":[{"embeddable":true,"href":"https:\/\/www.greenpeace.org\/italy\/wp-json\/wp\/v2\/users\/33"}],"replies":[{"embeddable":true,"href":"https:\/\/www.greenpeace.org\/italy\/wp-json\/wp\/v2\/comments?post=18441"}],"version-history":[{"count":2,"href":"https:\/\/www.greenpeace.org\/italy\/wp-json\/wp\/v2\/posts\/18441\/revisions"}],"predecessor-version":[{"id":18452,"href":"https:\/\/www.greenpeace.org\/italy\/wp-json\/wp\/v2\/posts\/18441\/revisions\/18452"}],"wp:featuredmedia":[{"embeddable":true,"href":"https:\/\/www.greenpeace.org\/italy\/wp-json\/wp\/v2\/media\/18451"}],"wp:attachment":[{"href":"https:\/\/www.greenpeace.org\/italy\/wp-json\/wp\/v2\/media?parent=18441"}],"wp:term":[{"taxonomy":"category","embeddable":true,"href":"https:\/\/www.greenpeace.org\/italy\/wp-json\/wp\/v2\/categories?post=18441"},{"taxonomy":"post_tag","embeddable":true,"href":"https:\/\/www.greenpeace.org\/italy\/wp-json\/wp\/v2\/tags?post=18441"},{"taxonomy":"p4-page-type","embeddable":true,"href":"https:\/\/www.greenpeace.org\/italy\/wp-json\/wp\/v2\/p4-page-type?post=18441"}],"curies":[{"name":"wp","href":"https:\/\/api.w.org\/{rel}","templated":true}]}}