{"id":19580,"date":"2023-12-07T15:20:01","date_gmt":"2023-12-07T14:20:01","guid":{"rendered":"https:\/\/www.greenpeace.org\/italy\/?p=19580"},"modified":"2026-01-22T18:07:02","modified_gmt":"2026-01-22T17:07:02","slug":"animali-rischio-estinzione-quali-sono","status":"publish","type":"post","link":"https:\/\/www.greenpeace.org\/italy\/storia\/19580\/animali-rischio-estinzione-quali-sono\/","title":{"rendered":"Animali a rischio estinzione: quali sono e come puoi aiutarli"},"content":{"rendered":"\n<figure class=\"wp-block-image size-large\"><img loading=\"lazy\" decoding=\"async\" width=\"1024\" height=\"683\" src=\"https:\/\/www.greenpeace.org\/static\/planet4-italy-stateless\/2023\/12\/930b2bbf-gp-natale-23-multisub-2-1200x800px-blog-1024x683.jpg\" alt=\"\" class=\"wp-image-19665\" srcset=\"https:\/\/www.greenpeace.org\/static\/planet4-italy-stateless\/2023\/12\/930b2bbf-gp-natale-23-multisub-2-1200x800px-blog-1024x683.jpg 1024w, https:\/\/www.greenpeace.org\/static\/planet4-italy-stateless\/2023\/12\/930b2bbf-gp-natale-23-multisub-2-1200x800px-blog-300x200.jpg 300w, https:\/\/www.greenpeace.org\/static\/planet4-italy-stateless\/2023\/12\/930b2bbf-gp-natale-23-multisub-2-1200x800px-blog-768x512.jpg 768w, https:\/\/www.greenpeace.org\/static\/planet4-italy-stateless\/2023\/12\/930b2bbf-gp-natale-23-multisub-2-1200x800px-blog-510x340.jpg 510w, https:\/\/www.greenpeace.org\/static\/planet4-italy-stateless\/2023\/12\/930b2bbf-gp-natale-23-multisub-2-1200x800px-blog.jpg 1200w\" sizes=\"auto, (max-width: 1024px) 100vw, 1024px\" \/><\/figure>\n\n<p>Se gli ecosistemi mutano in modo irreversibile, gli animali che li abitano sono destinati a scomparire per sempre. <strong>La tigre di Sumatra, la tartaruga marina, l\u2019orso polare e alcune specie di api solitarie sono il simbolo di un problema che riguarda tantissimi animali che oggi rischiano l\u2019estinzione<\/strong>. \u201cC\u2019era, una volta. La fiaba pi\u00f9 bella \u00e8 che continui a esserci\u201d \u00e8 la campagna di raccolta fondi di Greenpeace che vuole riscrivere il finale delle loro storie.<\/p>\n\n<div class=\"wp-block-buttons is-layout-flex wp-block-buttons-is-layout-flex\">\n<div class=\"wp-block-button has-custom-width wp-block-button__width-100\"><a class=\"wp-block-button__link has-grey-900-color has-action-yellow-500-background-color has-text-color has-background wp-element-button\" href=\"https:\/\/donazione.greenpeace.it\/natale-2025\/~mia-donazione?utm_source=greenpeace.org&amp;utm_medium=news&amp;utm_campaign=donate&amp;utm_content=natale2025\" target=\"_blank\" rel=\"noreferrer noopener\">PROTEGGI GLI ANIMALI A RISCHIO ESTINZIONE<\/a><\/div>\n<\/div>\n\n<div class=\"wp-block-group is-nowrap is-layout-flex wp-container-core-group-is-layout-ad2f72ca wp-block-group-is-layout-flex\"><\/div>\n\n<p><strong>Negli ultimi cinquecento milioni di anni il nostro pianeta ha assistito a cinque estinzioni di massa<\/strong>. Secondo gli scienziati siamo nel mezzo della sesta \u2013 l\u2019estinzione dell\u2019Antropocene \u2013 che si distingue dalle precedenti per un dettaglio cruciale: <strong>il ruolo che gli essere umani hanno avuto nell\u2019innescarla e alimentarla.<\/strong><\/p>\n\n<p><strong>Distruzione degli ecosistemi, politiche agricole scellerate, deforestazione, inquinamento<\/strong>: fin dal XIX secolo, vale a dire in piena Rivoluzione industriale,<strong> <\/strong>le attivit\u00e0 umane hanno iniziato a modificare gli equilibri della natura e messo sempre pi\u00f9 a rischio le specie animali. <strong>Una strage silenziosa che ancora oggi non accenna a fermarsi.<\/strong><\/p>\n\n<h2 class=\"wp-block-heading\">Perch\u00e9 dobbiamo proteggere gli animali in via d\u2019estinzione<\/h2>\n\n<p><strong>Una volta che una specie scompare non c\u2019\u00e8 modo di riportarla indietro<\/strong>. Nessun tasto rewind. E le conseguenze sono disastrose perch\u00e9 <strong>ogni animale ha un ruolo specifico sull\u2019ecosistema che abita. <\/strong>La sua scomparsa pu\u00f2 compromettere per sempre l&#8217;equilibrio di quell\u2019habitat perch\u00e9 <strong>l\u2019estinzione di una specie lascia un ruolo vacante che non sempre un\u2019altra pu\u00f2 colmare <\/strong>(basti pensare ai predatori dai quali dipende il contenimento delle specie animali di cui si nutrono).<\/p>\n\n<p>Ti sar\u00e0 ormai chiaro che la scomparsa di una specie produce un effetto valanga su tutte le altre specie animali e vegetali. <strong>Ma invertire la rotta \u00e8 ancora possibile e tu puoi diventare parte di questo importante cambiamento.<\/strong><\/p>\n\n<div class=\"wp-block-buttons is-layout-flex wp-block-buttons-is-layout-flex\">\n<div class=\"wp-block-button has-custom-width wp-block-button__width-100 is-style-cta\"><a class=\"wp-block-button__link wp-element-button\" href=\"https:\/\/donazione.greenpeace.it\/natale-2025\/~mia-donazione?utm_source=greenpeace.org&amp;utm_medium=news&amp;utm_campaign=donate&amp;utm_content=natale2025\" target=\"_blank\" rel=\"noreferrer noopener\">DIFENDI GLI ANIMALI A RISCHIO ESTINZIONE<\/a><\/div>\n<\/div>\n\n<h2 class=\"wp-block-heading\">Ogni storia ha un protagonista. Tu puoi aiutarci a scrivere il suo lieto fine.<\/h2>\n\n<p><a href=\"#sumatra\">La tigre di Sumatra<\/a><\/p>\n\n<p><a href=\"#marina\" data-type=\"internal\" data-id=\"#marina\">La tartaruga marina<\/a><\/p>\n\n<p><a href=\"#orso\" data-type=\"internal\" data-id=\"#orso\">L\u2019orso polare<\/a><\/p>\n\n<p><a href=\"#api\">Le api solitarie<\/a><\/p>\n\n<div class=\"wp-block-group is-nowrap is-layout-flex wp-container-core-group-is-layout-ad2f72ca wp-block-group-is-layout-flex\"><\/div>\n\n<h3 class=\"wp-block-heading\" id=\"sumatra\">C&#8217;era una volta la tigre di Sumatra<\/h3>\n\n<div class=\"wp-block-group is-layout-constrained wp-block-group-is-layout-constrained\"><div data-hydrate=\"planet4-blocks\/gallery\" data-attributes=\"{&quot;attributes&quot;:{&quot;multiple_image&quot;:&quot;19608,19610,19611&quot;,&quot;gallery_block_focus_points&quot;:&quot;{\\&quot;19288\\&quot;:\\&quot;50% 50%\\&quot;,\\&quot;19296\\&quot;:\\&quot;50% 50%\\&quot;,\\&quot;19298\\&quot;:\\&quot;50% 50%\\&quot;,\\&quot;19299\\&quot;:\\&quot;39% 47%\\&quot;}&quot;,&quot;image_data&quot;:[{&quot;url&quot;:&quot;https:\\\/\\\/www.greenpeace.org\\\/static\\\/planet4-italy-stateless\\\/2023\\\/12\\\/691baa57-1-tigre-sumatra.jpg&quot;,&quot;focalPoint&quot;:{&quot;x&quot;:0.5,&quot;y&quot;:0.5},&quot;id&quot;:19608},{&quot;url&quot;:&quot;https:\\\/\\\/www.greenpeace.org\\\/static\\\/planet4-italy-stateless\\\/2023\\\/12\\\/5bdd4960-2-tigre-sumatra.jpg&quot;,&quot;focalPoint&quot;:{&quot;x&quot;:0.5,&quot;y&quot;:0.5},&quot;id&quot;:19610},{&quot;url&quot;:&quot;https:\\\/\\\/www.greenpeace.org\\\/static\\\/planet4-italy-stateless\\\/2023\\\/12\\\/460d4ddb-3-tigre-sumatra.jpg&quot;,&quot;focalPoint&quot;:{&quot;x&quot;:0.5,&quot;y&quot;:0.5},&quot;id&quot;:19611}],&quot;className&quot;:&quot;is-style-slider&quot;,&quot;gallery_block_style&quot;:0,&quot;gallery_block_title&quot;:&quot;&quot;,&quot;gallery_block_description&quot;:&quot;&quot;,&quot;images&quot;:[{&quot;image_src&quot;:&quot;https:\\\/\\\/www.greenpeace.org\\\/static\\\/planet4-italy-stateless\\\/2023\\\/12\\\/691baa57-1-tigre-sumatra.jpg&quot;,&quot;image_srcset&quot;:&quot;https:\\\/\\\/www.greenpeace.org\\\/static\\\/planet4-italy-stateless\\\/2023\\\/12\\\/691baa57-1-tigre-sumatra.jpg 799w, https:\\\/\\\/www.greenpeace.org\\\/static\\\/planet4-italy-stateless\\\/2023\\\/12\\\/691baa57-1-tigre-sumatra-300x207.jpg 300w, https:\\\/\\\/www.greenpeace.org\\\/static\\\/planet4-italy-stateless\\\/2023\\\/12\\\/691baa57-1-tigre-sumatra-768x531.jpg 768w, https:\\\/\\\/www.greenpeace.org\\\/static\\\/planet4-italy-stateless\\\/2023\\\/12\\\/691baa57-1-tigre-sumatra-492x340.jpg 492w&quot;,&quot;image_sizes&quot;:false,&quot;alt_text&quot;:&quot;&quot;,&quot;caption&quot;:&quot;&quot;,&quot;focus_image&quot;:&quot;&quot;,&quot;credits&quot;:&quot;&quot;},{&quot;image_src&quot;:&quot;https:\\\/\\\/www.greenpeace.org\\\/static\\\/planet4-italy-stateless\\\/2023\\\/12\\\/5bdd4960-2-tigre-sumatra.jpg&quot;,&quot;image_srcset&quot;:&quot;https:\\\/\\\/www.greenpeace.org\\\/static\\\/planet4-italy-stateless\\\/2023\\\/12\\\/5bdd4960-2-tigre-sumatra.jpg 800w, https:\\\/\\\/www.greenpeace.org\\\/static\\\/planet4-italy-stateless\\\/2023\\\/12\\\/5bdd4960-2-tigre-sumatra-300x194.jpg 300w, https:\\\/\\\/www.greenpeace.org\\\/static\\\/planet4-italy-stateless\\\/2023\\\/12\\\/5bdd4960-2-tigre-sumatra-768x495.jpg 768w, https:\\\/\\\/www.greenpeace.org\\\/static\\\/planet4-italy-stateless\\\/2023\\\/12\\\/5bdd4960-2-tigre-sumatra-510x329.jpg 510w&quot;,&quot;image_sizes&quot;:false,&quot;alt_text&quot;:&quot;&quot;,&quot;caption&quot;:&quot;&quot;,&quot;focus_image&quot;:&quot;&quot;,&quot;credits&quot;:&quot;&quot;},{&quot;image_src&quot;:&quot;https:\\\/\\\/www.greenpeace.org\\\/static\\\/planet4-italy-stateless\\\/2023\\\/12\\\/460d4ddb-3-tigre-sumatra.jpg&quot;,&quot;image_srcset&quot;:&quot;https:\\\/\\\/www.greenpeace.org\\\/static\\\/planet4-italy-stateless\\\/2023\\\/12\\\/460d4ddb-3-tigre-sumatra.jpg 800w, https:\\\/\\\/www.greenpeace.org\\\/static\\\/planet4-italy-stateless\\\/2023\\\/12\\\/460d4ddb-3-tigre-sumatra-300x194.jpg 300w, https:\\\/\\\/www.greenpeace.org\\\/static\\\/planet4-italy-stateless\\\/2023\\\/12\\\/460d4ddb-3-tigre-sumatra-768x496.jpg 768w, https:\\\/\\\/www.greenpeace.org\\\/static\\\/planet4-italy-stateless\\\/2023\\\/12\\\/460d4ddb-3-tigre-sumatra-510x330.jpg 510w&quot;,&quot;image_sizes&quot;:false,&quot;alt_text&quot;:&quot;&quot;,&quot;caption&quot;:&quot;&quot;,&quot;focus_image&quot;:&quot;&quot;,&quot;credits&quot;:&quot;&quot;}]}}\"><section class=\"block carousel-wrap is-style-slider\"><\/section><\/div><\/div>\n\n<p><strong>La tigre, mammifero carnivoro della famiglia dei felidi, \u00e8 il pi\u00f9 grande dei cosiddetti &#8220;grandi felini&#8221;<\/strong>. Purtroppo, ne rimangono poche migliaia e la situazione \u00e8 ancor pi\u00f9 critica per quanto riguarda le 6 sottospecie di tigre, tra cui quella di Sumatra.<\/p>\n\n<p><strong>La tigre di Sumatra in natura si trova esclusivamente sull\u2019isola di Sumatra, nell\u2019Indonesia occidentale<\/strong>. La sua sopravvivenza \u00e8 indissolubilmente legata a quella del suo habitat, cio\u00e8 le meravigliose foreste di Sumatra.<\/p>\n\n<p>La tigre di Sumatra si muove abilmente tra mangrovie, torbiere e montagne, mostrando grandi abilit\u00e0 da cacciatrice, sia sulla terra, sia in acqua, grazie a una particolarit\u00e0 unica: le sue dita presentano una membrana che le consente di nuotare velocemente verso le sue prede!<\/p>\n\n<h4 class=\"wp-block-heading\">Perch\u00e9 \u00e8 in pericolo<\/h4>\n\n<p>Purtroppo, la vita della tigre di Sumatra non \u00e8 pi\u00f9 la stessa ormai da decenni.<\/p>\n\n<p><strong>La sua sopravvivenza \u00e8 condizionata dalle attivit\u00e0 umane distruttive che da decenni colpiscono la sua casa<\/strong>. L\u2019espansione, legale e illegale, delle piantagioni per la produzione di olio di palma e per la produzione di cellulosa \u00e8 una delle principali cause degli incendi che da anni devastano le foreste indonesiane, causando perdita dell\u2019habitat di molte specie endemiche, ma anche gravissimi problemi di salute alla popolazione.<\/p>\n\n<p><strong>La stime variano, ma si ritiene che in natura ci restino solo poche centinaia di tigri di Sumatra <\/strong>e il rischio di vederle diminuire ancora \u00e8 molto elevato, se non si prenderanno misure per tutelare le foreste e limitare l\u2019impatto distruttivo delle multinazionali che antepongono il profitto a tutto.<\/p>\n\n<p><strong>Come puoi immaginare, la tigre di Sumatra \u00e8 solo uno degli animali in pericolo<\/strong>. La distruzione delle foreste indonesiane mette in pericolo altre specie, animali e vegetali: l&#8217;Indonesia ospita dal 10% al 15% di tutte le piante, i mammiferi e gli uccelli conosciuti sul pianeta. Dagli oranghi alle tigri di Sumatra, fino agli incredibili uccelli del paradiso, sono numerosissime le specie rare e a rischio di estinzione che in natura si trovano esclusivamente nelle foreste indonesiane.<\/p>\n\n<h4 class=\"wp-block-heading\">Cosa puoi fare per aiutarla<\/h4>\n\n<p><strong>Le foreste sono veri e propri scrigni di biodiversit\u00e0, un patrimonio inestimabile che vogliamo tutelare<\/strong>. E tu puoi contribuire alle nostre attivit\u00e0 con una donazione, perch\u00e9 la storia delle tigri e delle altre creature oggi minacciate fino al rischio di estinzione abbia un lieto fine.<\/p>\n\n<div class=\"wp-block-buttons is-layout-flex wp-block-buttons-is-layout-flex\">\n<div class=\"wp-block-button has-custom-width wp-block-button__width-100 is-style-cta\"><a class=\"wp-block-button__link wp-element-button\" href=\"https:\/\/donazione.greenpeace.it\/natale-per-le-foreste\/~mia-donazione?utm_source=greenpeace.org&amp;utm_medium=news&amp;utm_campaign=donate&amp;utm_content=natale2025&amp;private_server_time=1764323109486&amp;cid=326\" target=\"_blank\" rel=\"noreferrer noopener\">PROTEGGI LA TIGRE DI SUMATRA<\/a><\/div>\n<\/div>\n\n<div class=\"wp-block-group is-nowrap is-layout-flex wp-container-core-group-is-layout-ad2f72ca wp-block-group-is-layout-flex\"><\/div>\n\n<h3 class=\"wp-block-heading\" id=\"marina\">C&#8217;era una volta la tartaruga marina<\/h3>\n<div data-hydrate=\"planet4-blocks\/gallery\" data-attributes=\"{&quot;attributes&quot;:{&quot;multiple_image&quot;:&quot;19668,19669,19670&quot;,&quot;gallery_block_focus_points&quot;:&quot;{\\&quot;19668\\&quot;:\\&quot;50% 50%\\&quot;,\\&quot;19669\\&quot;:\\&quot;50% 50%\\&quot;,\\&quot;19670\\&quot;:\\&quot;49% 48%\\&quot;}&quot;,&quot;image_data&quot;:[{&quot;url&quot;:&quot;https:\\\/\\\/www.greenpeace.org\\\/static\\\/planet4-italy-stateless\\\/2023\\\/12\\\/58bb531c-1-tartaruga-marina-caretta-caretta.jpg&quot;,&quot;focalPoint&quot;:{&quot;x&quot;:0.5,&quot;y&quot;:0.5},&quot;id&quot;:19668},{&quot;url&quot;:&quot;https:\\\/\\\/www.greenpeace.org\\\/static\\\/planet4-italy-stateless\\\/2023\\\/12\\\/64a47c8e-2-tartaruga-marina-caretta-caretta.jpg&quot;,&quot;focalPoint&quot;:{&quot;x&quot;:0.5,&quot;y&quot;:0.5},&quot;id&quot;:19669},{&quot;url&quot;:&quot;https:\\\/\\\/www.greenpeace.org\\\/static\\\/planet4-italy-stateless\\\/2023\\\/12\\\/64d7c378-3-tartaruga-marina-caretta-caretta.jpg&quot;,&quot;focalPoint&quot;:{&quot;x&quot;:&quot;0.49&quot;,&quot;y&quot;:&quot;0.48&quot;},&quot;id&quot;:19670}],&quot;className&quot;:&quot;is-style-slider&quot;,&quot;gallery_block_style&quot;:0,&quot;gallery_block_title&quot;:&quot;&quot;,&quot;gallery_block_description&quot;:&quot;&quot;,&quot;images&quot;:[{&quot;image_src&quot;:&quot;https:\\\/\\\/www.greenpeace.org\\\/static\\\/planet4-italy-stateless\\\/2023\\\/12\\\/58bb531c-1-tartaruga-marina-caretta-caretta.jpg&quot;,&quot;image_srcset&quot;:&quot;https:\\\/\\\/www.greenpeace.org\\\/static\\\/planet4-italy-stateless\\\/2023\\\/12\\\/58bb531c-1-tartaruga-marina-caretta-caretta.jpg 1200w, https:\\\/\\\/www.greenpeace.org\\\/static\\\/planet4-italy-stateless\\\/2023\\\/12\\\/58bb531c-1-tartaruga-marina-caretta-caretta-300x200.jpg 300w, https:\\\/\\\/www.greenpeace.org\\\/static\\\/planet4-italy-stateless\\\/2023\\\/12\\\/58bb531c-1-tartaruga-marina-caretta-caretta-1024x683.jpg 1024w, https:\\\/\\\/www.greenpeace.org\\\/static\\\/planet4-italy-stateless\\\/2023\\\/12\\\/58bb531c-1-tartaruga-marina-caretta-caretta-768x512.jpg 768w, https:\\\/\\\/www.greenpeace.org\\\/static\\\/planet4-italy-stateless\\\/2023\\\/12\\\/58bb531c-1-tartaruga-marina-caretta-caretta-510x340.jpg 510w&quot;,&quot;image_sizes&quot;:false,&quot;alt_text&quot;:&quot;&quot;,&quot;caption&quot;:&quot;&quot;,&quot;focus_image&quot;:&quot;50% 50%&quot;,&quot;credits&quot;:&quot;&quot;},{&quot;image_src&quot;:&quot;https:\\\/\\\/www.greenpeace.org\\\/static\\\/planet4-italy-stateless\\\/2023\\\/12\\\/64a47c8e-2-tartaruga-marina-caretta-caretta.jpg&quot;,&quot;image_srcset&quot;:&quot;https:\\\/\\\/www.greenpeace.org\\\/static\\\/planet4-italy-stateless\\\/2023\\\/12\\\/64a47c8e-2-tartaruga-marina-caretta-caretta.jpg 1200w, https:\\\/\\\/www.greenpeace.org\\\/static\\\/planet4-italy-stateless\\\/2023\\\/12\\\/64a47c8e-2-tartaruga-marina-caretta-caretta-300x200.jpg 300w, https:\\\/\\\/www.greenpeace.org\\\/static\\\/planet4-italy-stateless\\\/2023\\\/12\\\/64a47c8e-2-tartaruga-marina-caretta-caretta-1024x683.jpg 1024w, https:\\\/\\\/www.greenpeace.org\\\/static\\\/planet4-italy-stateless\\\/2023\\\/12\\\/64a47c8e-2-tartaruga-marina-caretta-caretta-768x512.jpg 768w, https:\\\/\\\/www.greenpeace.org\\\/static\\\/planet4-italy-stateless\\\/2023\\\/12\\\/64a47c8e-2-tartaruga-marina-caretta-caretta-510x340.jpg 510w&quot;,&quot;image_sizes&quot;:false,&quot;alt_text&quot;:&quot;&quot;,&quot;caption&quot;:&quot;&quot;,&quot;focus_image&quot;:&quot;50% 50%&quot;,&quot;credits&quot;:&quot;&quot;},{&quot;image_src&quot;:&quot;https:\\\/\\\/www.greenpeace.org\\\/static\\\/planet4-italy-stateless\\\/2023\\\/12\\\/64d7c378-3-tartaruga-marina-caretta-caretta.jpg&quot;,&quot;image_srcset&quot;:&quot;https:\\\/\\\/www.greenpeace.org\\\/static\\\/planet4-italy-stateless\\\/2023\\\/12\\\/64d7c378-3-tartaruga-marina-caretta-caretta.jpg 1200w, https:\\\/\\\/www.greenpeace.org\\\/static\\\/planet4-italy-stateless\\\/2023\\\/12\\\/64d7c378-3-tartaruga-marina-caretta-caretta-300x200.jpg 300w, https:\\\/\\\/www.greenpeace.org\\\/static\\\/planet4-italy-stateless\\\/2023\\\/12\\\/64d7c378-3-tartaruga-marina-caretta-caretta-1024x683.jpg 1024w, https:\\\/\\\/www.greenpeace.org\\\/static\\\/planet4-italy-stateless\\\/2023\\\/12\\\/64d7c378-3-tartaruga-marina-caretta-caretta-768x512.jpg 768w, https:\\\/\\\/www.greenpeace.org\\\/static\\\/planet4-italy-stateless\\\/2023\\\/12\\\/64d7c378-3-tartaruga-marina-caretta-caretta-510x340.jpg 510w&quot;,&quot;image_sizes&quot;:false,&quot;alt_text&quot;:&quot;&quot;,&quot;caption&quot;:&quot;&quot;,&quot;focus_image&quot;:&quot;49% 48%&quot;,&quot;credits&quot;:&quot;&quot;}]}}\"><section class=\"block carousel-wrap is-style-slider\"><\/section><\/div>\n<p><strong>La Caretta caretta (dalla parola malese k\u0101r\u0113t, il cui significato \u00e8 \u201cguscio\u201d) \u00e8 la tartaruga marina pi\u00f9 comune del Mediterraneo <\/strong>e che possiamo incontrare in quasi tutti i mari del mondo. \u00c8 un rettile che si \u00e8 adattato alla vita in mare: le sue zampe si sono trasformate in \u201cpinne\u201d e naturalmente ha i polmoni e non le branchie, per questo ha bisogno di tornare in superficie per respirare. \u00c8 anche campionessa di immersioni: pu\u00f2 restare per moltissimo tempo sott\u2019acqua e nuotare a oltre cento metri di profondit\u00e0.<\/p>\n\n<h4 class=\"wp-block-heading\">Perch\u00e9 \u00e8 in pericolo<\/h4>\n\n<p><strong>Anche nel suo mondo acquatico, cos\u00ec lontano e remoto, la tartaruga marina \u00e8 tra le specie pi\u00f9 minacciate dall\u2019essere umano<\/strong>: plastica, attrezzi da pesca abbandonati, impatti con imbarcazioni e cambiamenti climatici sono i suoi principali nemici.&nbsp;<\/p>\n\n<p><strong>L\u2019innalzamento delle temperature delle acque ha inciso sulle sue abitudini riproduttive<\/strong>, costringendola a spostare il suo habitat di nidificazione \u2013 una volta nel sud del Mediterraneo \u2013 sempre pi\u00f9 verso il Nord. Ormai, la Caretta caretta nidifica in Liguria e in Friuli: oltre, a nord, nel Mediterraneo non pu\u00f2 andare.&nbsp;<\/p>\n\n<p><strong>Ma sono la plastica e altri rifiuti che contaminano il mare a rappresentare per lei una vera e propria trappola mortale<\/strong>. La tartaruga infatti scambia i sacchetti di plastica che galleggiano per delle meduse, di cui \u00e8 estremamente ghiotta. Cibarsi di plastica rischia di farla soffocare o morire di denutrizione.&nbsp;<br><strong>Come la tartaruga anche altre specie marine subiscono gli effetti devastanti dell&#8217;inquinamento da plastica<\/strong>. Sono ben 700 le vittime tra le specie a rischio!<\/p>\n\n<h4 class=\"wp-block-heading\">Cosa puoi fare per aiutarla<\/h4>\n\n<p><strong>Difendere il mare \u00e8 fondamentale per salvare la tartaruga marina e gli altri animali minacciati<\/strong>. E tu puoi contribuire alle nostre attivit\u00e0 con una donazione, perch\u00e9 la storia delle tartarughe e delle altre creature che oggi sono a rischio di estinzione abbia un lieto fine.<\/p>\n\n<div class=\"wp-block-buttons is-layout-flex wp-block-buttons-is-layout-flex\">\n<div class=\"wp-block-button has-custom-width wp-block-button__width-100 is-style-cta\"><a class=\"wp-block-button__link wp-element-button\" href=\"https:\/\/donazione.greenpeace.it\/natale-per-gli-oceani\/~mia-donazione?utm_source=greenpeace.org&amp;utm_medium=news&amp;utm_campaign=donate&amp;utm_content=natale2025&amp;private_server_time=1764323156850&amp;cid=327\" target=\"_blank\" rel=\"noreferrer noopener\">DIFENDI LA TARTARUGA MARINA<\/a><\/div>\n<\/div>\n\n<div class=\"wp-block-group is-nowrap is-layout-flex wp-container-core-group-is-layout-ad2f72ca wp-block-group-is-layout-flex\"><\/div>\n\n<h3 class=\"wp-block-heading\" id=\"orso\">C&#8217;era una volta l&#8217;orso polare<\/h3>\n\n<div class=\"wp-block-columns is-layout-flex wp-container-core-columns-is-layout-9d6595d7 wp-block-columns-is-layout-flex\">\n<div class=\"wp-block-column is-layout-flow wp-block-column-is-layout-flow\" style=\"flex-basis:100%\">\n<div class=\"wp-block-group is-layout-constrained wp-block-group-is-layout-constrained\"><div data-hydrate=\"planet4-blocks\/gallery\" data-attributes=\"{&quot;attributes&quot;:{&quot;multiple_image&quot;:&quot;19625,19626,19624&quot;,&quot;image_data&quot;:[{&quot;url&quot;:&quot;https:\\\/\\\/www.greenpeace.org\\\/static\\\/planet4-italy-stateless\\\/2023\\\/12\\\/0b16605f-2-orso-polare.jpg&quot;,&quot;focalPoint&quot;:{&quot;x&quot;:0.5,&quot;y&quot;:0.5},&quot;id&quot;:19625},{&quot;url&quot;:&quot;https:\\\/\\\/www.greenpeace.org\\\/static\\\/planet4-italy-stateless\\\/2023\\\/12\\\/e782f5ce-3-orso-polare.jpg&quot;,&quot;focalPoint&quot;:{&quot;x&quot;:0.5,&quot;y&quot;:0.5},&quot;id&quot;:19626},{&quot;url&quot;:&quot;https:\\\/\\\/www.greenpeace.org\\\/static\\\/planet4-italy-stateless\\\/2023\\\/12\\\/0820f56f-1-orso-polare.jpg&quot;,&quot;focalPoint&quot;:{&quot;x&quot;:0.5,&quot;y&quot;:0.5},&quot;id&quot;:19624}],&quot;gallery_block_style&quot;:0,&quot;gallery_block_title&quot;:&quot;&quot;,&quot;gallery_block_description&quot;:&quot;&quot;,&quot;gallery_block_focus_points&quot;:&quot;&quot;,&quot;images&quot;:[{&quot;image_src&quot;:&quot;https:\\\/\\\/www.greenpeace.org\\\/static\\\/planet4-italy-stateless\\\/2023\\\/12\\\/0b16605f-2-orso-polare.jpg&quot;,&quot;image_srcset&quot;:&quot;https:\\\/\\\/www.greenpeace.org\\\/static\\\/planet4-italy-stateless\\\/2023\\\/12\\\/0b16605f-2-orso-polare.jpg 800w, https:\\\/\\\/www.greenpeace.org\\\/static\\\/planet4-italy-stateless\\\/2023\\\/12\\\/0b16605f-2-orso-polare-300x200.jpg 300w, https:\\\/\\\/www.greenpeace.org\\\/static\\\/planet4-italy-stateless\\\/2023\\\/12\\\/0b16605f-2-orso-polare-768x512.jpg 768w, https:\\\/\\\/www.greenpeace.org\\\/static\\\/planet4-italy-stateless\\\/2023\\\/12\\\/0b16605f-2-orso-polare-510x340.jpg 510w&quot;,&quot;image_sizes&quot;:false,&quot;alt_text&quot;:&quot;&quot;,&quot;caption&quot;:&quot;&quot;,&quot;focus_image&quot;:&quot;&quot;,&quot;credits&quot;:&quot;&quot;},{&quot;image_src&quot;:&quot;https:\\\/\\\/www.greenpeace.org\\\/static\\\/planet4-italy-stateless\\\/2023\\\/12\\\/e782f5ce-3-orso-polare.jpg&quot;,&quot;image_srcset&quot;:&quot;https:\\\/\\\/www.greenpeace.org\\\/static\\\/planet4-italy-stateless\\\/2023\\\/12\\\/e782f5ce-3-orso-polare.jpg 800w, https:\\\/\\\/www.greenpeace.org\\\/static\\\/planet4-italy-stateless\\\/2023\\\/12\\\/e782f5ce-3-orso-polare-300x200.jpg 300w, https:\\\/\\\/www.greenpeace.org\\\/static\\\/planet4-italy-stateless\\\/2023\\\/12\\\/e782f5ce-3-orso-polare-768x512.jpg 768w, https:\\\/\\\/www.greenpeace.org\\\/static\\\/planet4-italy-stateless\\\/2023\\\/12\\\/e782f5ce-3-orso-polare-510x340.jpg 510w&quot;,&quot;image_sizes&quot;:false,&quot;alt_text&quot;:&quot;&quot;,&quot;caption&quot;:&quot;&quot;,&quot;focus_image&quot;:&quot;&quot;,&quot;credits&quot;:&quot;&quot;},{&quot;image_src&quot;:&quot;https:\\\/\\\/www.greenpeace.org\\\/static\\\/planet4-italy-stateless\\\/2023\\\/12\\\/0820f56f-1-orso-polare.jpg&quot;,&quot;image_srcset&quot;:&quot;https:\\\/\\\/www.greenpeace.org\\\/static\\\/planet4-italy-stateless\\\/2023\\\/12\\\/0820f56f-1-orso-polare.jpg 800w, https:\\\/\\\/www.greenpeace.org\\\/static\\\/planet4-italy-stateless\\\/2023\\\/12\\\/0820f56f-1-orso-polare-300x200.jpg 300w, https:\\\/\\\/www.greenpeace.org\\\/static\\\/planet4-italy-stateless\\\/2023\\\/12\\\/0820f56f-1-orso-polare-768x512.jpg 768w, https:\\\/\\\/www.greenpeace.org\\\/static\\\/planet4-italy-stateless\\\/2023\\\/12\\\/0820f56f-1-orso-polare-510x340.jpg 510w&quot;,&quot;image_sizes&quot;:false,&quot;alt_text&quot;:&quot;&quot;,&quot;caption&quot;:&quot;&quot;,&quot;focus_image&quot;:&quot;&quot;,&quot;credits&quot;:&quot;&quot;}]}}\"><section class=\"block carousel-wrap \"><\/section><\/div><\/div>\n<\/div>\n<\/div>\n\n<p><strong>L\u2019orso polare \u00e8 il pi\u00f9 grande carnivoro terrestre esistente<\/strong>. \u00c8 un eccellente cacciatore e il suo metodo di caccia pi\u00f9 famoso \u00e8 quello usato per le foche: il plantigrado sente la presenza della preda sotto il ghiaccio, si apposta presso una spaccatura e, non appena la preda esce per respirare, la colpisce con una rapidissima zampata!<\/p>\n\n<p>Adattato alla vita in climi estremi, l\u2019orso polare sembra una creatura forte, invincibile, eppure <strong>mai come in questi ultimi anni rientra nel triste elenco delle specie a rischio di estinzione<\/strong>.<\/p>\n\n<h4 class=\"wp-block-heading\">Perch\u00e9 \u00e8 in pericolo<\/h4>\n\n<p><strong>La sua casa, le grandi banchise di ghiaccio, non smette di sgretolarsi a causa dei cambiamenti climatici<\/strong>. Gli orsi cercano di raggiungere i ghiacci, sempre pi\u00f9 lontani dalla costa perch\u00e9 cacciano le foche ai bordi del ghiaccio galleggiante. Se i ghiacci si ritirano, la distanza da coprire a nuoto diventa proibitiva e per questi animali, per quanto adatti alla vita in mare, il rischio di morire di fame e annegare diventa concreto. \u00c8 una storia sempre pi\u00f9 frequente, purtroppo, che mette a rischio la sopravvivenza di uno degli animali simbolo dell&#8217;Artico.<\/p>\n\n<p><strong>L\u2019ultima rilevazione condotta nell\u2019Artico, infatti, dimostra che il volume del ghiaccio marino si \u00e8 ridotto di due terzi<\/strong>. Lo spazio vitale degli orsi polari \u00e8 sempre pi\u00f9 limitato e le possibilit\u00e0 di sopravvivenza sempre pi\u00f9 precarie.<\/p>\n\n<p><strong>Sappiamo che il cambiamento climatico \u00e8 la causa principale dello scioglimento del ghiaccio marino e conosciamo anche i responsabili di questa crisi<\/strong>: colossi dell&#8217;energia fossile che continuano ad inquinare e a estrarre gas, petrolio e carbone.<\/p>\n\n<p><strong>La crisi climatica non \u00e8 un\u2019ipotesi<\/strong>. \u00c8 un fatto inequivocabile che sta accadendo ora e che ha cause e responsabilit\u00e0 ben precise. E conseguenze altrettanto visibili, tangibili. <strong>L\u2019Artico ne \u00e8 un esempio: si sta scaldando molto pi\u00f9 della media del pianeta<\/strong>, e il suo fragile ecosistema \u2013 popolato di specie uniche e meravigliose come la civetta, la volpe, il narvalo, il lupo e il tricheco \u2013 sembra destinato a scomparire, seguendo una storia che pare gi\u00e0 scritta.<\/p>\n\n<h4 class=\"wp-block-heading\">Cosa puoi fare per aiutarlo<\/h4>\n\n<p><strong>Con il tuo sostegno vogliamo contribuire a proteggere il clima ma anche creare un santuario marino protetto nelle acque che circondano il Polo Nord<\/strong> facendo pressione sulle istituzioni e governi. Insieme possiamo riscrivere la storia di questo luogo straordinario!<\/p>\n\n<div class=\"wp-block-buttons is-layout-flex wp-block-buttons-is-layout-flex\">\n<div class=\"wp-block-button has-custom-width wp-block-button__width-100\"><a class=\"wp-block-button__link has-grey-900-color has-action-yellow-500-background-color has-text-color has-background wp-element-button\" href=\"https:\/\/donazione.greenpeace.it\/natale-per-gli-oceani\/~mia-donazione?utm_source=greenpeace.org&amp;utm_medium=news&amp;utm_campaign=donate&amp;utm_content=natale2025&amp;private_server_time=1764323156850&amp;cid=327\" target=\"_blank\" rel=\"noreferrer noopener\"> AIUTA L&#8217;ORSO POLARE<\/a><\/div>\n<\/div>\n\n<div class=\"wp-block-group is-nowrap is-layout-flex wp-container-core-group-is-layout-ad2f72ca wp-block-group-is-layout-flex\"><\/div>\n\n<h3 class=\"wp-block-heading\" id=\"api\">C&#8217;erano una volta le api solitarie<\/h3>\n<div data-hydrate=\"planet4-blocks\/gallery\" data-attributes=\"{&quot;attributes&quot;:{&quot;multiple_image&quot;:&quot;19629,19628,19630&quot;,&quot;image_data&quot;:[{&quot;url&quot;:&quot;https:\\\/\\\/www.greenpeace.org\\\/static\\\/planet4-italy-stateless\\\/2023\\\/12\\\/fca18f87-2-ape.jpg&quot;,&quot;focalPoint&quot;:{&quot;x&quot;:0.5,&quot;y&quot;:0.5},&quot;id&quot;:19629},{&quot;url&quot;:&quot;https:\\\/\\\/www.greenpeace.org\\\/static\\\/planet4-italy-stateless\\\/2023\\\/12\\\/67908db2-1-ape.jpg&quot;,&quot;focalPoint&quot;:{&quot;x&quot;:0.5,&quot;y&quot;:0.5},&quot;id&quot;:19628},{&quot;url&quot;:&quot;https:\\\/\\\/www.greenpeace.org\\\/static\\\/planet4-italy-stateless\\\/2023\\\/12\\\/2e6f45c4-3-ape.jpg&quot;,&quot;focalPoint&quot;:{&quot;x&quot;:0.5,&quot;y&quot;:0.5},&quot;id&quot;:19630}],&quot;gallery_block_style&quot;:0,&quot;gallery_block_title&quot;:&quot;&quot;,&quot;gallery_block_description&quot;:&quot;&quot;,&quot;gallery_block_focus_points&quot;:&quot;&quot;,&quot;images&quot;:[{&quot;image_src&quot;:&quot;https:\\\/\\\/www.greenpeace.org\\\/static\\\/planet4-italy-stateless\\\/2023\\\/12\\\/fca18f87-2-ape.jpg&quot;,&quot;image_srcset&quot;:&quot;https:\\\/\\\/www.greenpeace.org\\\/static\\\/planet4-italy-stateless\\\/2023\\\/12\\\/fca18f87-2-ape.jpg 800w, https:\\\/\\\/www.greenpeace.org\\\/static\\\/planet4-italy-stateless\\\/2023\\\/12\\\/fca18f87-2-ape-300x200.jpg 300w, https:\\\/\\\/www.greenpeace.org\\\/static\\\/planet4-italy-stateless\\\/2023\\\/12\\\/fca18f87-2-ape-768x512.jpg 768w, https:\\\/\\\/www.greenpeace.org\\\/static\\\/planet4-italy-stateless\\\/2023\\\/12\\\/fca18f87-2-ape-510x340.jpg 510w&quot;,&quot;image_sizes&quot;:false,&quot;alt_text&quot;:&quot;&quot;,&quot;caption&quot;:&quot;&quot;,&quot;focus_image&quot;:&quot;&quot;,&quot;credits&quot;:&quot;&quot;},{&quot;image_src&quot;:&quot;https:\\\/\\\/www.greenpeace.org\\\/static\\\/planet4-italy-stateless\\\/2023\\\/12\\\/67908db2-1-ape.jpg&quot;,&quot;image_srcset&quot;:&quot;https:\\\/\\\/www.greenpeace.org\\\/static\\\/planet4-italy-stateless\\\/2023\\\/12\\\/67908db2-1-ape.jpg 800w, https:\\\/\\\/www.greenpeace.org\\\/static\\\/planet4-italy-stateless\\\/2023\\\/12\\\/67908db2-1-ape-300x200.jpg 300w, https:\\\/\\\/www.greenpeace.org\\\/static\\\/planet4-italy-stateless\\\/2023\\\/12\\\/67908db2-1-ape-768x512.jpg 768w, https:\\\/\\\/www.greenpeace.org\\\/static\\\/planet4-italy-stateless\\\/2023\\\/12\\\/67908db2-1-ape-510x340.jpg 510w&quot;,&quot;image_sizes&quot;:false,&quot;alt_text&quot;:&quot;&quot;,&quot;caption&quot;:&quot;&quot;,&quot;focus_image&quot;:&quot;&quot;,&quot;credits&quot;:&quot;&quot;},{&quot;image_src&quot;:&quot;https:\\\/\\\/www.greenpeace.org\\\/static\\\/planet4-italy-stateless\\\/2023\\\/12\\\/2e6f45c4-3-ape.jpg&quot;,&quot;image_srcset&quot;:&quot;https:\\\/\\\/www.greenpeace.org\\\/static\\\/planet4-italy-stateless\\\/2023\\\/12\\\/2e6f45c4-3-ape.jpg 800w, https:\\\/\\\/www.greenpeace.org\\\/static\\\/planet4-italy-stateless\\\/2023\\\/12\\\/2e6f45c4-3-ape-300x225.jpg 300w, https:\\\/\\\/www.greenpeace.org\\\/static\\\/planet4-italy-stateless\\\/2023\\\/12\\\/2e6f45c4-3-ape-768x576.jpg 768w, https:\\\/\\\/www.greenpeace.org\\\/static\\\/planet4-italy-stateless\\\/2023\\\/12\\\/2e6f45c4-3-ape-453x340.jpg 453w&quot;,&quot;image_sizes&quot;:false,&quot;alt_text&quot;:&quot;&quot;,&quot;caption&quot;:&quot;&quot;,&quot;focus_image&quot;:&quot;&quot;,&quot;credits&quot;:&quot;&quot;}]}}\"><section class=\"block carousel-wrap \"><\/section><\/div>\n<p><strong>L\u2019ape mellifera \u00e8 un insetto dotato di un\u2019intelligenza straordinaria, detta intelligenza sociale<\/strong>. \u00c8 in grado di organizzarsi in societ\u00e0 in cui ogni membro ha il proprio compito e tutti collaborano al benessere dell\u2019alveare. Questo insetto \u00e8 straordinario per un\u2019altra ragione: \u00e8 l&#8217;unico capace di produrre un alimento commestibile per l\u2019essere umano, il dolcissimo miele.<\/p>\n\n<p>Esistono anche le api selvatiche o solitarie, ovvero api che costruiscono veri e propri nidi e non alveari: nidificano ad esempio in cavit\u00e0 nel legno o ricavano il loro riparo scavando gallerie nel terreno. <strong>Anche le api solitarie, cos\u00ec come le api da miele, si nutrono di polline e nettare, e visitano solo alcuni generi di piante<\/strong>. Questo accade perch\u00e9 l\u2019apparato boccale \u2013 ligula \u2013 delle api solitarie presenta diversa lunghezza in base alle specie. Per questo motivo l\u2019attivit\u00e0 di impollinazione delle api solitarie \u00e8 complementare a quella delle api da miele. Visitare solo alcune specie di fiori, per\u00f2, le rende anche molto pi\u00f9 delicate.<\/p>\n\n<h4 class=\"wp-block-heading\">Perch\u00e9 sono pericolo<\/h4>\n\n<p><strong>A mettere in pericolo alcune specie di api sono due gravi minacce<\/strong>:<strong> l\u2019attuale sistema di agricoltura industriale e il cambiamento climatico<\/strong>. Pesticidi chimici, monocolture, perdita di biodiversit\u00e0, pratiche agricole distruttive stanno riducendo sensibilmente il numero delle api, che oggi devono affrontare un altro killer: la crisi climatica sta modificando il ciclo naturale degli ecosistemi, rendendole pi\u00f9 vulnerabili e meno produttive.<\/p>\n\n<p>Non vogliamo che la storia vada in questa direzione.<\/p>\n\n<h4 class=\"wp-block-heading\">Cosa puoi fare per aiutarle<\/h4>\n\n<p><strong>Il declino delle api sembra inarrestabile, ma in realt\u00e0 pu\u00f2 e deve essere fermato<\/strong>: insieme possiamo cambiare la storia delle api facendo pressione su aziende e governi per vietare l\u2019uso di pesticidi di sintesi e promuovendo pratiche agricole agroecologiche.<\/p>\n\n<div class=\"wp-block-buttons is-content-justification-space-between is-layout-flex wp-container-core-buttons-is-layout-3d213aab wp-block-buttons-is-layout-flex\">\n<div class=\"wp-block-button has-custom-width wp-block-button__width-100\"><a class=\"wp-block-button__link has-grey-900-color has-action-yellow-500-background-color has-text-color has-background wp-element-button\" href=\"https:\/\/donazione.greenpeace.it\/natale-per-la-biodiversita\/~mia-donazione?utm_source=greenpeace.org&amp;utm_medium=news&amp;utm_campaign=donate&amp;utm_content=natale2025&amp;private_server_time=1764323126311&amp;cid=328\" target=\"_blank\" rel=\"noreferrer noopener\">SALVA LE API<\/a><\/div>\n<\/div>\n\n<div class=\"wp-block-group is-nowrap is-layout-flex wp-container-core-group-is-layout-ad2f72ca wp-block-group-is-layout-flex\"><\/div>\n","protected":false},"excerpt":{"rendered":"<p>La distruzione degli ecosistemi \u00e8 una minaccia concreta per gli animali che li abitano. Ma salvare le specie a rischio estinzione \u00e8 ancora possibile!<\/p>\n","protected":false},"author":33,"featured_media":19673,"comment_status":"closed","ping_status":"open","sticky":false,"template":"","format":"standard","meta":{"ep_exclude_from_search":false,"p4_og_title":"Animali a rischio estinzione: quali sono e come puoi aiutarli","p4_og_description":"La distruzione degli ecosistemi \u00e8 una minaccia concreta per gli animali che li abitano. Ma salvare le specie a rischio estinzione \u00e8 ancora possibile!\n","p4_og_image":"https:\/\/www.greenpeace.org\/static\/planet4-italy-stateless\/2023\/12\/efe0ef14-gp-natale-23-multisub-2-previewfb.jpg","p4_og_image_id":"19676","p4_seo_canonical_url":"","p4_campaign_name":"","p4_local_project":"","p4_basket_name":"","p4_department":"","footnotes":""},"categories":[17],"tags":[22,36,29,18,50],"p4-page-type":[19],"class_list":["post-19580","post","type-post","status-publish","format-standard","has-post-thumbnail","hentry","category-proteggi","tag-biodiversita","tag-foreste","tag-clima","tag-mare","tag-api","p4-page-type-storia"],"_links":{"self":[{"href":"https:\/\/www.greenpeace.org\/italy\/wp-json\/wp\/v2\/posts\/19580","targetHints":{"allow":["GET"]}}],"collection":[{"href":"https:\/\/www.greenpeace.org\/italy\/wp-json\/wp\/v2\/posts"}],"about":[{"href":"https:\/\/www.greenpeace.org\/italy\/wp-json\/wp\/v2\/types\/post"}],"author":[{"embeddable":true,"href":"https:\/\/www.greenpeace.org\/italy\/wp-json\/wp\/v2\/users\/33"}],"replies":[{"embeddable":true,"href":"https:\/\/www.greenpeace.org\/italy\/wp-json\/wp\/v2\/comments?post=19580"}],"version-history":[{"count":20,"href":"https:\/\/www.greenpeace.org\/italy\/wp-json\/wp\/v2\/posts\/19580\/revisions"}],"predecessor-version":[{"id":29972,"href":"https:\/\/www.greenpeace.org\/italy\/wp-json\/wp\/v2\/posts\/19580\/revisions\/29972"}],"wp:featuredmedia":[{"embeddable":true,"href":"https:\/\/www.greenpeace.org\/italy\/wp-json\/wp\/v2\/media\/19673"}],"wp:attachment":[{"href":"https:\/\/www.greenpeace.org\/italy\/wp-json\/wp\/v2\/media?parent=19580"}],"wp:term":[{"taxonomy":"category","embeddable":true,"href":"https:\/\/www.greenpeace.org\/italy\/wp-json\/wp\/v2\/categories?post=19580"},{"taxonomy":"post_tag","embeddable":true,"href":"https:\/\/www.greenpeace.org\/italy\/wp-json\/wp\/v2\/tags?post=19580"},{"taxonomy":"p4-page-type","embeddable":true,"href":"https:\/\/www.greenpeace.org\/italy\/wp-json\/wp\/v2\/p4-page-type?post=19580"}],"curies":[{"name":"wp","href":"https:\/\/api.w.org\/{rel}","templated":true}]}}