{"id":20677,"date":"2024-01-23T17:54:06","date_gmt":"2024-01-23T16:54:06","guid":{"rendered":"https:\/\/www.greenpeace.org\/italy\/?p=20677"},"modified":"2024-02-22T17:31:20","modified_gmt":"2024-02-22T16:31:20","slug":"greenpeace-nordic-vince-una-causa-ambientale-contro-lo-stato-norvegese","status":"publish","type":"post","link":"https:\/\/www.greenpeace.org\/italy\/storia\/20677\/greenpeace-nordic-vince-una-causa-ambientale-contro-lo-stato-norvegese\/","title":{"rendered":"Greenpeace Nordic vince una causa ambientale contro lo Stato norvegese"},"content":{"rendered":"\n<p>Insieme al gruppo ambientalista Natur og Ungdom abbiamo ottenuto una <strong>vittoria storica<\/strong> in tribunale contro lo Stato norvegese, fermando tre progetti petroliferi e di gas nel <strong>Mare del Nord<\/strong>. Tra questi c\u2019\u00e8 il giacimento di Breidablikk, dove \u00e8 coinvolta V\u00e5r Energi, azienda detenuta in parte dall\u2019italiana <strong>ENI<\/strong>.<\/p>\n\n<figure class=\"wp-block-image size-large\"><img loading=\"lazy\" decoding=\"async\" width=\"1024\" height=\"682\" src=\"https:\/\/www.greenpeace.org\/static\/planet4-italy-stateless\/2024\/01\/47720c60-gp0stuqe7_medium_res-1024x682.jpg\" alt=\"\" class=\"wp-image-20678\" srcset=\"https:\/\/www.greenpeace.org\/static\/planet4-italy-stateless\/2024\/01\/47720c60-gp0stuqe7_medium_res-1024x682.jpg 1024w, https:\/\/www.greenpeace.org\/static\/planet4-italy-stateless\/2024\/01\/47720c60-gp0stuqe7_medium_res-300x200.jpg 300w, https:\/\/www.greenpeace.org\/static\/planet4-italy-stateless\/2024\/01\/47720c60-gp0stuqe7_medium_res-768x511.jpg 768w, https:\/\/www.greenpeace.org\/static\/planet4-italy-stateless\/2024\/01\/47720c60-gp0stuqe7_medium_res-510x340.jpg 510w, https:\/\/www.greenpeace.org\/static\/planet4-italy-stateless\/2024\/01\/47720c60-gp0stuqe7_medium_res.jpg 1200w\" sizes=\"auto, (max-width: 1024px) 100vw, 1024px\" \/><\/figure>\n\n<p>Nel novembre 2023, l\u2019ufficio Greenpeace Nordic e Natur og Ungdom avevano portato lo Stato norvegese in <strong>tribunale<\/strong>, sostenendo che le recenti approvazioni dei tre nuovi giacimenti petroliferi e di gas di <strong>Breidablikk, Yggdrasil e Tyrving<\/strong>, tutti nel Mare del Nord, violassero la Costituzione norvegese, la legge dell&#8217;Area Economica Europea e gli impegni internazionali sui diritti umani della Norvegia. Per le due associazioni, il Ministero dell&#8217;Energia norvegese non ha inoltre tenuto conto della Convenzione delle Nazioni Unite sui Diritti dell\u2019infanzia durante l&#8217;approvazione di questi progetti, rendendo cos\u00ec tali <strong>approvazioni invalide<\/strong>.<\/p>\n\n<p>Il tribunale distrettuale di Oslo ci ha dato ragione: con una sentenza emessa lo scorso 18 gennaio ha ritenuto non valide le approvazioni di tutti e tre i giacimenti di petrolio e gas e ha emesso <strong>un&#8217;ingiunzione <\/strong>che vieta allo Stato di concedere nuovi permessi necessari per costruire e produrre dai giacimenti.<\/p>\n\n<div class=\"wp-block-buttons is-layout-flex wp-block-buttons-is-layout-flex\">\n<div class=\"wp-block-button has-custom-width wp-block-button__width-100\"><a class=\"wp-block-button__link has-green-400-background-color has-background wp-element-button\" href=\"https:\/\/donazione.greenpeace.it\/sostieni\/~mia-donazione?utm_source=greenpeace.org&amp;utm_medium=news&amp;utm_campaign=fr&amp;utm_content=norvegia-vittoria\">Sostieni le nostre azioni per il clima<\/a><\/div>\n<\/div>\n\n<blockquote class=\"wp-block-quote is-layout-flow wp-block-quote-is-layout-flow\">\n<p class=\"has-text-align-right\"><em>\u201c\u00c8 una vittoria importante per la nostra generazione, per quelle future e per l\u2019ambiente. Con questa sentenza milioni di barili di petrolio rimarranno nel sottosuolo. Come confermato dalla decisione della Corte, le emissioni dei giacimenti petroliferi avrebbero avuto effetti catastrofici sul clima globale, sulle persone e sul pianeta\u201d<\/em> ha commentato <strong>Gytis Bla\u017eevi\u010dius<\/strong>, di <strong>Natur og Ungdom<\/strong><\/p>\n<\/blockquote>\n\n<figure class=\"wp-block-image size-large\"><img loading=\"lazy\" decoding=\"async\" width=\"1024\" height=\"677\" src=\"https:\/\/www.greenpeace.org\/static\/planet4-italy-stateless\/2023\/11\/4b24aad9-greenpeace-la-voce-del-pianeta-sky-0-1024x677.jpg\" alt=\"\" class=\"wp-image-19422\" srcset=\"https:\/\/www.greenpeace.org\/static\/planet4-italy-stateless\/2023\/11\/4b24aad9-greenpeace-la-voce-del-pianeta-sky-0-1024x677.jpg 1024w, https:\/\/www.greenpeace.org\/static\/planet4-italy-stateless\/2023\/11\/4b24aad9-greenpeace-la-voce-del-pianeta-sky-0-300x198.jpg 300w, https:\/\/www.greenpeace.org\/static\/planet4-italy-stateless\/2023\/11\/4b24aad9-greenpeace-la-voce-del-pianeta-sky-0-768x508.jpg 768w, https:\/\/www.greenpeace.org\/static\/planet4-italy-stateless\/2023\/11\/4b24aad9-greenpeace-la-voce-del-pianeta-sky-0-1536x1016.jpg 1536w, https:\/\/www.greenpeace.org\/static\/planet4-italy-stateless\/2023\/11\/4b24aad9-greenpeace-la-voce-del-pianeta-sky-0-2048x1355.jpg 2048w, https:\/\/www.greenpeace.org\/static\/planet4-italy-stateless\/2023\/11\/4b24aad9-greenpeace-la-voce-del-pianeta-sky-0-510x337.jpg 510w\" sizes=\"auto, (max-width: 1024px) 100vw, 1024px\" \/><\/figure>\n\n<p>La Corte ha sottolineato i <strong>problemi procedurali<\/strong> del processo di approvazione, evidenziando la mancanza di un\u2019adeguata <strong>partecipazione pubblica<\/strong>, e ha ritenuto che le approvazioni fossero inadeguate ai sensi del diritto dell\u2019UE. Ha ritenuto inoltre che il <strong>diritto dei minori ad essere ascoltati<\/strong> sarebbe stato salvaguardato attraverso udienze pubbliche che avrebbero dovuto svolgersi in concomitanza con le valutazioni di impatto ambientale richieste dalla legge. In attesa dei <a href=\"https:\/\/www.greenpeace.org\/international\/press-release\/58956\/first-climate-case-heard-at-the-european-court-of-human-rights\/\">chiarimenti della Grande Camera<\/a> della Corte europea dei diritti dell&#8217;uomo, la Corte distrettuale si \u00e8 astenuta invece dal valutare le violazioni della Convenzione.\u00a0<\/p>\n\n<p>Sempre pi\u00f9 persone, in particolare quelle pi\u00f9 colpite dal cambiamento climatico, utilizzano i tribunali per <strong>proteggere i propri diritti dalla crisi del clima<\/strong>. Questa sentenza conferma che le cause climatiche funzionano, ed \u00e8 un altro punto di riferimento per tutte le cause legali sul clima in corso nel mondo.<\/p>\n\n<div class=\"wp-block-buttons is-layout-flex wp-block-buttons-is-layout-flex\">\n<div class=\"wp-block-button has-custom-width wp-block-button__width-100\"><a class=\"wp-block-button__link has-green-400-background-color has-background wp-element-button\" href=\"https:\/\/donazione.greenpeace.it\/sostieni\/~mia-donazione?utm_source=greenpeace.org&amp;utm_medium=news&amp;utm_campaign=fr&amp;utm_content=norvegia-vittoria\">Sostieni le nostre azioni per il clima<\/a><\/div>\n<\/div>\n","protected":false},"excerpt":{"rendered":"<p>Il tribunale di Oslo ha ritenuto illegali tre progetti petroliferi e di gas nel Mare del Nord.<\/p>\n","protected":false},"author":33,"featured_media":20678,"comment_status":"closed","ping_status":"open","sticky":false,"template":"","format":"standard","meta":{"ep_exclude_from_search":false,"p4_og_title":"Greenpeace ha vinto una causa ambientale contro la Norvegia","p4_og_description":"Il tribunale di Oslo ha fermato tre progetti petroliferi e di gas nel Mare del Nord. ","p4_og_image":"https:\/\/www.greenpeace.org\/static\/planet4-italy-stateless\/2024\/01\/47720c60-gp0stuqe7_medium_res.jpg","p4_og_image_id":"20678","p4_seo_canonical_url":"","p4_campaign_name":"","p4_local_project":"","p4_basket_name":"","p4_department":"","footnotes":""},"categories":[20,17],"tags":[29,32],"p4-page-type":[19],"class_list":["post-20677","post","type-post","status-publish","format-standard","has-post-thumbnail","hentry","category-denuncia","category-proteggi","tag-clima","tag-energia","p4-page-type-storia"],"_links":{"self":[{"href":"https:\/\/www.greenpeace.org\/italy\/wp-json\/wp\/v2\/posts\/20677","targetHints":{"allow":["GET"]}}],"collection":[{"href":"https:\/\/www.greenpeace.org\/italy\/wp-json\/wp\/v2\/posts"}],"about":[{"href":"https:\/\/www.greenpeace.org\/italy\/wp-json\/wp\/v2\/types\/post"}],"author":[{"embeddable":true,"href":"https:\/\/www.greenpeace.org\/italy\/wp-json\/wp\/v2\/users\/33"}],"replies":[{"embeddable":true,"href":"https:\/\/www.greenpeace.org\/italy\/wp-json\/wp\/v2\/comments?post=20677"}],"version-history":[{"count":1,"href":"https:\/\/www.greenpeace.org\/italy\/wp-json\/wp\/v2\/posts\/20677\/revisions"}],"predecessor-version":[{"id":20679,"href":"https:\/\/www.greenpeace.org\/italy\/wp-json\/wp\/v2\/posts\/20677\/revisions\/20679"}],"wp:featuredmedia":[{"embeddable":true,"href":"https:\/\/www.greenpeace.org\/italy\/wp-json\/wp\/v2\/media\/20678"}],"wp:attachment":[{"href":"https:\/\/www.greenpeace.org\/italy\/wp-json\/wp\/v2\/media?parent=20677"}],"wp:term":[{"taxonomy":"category","embeddable":true,"href":"https:\/\/www.greenpeace.org\/italy\/wp-json\/wp\/v2\/categories?post=20677"},{"taxonomy":"post_tag","embeddable":true,"href":"https:\/\/www.greenpeace.org\/italy\/wp-json\/wp\/v2\/tags?post=20677"},{"taxonomy":"p4-page-type","embeddable":true,"href":"https:\/\/www.greenpeace.org\/italy\/wp-json\/wp\/v2\/p4-page-type?post=20677"}],"curies":[{"name":"wp","href":"https:\/\/api.w.org\/{rel}","templated":true}]}}