{"id":20917,"date":"2024-02-02T16:55:43","date_gmt":"2024-02-02T15:55:43","guid":{"rendered":"https:\/\/www.greenpeace.org\/italy\/?p=20917"},"modified":"2024-02-05T12:07:33","modified_gmt":"2024-02-05T11:07:33","slug":"siccita-catalogna","status":"publish","type":"post","link":"https:\/\/www.greenpeace.org\/italy\/storia\/20917\/siccita-catalogna\/","title":{"rendered":"Emergenza siccit\u00e0 in Catalogna: acqua razionata per 6 milioni di abitanti"},"content":{"rendered":"\n<p>Il 1 febbraio il presidente della Catalogna Aragon\u00e8s ha proclamato lo <strong>stato d\u2019emergenza a Barcellona e in 202 comuni a causa della forte siccit\u00e0: i cittadini e le attivit\u00e0 commerciali non potranno usare pi\u00f9 di 200 litri di acqua al giorno<\/strong>. Le misure riguarderanno l&#8217;80% della popolazione della Catalogna. Altre restrizioni sono previste per agricoltura, allevamenti e industria.<\/p>\n\n<figure class=\"wp-block-image size-large\"><img loading=\"lazy\" decoding=\"async\" width=\"1024\" height=\"683\" src=\"https:\/\/www.greenpeace.org\/static\/planet4-italy-stateless\/2024\/02\/646fdfdf-siccita-spagna-03-1024x683.jpg\" title=\"Siccit\u00e0 in Spagna dovuta a mancanza di pioggia, cattiva gestione dell&#039;acqua e irrigazione incontrollata\" alt=\"Siccit\u00e0 in Spagna dovuta a mancanza di pioggia, cattiva gestione dell'acqua e irrigazione incontrollata\" class=\"wp-image-20920\" srcset=\"https:\/\/www.greenpeace.org\/static\/planet4-italy-stateless\/2024\/02\/646fdfdf-siccita-spagna-03-1024x683.jpg 1024w, https:\/\/www.greenpeace.org\/static\/planet4-italy-stateless\/2024\/02\/646fdfdf-siccita-spagna-03-300x200.jpg 300w, https:\/\/www.greenpeace.org\/static\/planet4-italy-stateless\/2024\/02\/646fdfdf-siccita-spagna-03-768x512.jpg 768w, https:\/\/www.greenpeace.org\/static\/planet4-italy-stateless\/2024\/02\/646fdfdf-siccita-spagna-03-510x340.jpg 510w, https:\/\/www.greenpeace.org\/static\/planet4-italy-stateless\/2024\/02\/646fdfdf-siccita-spagna-03.jpg 1200w\" sizes=\"auto, (max-width: 1024px) 100vw, 1024px\" \/><\/figure>\n\n<h2 class=\"wp-block-heading\" id=\"iarc\">Via al razionamento delle risorse idriche in tutta la Catalogna per fronteggiare l\u2019emergenza<\/h2>\n\n<p><strong>\u00c8 la fase peggiore di una crisi idrica senza precedenti iniziata nel novembre 2022 e che non accenna a fermarsi<\/strong>. Ben 202 comuni vanno ad aggiungersi ai 37 di Girona e Tarragona, in cui gi\u00e0 erano state attivate misure restrittive.<\/p>\n\n<p>Da venerd\u00ec 2 la Catalogna \u00e8 in \u201cemergenza 1\u201d: significa che i consumi idrici per singolo abitante non potranno superare i 200 litri al giorno (secondo l\u2019OMS, una doccia standard consuma 100 litri). <strong>Se la situazione dovesse peggiorare, l\u2019abbassamento della soglia andr\u00e0 prima a 180 e poi a 160 litri<\/strong>.\u00a0<\/p>\n\n<p>Lo stato d\u2019emergenza prevede inoltre <strong>forti restrizioni per l\u2019agricoltura, allevamenti e l\u2019industria.<\/strong><\/p>\n\n<figure class=\"wp-block-image size-large\"><img loading=\"lazy\" decoding=\"async\" width=\"1024\" height=\"683\" src=\"https:\/\/www.greenpeace.org\/static\/planet4-italy-stateless\/2024\/02\/2c47d30f-siccita-spagna-01-1024x683.jpg\" title=\"Terreni agricoli in Spagna inariditi a causa di mancanza di pioggia, cattiva gestione dell&#039;acqua e sistemi di irrigazione incontrollati\" alt=\"Terreni agricoli in Spagna inariditi a causa di mancanza di pioggia, cattiva gestione dell'acqua e sistemi di irrigazione incontrollati\" class=\"wp-image-20926\" srcset=\"https:\/\/www.greenpeace.org\/static\/planet4-italy-stateless\/2024\/02\/2c47d30f-siccita-spagna-01-1024x683.jpg 1024w, https:\/\/www.greenpeace.org\/static\/planet4-italy-stateless\/2024\/02\/2c47d30f-siccita-spagna-01-300x200.jpg 300w, https:\/\/www.greenpeace.org\/static\/planet4-italy-stateless\/2024\/02\/2c47d30f-siccita-spagna-01-768x512.jpg 768w, https:\/\/www.greenpeace.org\/static\/planet4-italy-stateless\/2024\/02\/2c47d30f-siccita-spagna-01-510x340.jpg 510w, https:\/\/www.greenpeace.org\/static\/planet4-italy-stateless\/2024\/02\/2c47d30f-siccita-spagna-01.jpg 1200w\" sizes=\"auto, (max-width: 1024px) 100vw, 1024px\" \/><\/figure>\n\n<h2 class=\"wp-block-heading\">Restano riserve di acqua per 15 mesi<\/h2>\n\n<p><strong>Secondo i rilevamenti pluviometrici in Catalogna non piove come dovrebbe da tre anni<\/strong>. Il presidente Aragon\u00e8s ha dichiarato che si tratta della peggiore siccit\u00e0 da almeno cent\u2019anni.<\/p>\n\n<p><strong>Le riserve idriche sono sotto il 16% della loro capacit\u00e0<\/strong> e nel medio termine non sono previste precipitazioni in grado compensare le riserve idriche prosciugate nei due bacini delle conche interne che alimentano il sistema Ter-Llobregat.<\/p>\n\n<p>Il problema non riguarda solo l\u2019acqua disponibile, ma anche e soprattutto quella che viene prelevata per gli usi umani, industriali e agricoli. <strong>Secondo il Water Exploitation Index (WEI), la Catalogna ha sovrasfruttato del 31% l\u2019acqua dolce disponibile<\/strong>: ci\u00f2 significa che la domanda attuale supera l\u2019uso sostenibile delle risorse idriche.<\/p>\n\n<p><strong>Inoltre il 57% delle falde acquifere, riserve cruciali nei periodi di siccit\u00e0, risultano contaminate <\/strong>principalmente a causa di un modello agricolo e di allevamento intensivo e industrializzato.<\/p>\n\n<h2 class=\"wp-block-heading\">La situazione della Catalogna rappresenta un campanello d\u2019allarme anche per il nostro Paese<\/h2>\n\n<p>Secondo uno <a href=\"https:\/\/www.greenpeace.org\/italy\/storia\/18200\/litalia-e-a-rischio-desertificazione\/\" target=\"_blank\" rel=\"noreferrer noopener\">studio pubblicato<\/a> da Istat e Greenpeace in occasione della giornata mondiale contro la desertificazione, <strong>il nostro Paese affronta un crescente \u201cstress idrico\u201d, inteso come il rapporto tra prelievi idrici totali e disponibilit\u00e0 di acqua dolce<\/strong>, soprattutto nelle zone in cui la domanda di acqua per l\u2019agricoltura intensiva \u00e8 pi\u00f9 alta e non calibrata su una disponibilit\u00e0 sempre pi\u00f9 scarsa a causa dei cambiamenti climatici.&nbsp;&nbsp;<\/p>\n\n<p>Per questo, a fianco della lotta ai cambiamenti climatici e alle aziende che ne sono principalmente responsabili, <strong>\u00e8 necessario affrontare un cambiamento radicale dei nostri modelli di utilizzo, a partire dal settore agricolo<\/strong> che, in Italia, rappresenta pi\u00f9 della met\u00e0 dei prelievi di acqua, un terzo della quale viene utilizzata per coltivazioni destinate alla filiera zootecnica: mangimi per i nostri allevamenti intensivi.<\/p>\n\n<p class=\"has-text-align-center\"><strong><em>Aiutaci a fermare i cambiamenti climatici<\/em><\/strong>.<\/p>\n\n<div class=\"wp-block-buttons is-layout-flex wp-block-buttons-is-layout-flex\">\n<div class=\"wp-block-button has-custom-width wp-block-button__width-100\"><a class=\"wp-block-button__link has-grey-900-color has-green-500-background-color has-text-color has-background has-link-color wp-element-button\" href=\"https:\/\/clima.greenpeace.it\/?utm_source=greenpeace.org&amp;utm_medium=news&amp;utm_campaign=clima&amp;utm_content=blog-siccita-catalogna\" target=\"_blank\" rel=\"noreferrer noopener\">FIRMA LA PETIZIONE<\/a><\/div>\n<\/div>\n\n<div class=\"wp-block-group is-nowrap is-layout-flex wp-container-core-group-is-layout-ad2f72ca wp-block-group-is-layout-flex\"><\/div>\n\n<h2 class=\"wp-block-heading\">\u201cDe donde no hay, no se puede sacar\u201d (dove manca, non si pu\u00f2 prelevare)<\/h2>\n\n<p><strong>Un problema, quello della gestione, che in Catalogna \u00e8 stato sollevato da Greenpeace Spagna insieme a gruppi ambientalisti, sociali e di quartiere<\/strong>, che da uno dei punti panoramici pi\u00f9 famosi di Barcellona<a href=\"https:\/\/greenpeace.smugmug.com\/Agua\/Sequ%C3%ADa-Barcelona-2024\/n-rrJQcr\/i-S4xD97m\" target=\"_blank\" rel=\"noreferrer noopener\"> hanno lanciato un messaggio<\/a> chiaro: \u201cCambiamenti climatici + Cattiva gestione = Siccit\u00e0\u201d.<\/p>\n\n<p><strong>Come in Spagna, anche in Italia \u00e8 sempre pi\u00f9 urgente affrontare entrambi gli aspetti del problema<\/strong>: per farlo, Greenpeace ha formulato <a href=\"https:\/\/www.greenpeace.org\/static\/planet4-italy-stateless\/2023\/03\/0656ad27-proposte_contro_siccita.pdf\" target=\"_blank\" rel=\"noreferrer noopener\">8 proposte al Governo per combattere la siccit\u00e0<\/a>.<\/p>\n\n<figure class=\"wp-block-image size-large\"><img loading=\"lazy\" decoding=\"async\" width=\"1024\" height=\"538\" src=\"https:\/\/www.greenpeace.org\/static\/planet4-italy-stateless\/2024\/02\/92d434ca-siccita-catalogna-azione-greenpeace-1024x538.jpg\" title=\"Attivista manifesta contro i cambiamenti climatici e la gestione dell&#039;acqua in Catalogna\" alt=\"Attivista manifesta contro i cambiamenti climatici e la gestione dell'acqua in Catalogna\" class=\"wp-image-20928\" srcset=\"https:\/\/www.greenpeace.org\/static\/planet4-italy-stateless\/2024\/02\/92d434ca-siccita-catalogna-azione-greenpeace-1024x538.jpg 1024w, https:\/\/www.greenpeace.org\/static\/planet4-italy-stateless\/2024\/02\/92d434ca-siccita-catalogna-azione-greenpeace-300x158.jpg 300w, https:\/\/www.greenpeace.org\/static\/planet4-italy-stateless\/2024\/02\/92d434ca-siccita-catalogna-azione-greenpeace-768x403.jpg 768w, https:\/\/www.greenpeace.org\/static\/planet4-italy-stateless\/2024\/02\/92d434ca-siccita-catalogna-azione-greenpeace-510x268.jpg 510w, https:\/\/www.greenpeace.org\/static\/planet4-italy-stateless\/2024\/02\/92d434ca-siccita-catalogna-azione-greenpeace.jpg 1200w\" sizes=\"auto, (max-width: 1024px) 100vw, 1024px\" \/><\/figure>\n\n<h2 class=\"wp-block-heading\">Siccit\u00e0 e ondate di calore sono problemi che non possiamo pi\u00f9 ignorare<\/h2>\n\n<p><strong>Negli ultimi anni in Spagna sono aumentati i fenomeni meteorologici estremi come le ondate di calore, la cui frequenza \u00e8 triplicata in dieci anni<\/strong>. La settimana scorsa nell\u2019est e nel sud del Paese sono state registrate temperature vicine ai trenta gradi: tutto questo si traduce in una drammatica mancanza di acqua e in danni alla salute delle persone.<\/p>\n\n<p><strong>Fenomeni come questi sono il prodotto dei cambiamenti climatici <\/strong>dovuti alle azioni di aziende di combustibili fossili senza scrupoli che continuano a inquinare il pianeta con emissioni di gas serra e di CO<sub>2<\/sub>.<\/p>\n\n<p class=\"has-text-align-center\"><em>Non c\u2019\u00e8 pi\u00f9 tempo: chi inquina e devasta il nostro pianeta deve pagare!<\/em><br><strong><em>Aiutaci a fermare i cambiamenti climatici<\/em><\/strong>.<\/p>\n\n<div class=\"wp-block-buttons is-layout-flex wp-block-buttons-is-layout-flex\">\n<div class=\"wp-block-button has-custom-width wp-block-button__width-100\"><a class=\"wp-block-button__link has-grey-900-color has-green-500-background-color has-text-color has-background has-link-color wp-element-button\" href=\"https:\/\/clima.greenpeace.it\/?utm_source=greenpeace.org&amp;utm_medium=news&amp;utm_campaign=clima&amp;utm_content=blog-siccita-catalogna\" target=\"_blank\" rel=\"noreferrer noopener\">FIRMA LA PETIZIONE<\/a><\/div>\n<\/div>\n\n<div class=\"wp-block-group is-nowrap is-layout-flex wp-container-core-group-is-layout-ad2f72ca wp-block-group-is-layout-flex\"><\/div>\n","protected":false},"excerpt":{"rendered":"<p>Si tratta della peggiore crisi idrica registrata in Spagna negli ultimi 100 anni.<\/p>\n","protected":false},"author":33,"featured_media":20920,"comment_status":"closed","ping_status":"open","sticky":false,"template":"","format":"standard","meta":{"ep_exclude_from_search":false,"p4_og_title":"Catalogna, emergenza siccit\u00e0: acqua razionata per 6 milioni di persone","p4_og_description":"La siccit\u00e0 ha messo in ginocchio la Catalogna. Si tratta della peggiore crisi idrica registrata in Spagna negli ultimi 100 anni.","p4_og_image":"https:\/\/www.greenpeace.org\/static\/planet4-italy-stateless\/2024\/02\/646fdfdf-siccita-spagna-03.jpg","p4_og_image_id":"20920","p4_seo_canonical_url":"","p4_campaign_name":"","p4_local_project":"","p4_basket_name":"","p4_department":"","footnotes":""},"categories":[20],"tags":[29],"p4-page-type":[19],"class_list":["post-20917","post","type-post","status-publish","format-standard","has-post-thumbnail","hentry","category-denuncia","tag-clima","p4-page-type-storia"],"_links":{"self":[{"href":"https:\/\/www.greenpeace.org\/italy\/wp-json\/wp\/v2\/posts\/20917","targetHints":{"allow":["GET"]}}],"collection":[{"href":"https:\/\/www.greenpeace.org\/italy\/wp-json\/wp\/v2\/posts"}],"about":[{"href":"https:\/\/www.greenpeace.org\/italy\/wp-json\/wp\/v2\/types\/post"}],"author":[{"embeddable":true,"href":"https:\/\/www.greenpeace.org\/italy\/wp-json\/wp\/v2\/users\/33"}],"replies":[{"embeddable":true,"href":"https:\/\/www.greenpeace.org\/italy\/wp-json\/wp\/v2\/comments?post=20917"}],"version-history":[{"count":20,"href":"https:\/\/www.greenpeace.org\/italy\/wp-json\/wp\/v2\/posts\/20917\/revisions"}],"predecessor-version":[{"id":21007,"href":"https:\/\/www.greenpeace.org\/italy\/wp-json\/wp\/v2\/posts\/20917\/revisions\/21007"}],"wp:featuredmedia":[{"embeddable":true,"href":"https:\/\/www.greenpeace.org\/italy\/wp-json\/wp\/v2\/media\/20920"}],"wp:attachment":[{"href":"https:\/\/www.greenpeace.org\/italy\/wp-json\/wp\/v2\/media?parent=20917"}],"wp:term":[{"taxonomy":"category","embeddable":true,"href":"https:\/\/www.greenpeace.org\/italy\/wp-json\/wp\/v2\/categories?post=20917"},{"taxonomy":"post_tag","embeddable":true,"href":"https:\/\/www.greenpeace.org\/italy\/wp-json\/wp\/v2\/tags?post=20917"},{"taxonomy":"p4-page-type","embeddable":true,"href":"https:\/\/www.greenpeace.org\/italy\/wp-json\/wp\/v2\/p4-page-type?post=20917"}],"curies":[{"name":"wp","href":"https:\/\/api.w.org\/{rel}","templated":true}]}}