{"id":21779,"date":"2024-02-22T11:44:54","date_gmt":"2024-02-22T10:44:54","guid":{"rendered":"https:\/\/www.greenpeace.org\/italy\/?p=21779"},"modified":"2024-02-26T18:41:19","modified_gmt":"2024-02-26T17:41:19","slug":"gruppo-locale-di-alessandria","status":"publish","type":"post","link":"https:\/\/www.greenpeace.org\/italy\/gruppo-locale\/21779\/gruppo-locale-di-alessandria\/","title":{"rendered":"Gruppo Locale di Alessandria"},"content":{"rendered":"\n<div class=\"wp-block-columns is-layout-flex wp-container-core-columns-is-layout-9d6595d7 wp-block-columns-is-layout-flex\">\n<div class=\"wp-block-column is-layout-flow wp-block-column-is-layout-flow\" style=\"flex-basis:66.66%\">\n<figure class=\"wp-block-image size-full\"><img loading=\"lazy\" decoding=\"async\" width=\"1437\" height=\"898\" src=\"https:\/\/www.greenpeace.org\/static\/planet4-italy-stateless\/2024\/02\/e318dec3-foto-alessandria-edited.jpg\" alt=\"\" class=\"wp-image-21782\" srcset=\"https:\/\/www.greenpeace.org\/static\/planet4-italy-stateless\/2024\/02\/e318dec3-foto-alessandria-edited.jpg 1437w, https:\/\/www.greenpeace.org\/static\/planet4-italy-stateless\/2024\/02\/e318dec3-foto-alessandria-edited-300x187.jpg 300w, https:\/\/www.greenpeace.org\/static\/planet4-italy-stateless\/2024\/02\/e318dec3-foto-alessandria-edited-1024x640.jpg 1024w, https:\/\/www.greenpeace.org\/static\/planet4-italy-stateless\/2024\/02\/e318dec3-foto-alessandria-edited-768x480.jpg 768w, https:\/\/www.greenpeace.org\/static\/planet4-italy-stateless\/2024\/02\/e318dec3-foto-alessandria-edited-510x319.jpg 510w\" sizes=\"auto, (max-width: 1437px) 100vw, 1437px\" \/><\/figure>\n<\/div>\n\n\n\n<div class=\"wp-block-column has-beige-100-background-color has-background is-layout-flow wp-block-column-is-layout-flow\" style=\"flex-basis:5px\"><\/div>\n\n\n\n<div class=\"wp-block-column is-layout-flow wp-block-column-is-layout-flow\" style=\"flex-basis:33.33%\">\n<h3 class=\"wp-block-heading has-green-500-color has-text-color\">Riferimenti Gruppo<\/h3>\n\n\n\n<p class=\"has-small-font-size\">Email: <br><a href=\"mailto:gl.alessandria@greenpeace.it\">gl.alessandria@greenpeace.it<\/a><br>Instagram:<br><a href=\"https:\/\/www.instagram.com\/greenpeace_alessandria\/\">@greenpeace_alessandria<\/a><br>Facebook:<br><a href=\"https:\/\/www.facebook.com\/greenpeaceGLalessandria\">Gruppo Locale di Alessandria<\/a><\/p>\n<\/div>\n<\/div>\n\n<p>Il Gruppo Locale di Alessandria \u00e8 nato nel 2020, con l&#8217;intento di occuparsi delle problematiche ambientali locali in relazione alle campagne nazionali e globali di Greenpeace. Ci unisce la voglia di migliorare il mondo di oggi e di domani attraverso azioni concrete. Sul territorio collaboriamo con altre realt\u00e0 che si occupano di ambiente, pace e diritti civili, perch\u00e9 pensiamo che l&#8217;unione faccia la forza! Ci piace organizzare festival, eventi di sensibilizzazione, conferenze, cineforum per aumentare la consapevolezza nella cittadinanza e creare una massa critica locale sempre pi\u00f9 attiva. All&#8217;interno del nostro gruppo usiamo il Metodo del Consenso: un modalit\u00e0 decisionale orizzontale basata sull&#8217;equit\u00e0 di potere e sulla responsabilit\u00e0 collettiva; il pensiero di ciascun partecipante ha valore e aiuta a crescere reciprocamente, vieni anche tu a portare la tua voce e le tue idee!<\/p>\n\n<div style=\"height:100px\" aria-hidden=\"true\" class=\"wp-block-spacer\"><\/div>\n","protected":false},"excerpt":{"rendered":"<p>Il Gruppo Locale di Alessandria \u00e8 nato nel 2020, con l&#8217;intento di occuparsi delle problematiche ambientali locali in relazione alle campagne nazionali e globali di Greenpeace. Ci unisce la voglia di migliorare il mondo di oggi e di domani attraverso azioni concrete. Sul territorio collaboriamo con altre realt\u00e0 che si occupano di ambiente, pace e diritti civili, perch\u00e9 pensiamo che l&#8217;unione faccia la forza! Ci piace organizzare festival, eventi di sensibilizzazione, conferenze, cineforum per aumentare la consapevolezza nella cittadinanza e creare una massa critica locale sempre pi\u00f9 attiva. All&#8217;interno del nostro gruppo usiamo il Metodo del Consenso: un modalit\u00e0 decisionale orizzontale basata sull&#8217;equit\u00e0 di potere e sulla responsabilit\u00e0 collettiva; il pensiero di ciascun partecipante ha valore e aiuta a crescere reciprocamente, vieni anche tu a portare la tua voce e le tue idee! <\/p>\n","protected":false},"author":33,"featured_media":21782,"comment_status":"closed","ping_status":"open","sticky":false,"template":"","format":"standard","meta":{"ep_exclude_from_search":false,"p4_og_title":"","p4_og_description":"","p4_og_image":"","p4_og_image_id":"","p4_seo_canonical_url":"","p4_campaign_name":"","p4_local_project":"","p4_basket_name":"","p4_department":"","footnotes":""},"categories":[55],"tags":[],"p4-page-type":[53],"class_list":["post-21779","post","type-post","status-publish","format-standard","has-post-thumbnail","hentry","category-entra-in-azione","p4-page-type-gruppo-locale"],"_links":{"self":[{"href":"https:\/\/www.greenpeace.org\/italy\/wp-json\/wp\/v2\/posts\/21779","targetHints":{"allow":["GET"]}}],"collection":[{"href":"https:\/\/www.greenpeace.org\/italy\/wp-json\/wp\/v2\/posts"}],"about":[{"href":"https:\/\/www.greenpeace.org\/italy\/wp-json\/wp\/v2\/types\/post"}],"author":[{"embeddable":true,"href":"https:\/\/www.greenpeace.org\/italy\/wp-json\/wp\/v2\/users\/33"}],"replies":[{"embeddable":true,"href":"https:\/\/www.greenpeace.org\/italy\/wp-json\/wp\/v2\/comments?post=21779"}],"version-history":[{"count":1,"href":"https:\/\/www.greenpeace.org\/italy\/wp-json\/wp\/v2\/posts\/21779\/revisions"}],"predecessor-version":[{"id":21783,"href":"https:\/\/www.greenpeace.org\/italy\/wp-json\/wp\/v2\/posts\/21779\/revisions\/21783"}],"wp:featuredmedia":[{"embeddable":true,"href":"https:\/\/www.greenpeace.org\/italy\/wp-json\/wp\/v2\/media\/21782"}],"wp:attachment":[{"href":"https:\/\/www.greenpeace.org\/italy\/wp-json\/wp\/v2\/media?parent=21779"}],"wp:term":[{"taxonomy":"category","embeddable":true,"href":"https:\/\/www.greenpeace.org\/italy\/wp-json\/wp\/v2\/categories?post=21779"},{"taxonomy":"post_tag","embeddable":true,"href":"https:\/\/www.greenpeace.org\/italy\/wp-json\/wp\/v2\/tags?post=21779"},{"taxonomy":"p4-page-type","embeddable":true,"href":"https:\/\/www.greenpeace.org\/italy\/wp-json\/wp\/v2\/p4-page-type?post=21779"}],"curies":[{"name":"wp","href":"https:\/\/api.w.org\/{rel}","templated":true}]}}