{"id":22138,"date":"2024-02-28T15:55:22","date_gmt":"2024-02-28T14:55:22","guid":{"rendered":"https:\/\/www.greenpeace.org\/italy\/?p=22138"},"modified":"2024-02-28T15:55:26","modified_gmt":"2024-02-28T14:55:26","slug":"greenpeace-italia-e-recommon-grave-intimidazione-di-eni-ieri-su-rai-3-durante-la-trasmissione-petrolio-intervenga-la-commissione-di-vigilanza-rai","status":"publish","type":"post","link":"https:\/\/www.greenpeace.org\/italy\/comunicato-stampa\/22138\/greenpeace-italia-e-recommon-grave-intimidazione-di-eni-ieri-su-rai-3-durante-la-trasmissione-petrolio-intervenga-la-commissione-di-vigilanza-rai\/","title":{"rendered":"Greenpeace Italia e ReCommon: \u00abGrave intimidazione di ENI ieri su RAI 3 durante la trasmissione \u201cPetrolio\u201d, intervenga la commissione di vigilanza RAI\u00bb"},"content":{"rendered":"\n<p>\u00abLa censura preventiva messa in campo ieri da ENI in prima serata durante la trasmissione di RAI 3 \u201cPetrolio\u201d, con la lettura di un comunicato dai toni durissimi e intimidatori nei confronti della redazione, che ha impedito un dibattito sulle sue responsabilit\u00e0 per la crisi climatica, e <a href=\"https:\/\/www.greenpeace.org\/italy\/comunicato-stampa\/17743\/causa-civile-contro-eni-presentata-da-greenpeace-italia-recommon-e-12-cittadine-e-cittadini-italiani-loperato-della-societa-peggiora-la-crisi-climatica-e-viola-i-diritti-umani\/\" target=\"_blank\" rel=\"noreferrer noopener\">sulla causa che come Greenpeace Italia e ReCommon abbiamo intentato nei suoi confronti per gli impatti delle sue attivit\u00e0 sul clima<\/a>, \u00e8 di una inaudita gravit\u00e0. Chiediamo che intervenga la Commissione di vigilanza RAI per appurare cosa \u00e8 successo e se, come sembrerebbe, ci sono state pressioni indebite da parte di un\u2019azienda controllata dallo Stato su una trasmissione del servizio pubblico, tali da impedire un livello di informazione completo e trasparente\u00bb.&nbsp;<\/p>\n\n<p>Cos\u00ec Greenpeace Italia e ReCommon commentano quanto successo durante l\u2019ultima puntata del programma condotto da Duilio Giammaria, incentrata su un\u2019inchiesta sulla consapevolezza da parte della compagnia statunitense dell\u2019oil&amp;gas EXXON, a partire dagli anni Settanta, dei danni inferti al clima del pianeta dallo sfruttamento delle fonti fossili. Nei mesi scorsi Greenpeace Italia e ReCommon hanno dimostrato, <a href=\"https:\/\/www.greenpeace.org\/italy\/comunicato-stampa\/18858\/eni-conosceva-gli-effetti-delle-fonti-fossili-sul-clima-fin-dagli-anni-settanta-svela-ricerca-di-greenpeace-italia-e-recommon\/\" target=\"_blank\" rel=\"noreferrer noopener\">con il report \u201cENI sapeva\u201d<\/a>, come anche l\u2019azienda petrolifera italiana possa essere inserita nel novero di quei colossi energetici che conoscevano gi\u00e0 decenni fa i danni che il loro business avrebbe causato al clima terrestre, ma che hanno deciso di ignorare questi allarmi, continuando a sfruttare le fonti fossili nonostante siano la maggiore causa di accumulo di anidride carbonica in atmosfera.&nbsp;<\/p>\n\n<p>ENI, in maniera preventiva, ha inviato una nota, letta dal conduttore, in cui ha spiegato di aver declinato l\u2019invito a partecipare al dibattito programmato, poich\u00e9 la trasmissione &#8211; andata in onda in diretta &#8211; avrebbe preso la strada di \u201cun atto di accusa pregiudiziale verso le societ\u00e0 energetiche, basato su contestazioni inaccettabili e che saranno demolite in altre sedi dedicate\u201d. Il lavoro investigativo di Greenpeace Italia e ReCommon, sebben noto alla redazione, non \u00e8 dunque stato mai menzionato nell\u2019arco della puntata.&nbsp;<\/p>\n\n<p>\u00ab\u00c8 evidente che ENI non vuole che si parli del suo contributo alla crisi climatica, come dimostra quanto successo ieri sera. Ci chiediamo dunque: se l\u2019azienda \u00e8 sicura del proprio operato, di cosa ha paura? Perch\u00e9 scappa dal confronto? Vista la reazione scomposta di ieri, pare proprio che il Cane a sei zampe abbia davvero una gran coda di paglia\u00bb, concludono le organizzazioni.&nbsp;&nbsp;<\/p>\n","protected":false},"excerpt":{"rendered":"<p>\u00abLa censura preventiva messa in campo ieri da ENI in prima serata durante la trasmissione di RAI 3 \u201cPetrolio\u201d, con la lettura di un comunicato dai toni durissimi e intimidatori&hellip;<\/p>\n","protected":false},"author":33,"featured_media":13665,"comment_status":"closed","ping_status":"open","sticky":false,"template":"","format":"standard","meta":{"ep_exclude_from_search":false,"p4_og_title":"","p4_og_description":"","p4_og_image":"","p4_og_image_id":"","p4_seo_canonical_url":"","p4_campaign_name":"","p4_local_project":"","p4_basket_name":"","p4_department":"","footnotes":""},"categories":[20,24],"tags":[],"p4-page-type":[23],"class_list":["post-22138","post","type-post","status-publish","format-standard","has-post-thumbnail","hentry","category-denuncia","category-scegli","p4-page-type-comunicato-stampa"],"_links":{"self":[{"href":"https:\/\/www.greenpeace.org\/italy\/wp-json\/wp\/v2\/posts\/22138","targetHints":{"allow":["GET"]}}],"collection":[{"href":"https:\/\/www.greenpeace.org\/italy\/wp-json\/wp\/v2\/posts"}],"about":[{"href":"https:\/\/www.greenpeace.org\/italy\/wp-json\/wp\/v2\/types\/post"}],"author":[{"embeddable":true,"href":"https:\/\/www.greenpeace.org\/italy\/wp-json\/wp\/v2\/users\/33"}],"replies":[{"embeddable":true,"href":"https:\/\/www.greenpeace.org\/italy\/wp-json\/wp\/v2\/comments?post=22138"}],"version-history":[{"count":1,"href":"https:\/\/www.greenpeace.org\/italy\/wp-json\/wp\/v2\/posts\/22138\/revisions"}],"predecessor-version":[{"id":22139,"href":"https:\/\/www.greenpeace.org\/italy\/wp-json\/wp\/v2\/posts\/22138\/revisions\/22139"}],"wp:featuredmedia":[{"embeddable":true,"href":"https:\/\/www.greenpeace.org\/italy\/wp-json\/wp\/v2\/media\/13665"}],"wp:attachment":[{"href":"https:\/\/www.greenpeace.org\/italy\/wp-json\/wp\/v2\/media?parent=22138"}],"wp:term":[{"taxonomy":"category","embeddable":true,"href":"https:\/\/www.greenpeace.org\/italy\/wp-json\/wp\/v2\/categories?post=22138"},{"taxonomy":"post_tag","embeddable":true,"href":"https:\/\/www.greenpeace.org\/italy\/wp-json\/wp\/v2\/tags?post=22138"},{"taxonomy":"p4-page-type","embeddable":true,"href":"https:\/\/www.greenpeace.org\/italy\/wp-json\/wp\/v2\/p4-page-type?post=22138"}],"curies":[{"name":"wp","href":"https:\/\/api.w.org\/{rel}","templated":true}]}}