{"id":22505,"date":"2024-05-07T11:28:49","date_gmt":"2024-05-07T09:28:49","guid":{"rendered":"https:\/\/www.greenpeace.org\/italy\/?p=22505"},"modified":"2025-07-02T09:24:51","modified_gmt":"2025-07-02T07:24:51","slug":"food-forest-roma","status":"publish","type":"post","link":"https:\/\/www.greenpeace.org\/italy\/storia\/22505\/food-forest-roma\/","title":{"rendered":"Il nostro Bosco delle Api di Roma: sta fiorendo una piccola oasi di biodiversit\u00e0!"},"content":{"rendered":"\n<p><strong>Hai mai sognato di trasformare un terreno abbandonato in una piccola oasi di biodiversit\u00e0? <\/strong>Noi l\u2019abbiamo fatto, e siamo entusiasti di condividere il racconto di questa avventura.<\/p>\n\n<p>Da sempre siamo impegnati nella difesa delle foreste, della biodiversit\u00e0 e degli ecosistemi naturali: da tempo denunciamo le malefatte di societ\u00e0, multinazionali e governi ai danni della natura, in Europa e nel mondo.&nbsp;<\/p>\n\n<p>In questo mese che dedichiamo alle api e gli altri impollinatori, vogliamo raccontarti di uno dei due progetti locali che stanno letteralmente mettendo radici qui in Italia, quello del nostro Bosco delle Api di Roma.<\/p>\n\n<figure class=\"wp-block-image size-large\"><img loading=\"lazy\" decoding=\"async\" width=\"1024\" height=\"683\" src=\"https:\/\/www.greenpeace.org\/static\/planet4-italy-stateless\/2024\/03\/e17e90ef-food-forest-oggi-1024x683.jpg\" alt=\"\" class=\"wp-image-22545\" srcset=\"https:\/\/www.greenpeace.org\/static\/planet4-italy-stateless\/2024\/03\/e17e90ef-food-forest-oggi-1024x683.jpg 1024w, https:\/\/www.greenpeace.org\/static\/planet4-italy-stateless\/2024\/03\/e17e90ef-food-forest-oggi-300x200.jpg 300w, https:\/\/www.greenpeace.org\/static\/planet4-italy-stateless\/2024\/03\/e17e90ef-food-forest-oggi-768x512.jpg 768w, https:\/\/www.greenpeace.org\/static\/planet4-italy-stateless\/2024\/03\/e17e90ef-food-forest-oggi-510x340.jpg 510w, https:\/\/www.greenpeace.org\/static\/planet4-italy-stateless\/2024\/03\/e17e90ef-food-forest-oggi.jpg 1200w\" sizes=\"auto, (max-width: 1024px) 100vw, 1024px\" \/><figcaption class=\"wp-element-caption\">La nostra food forest in fiore<\/figcaption><\/figure>\n\n<h2 class=\"wp-block-heading\" id=\"fondi\">Food forest: un\u2019idea di rinascita verde<\/h2>\n\n<p><strong>Il Bosco delle Api \u00e8 una \u201cfood forest\u201d (orto-bosco), cio\u00e8&nbsp; una coltivazione multifunzionale che simula, in piccola scala, un ecosistema boschivo su pi\u00f9 strati<\/strong> in cui possiamo trovare piante da frutto, erbe medicinali e officinali, bacche, ortaggi, fiori e molto altro, in sinergia con le piante spontanee e gli animali che popolano quel particolare habitat.<\/p>\n\n<p><strong>Le food forest rappresentano quindi un ecosistema ricco di biodiversit\u00e0 e per questo si popolano di insetti preziosi, come le api<\/strong>. Inoltre, le food forest possono fornire spazi per la ricreazione, l&#8217;istruzione e la costruzione di comunit\u00e0 e hanno il potenziale di fornire cibo, mezzi di sussistenza e servizi ambientali. Sono quindi \u201csoluzioni naturali&#8221; per contribuire alla battaglia per salvare il clima del pianeta.<\/p>\n\n<p>Nel 2020, mentre affrontavamo pandemia e lockdown, avevamo gi\u00e0 ribadito la necessit\u00e0 di rendere le citt\u00e0 pi\u00f9 sostenibili e resilienti ai cambiamenti climatici, per esempio attraverso una <a href=\"https:\/\/www.greenpeace.org\/italy\/storia\/13779\/verde-in-citta-i-benefici-delle-aree-verdi-urbane-e-limportanza-di-evitare-false-soluzioni\/\" target=\"_blank\" rel=\"noreferrer noopener\">rigenerazione urbana<\/a> che mettesse al centro le persone e l\u2019ambiente. E ci siamo anche rimboccati le maniche.<\/p>\n\n<p>A Roma, nel quartiere Esquilino, insieme ad altre realt\u00e0 abbiamo pensato e installato una <a href=\"https:\/\/www.greenpeace.org\/italy\/comunicato-stampa\/12590\/greenpeace-giornata-mondiale-delle-citta-presentata-una-struttura-per-studiare-in-sicurezza-allaperto\/\" target=\"_blank\" rel=\"noreferrer noopener\">struttura modulare in legno <\/a>che potesse consentire di fare attivit\u00e0 didattica all\u2019aria aperta e ospitare iniziative culturali.&nbsp;<strong>Poi, sempre a Roma ma nel quartiere Tiburtino, abbiamo deciso di trasformare uno spazio sprecato, coperto di immondizia, in un una piccola oasi di biodiversit\u00e0<\/strong>: un&#8217;opportunit\u00e0 per la natura e per le persone.<\/p>\n\n<p class=\"has-text-align-center\"><em>Aiutaci a prenderci cura del Bosco delle Api: sostieni ora il nostro progetto per fermare il declino delle api e della biodiversit\u00e0!<\/em><\/p>\n\n<div class=\"wp-block-buttons is-layout-flex wp-block-buttons-is-layout-flex\">\n<div class=\"wp-block-button has-custom-width wp-block-button__width-100\"><a class=\"wp-block-button__link has-grey-900-color has-action-yellow-background-color has-text-color has-background has-link-color wp-element-button\" href=\"https:\/\/donazione.greenpeace.it\/boscoapi\/~mia-donazione?utm_source=greenpeace.org&amp;utm_medium=news&amp;utm_campaign=fr&amp;utm_content=boscoapi&amp;utm_term=fb\" target=\"_blank\" rel=\"noreferrer noopener\">DONA ORA<\/a><\/div>\n<\/div>\n\n<div class=\"wp-block-group is-nowrap is-layout-flex wp-container-core-group-is-layout-ad2f72ca wp-block-group-is-layout-flex\"><\/div>\n\n<figure class=\"wp-block-embed is-type-video is-provider-youtube wp-block-embed-youtube wp-embed-aspect-16-9 wp-has-aspect-ratio\"><div class=\"wp-block-embed__wrapper\">\n<iframe loading=\"lazy\" title=\"Una giornata nel Bosco delle Api di Roma!\" width=\"500\" height=\"281\" src=\"https:\/\/www.youtube.com\/embed\/RommMrkrPy0?feature=oembed\" frameborder=\"0\" allow=\"accelerometer; autoplay; clipboard-write; encrypted-media; gyroscope; picture-in-picture; web-share\" referrerpolicy=\"strict-origin-when-cross-origin\" allowfullscreen><\/iframe>\n<\/div><\/figure>\n\n<h2 class=\"wp-block-heading\">Il nostro Bosco delle Api di Roma, nato dalla riqualificazione di un\u2019area abbandonata<\/h2>\n\n<p>Dopo aver individuato l\u2019area da rigenerare, grazie all\u2019aiuto di un permacultore, <strong>abbiamo proceduto a un&#8217;attenta progettazione e all&#8217;analisi del terreno<\/strong>. Vista la presenza di una notevole quantit\u00e0 di macerie e immondizia, <strong>prima di avviare i lavori sono stati prelevati e analizzati alcuni campioni di terreno<\/strong> e fortunatamente le analisi hanno evidenziato che, sebbene il suolo non fosse in buono stato, erano assenti sostanze inquinanti.<\/p>\n\n<p><strong>Il passo successivo \u00e8 stata la rimozione di tutto il materiale scaricato e depositato negli anni<\/strong>: 25 sacchi di detriti e spazzatura, per fare spazio a un nuovo inizio! Tra i rifiuti e i detriti abbiamo trovato anche delle pietre e le abbiamo riutilizzate per costruire un muretto perimetrale.&nbsp;<\/p>\n<div data-hydrate=\"planet4-blocks\/gallery\" data-attributes=\"{&quot;attributes&quot;:{&quot;multiple_image&quot;:&quot;22529,22528,22527,22526,22524&quot;,&quot;image_data&quot;:[{&quot;url&quot;:&quot;https:\\\/\\\/www.greenpeace.org\\\/static\\\/planet4-italy-stateless\\\/2024\\\/03\\\/2adf8877-5-food-forest-prima.jpg&quot;,&quot;focalPoint&quot;:{&quot;x&quot;:0.5,&quot;y&quot;:0.5},&quot;id&quot;:22529},{&quot;url&quot;:&quot;https:\\\/\\\/www.greenpeace.org\\\/static\\\/planet4-italy-stateless\\\/2024\\\/03\\\/86d65202-1-food-forest-prima.jpg&quot;,&quot;focalPoint&quot;:{&quot;x&quot;:0.5,&quot;y&quot;:0.5},&quot;id&quot;:22528},{&quot;url&quot;:&quot;https:\\\/\\\/www.greenpeace.org\\\/static\\\/planet4-italy-stateless\\\/2024\\\/03\\\/8cc27f9c-4-food-forest-prima.jpg&quot;,&quot;focalPoint&quot;:{&quot;x&quot;:0.5,&quot;y&quot;:0.5},&quot;id&quot;:22527},{&quot;url&quot;:&quot;https:\\\/\\\/www.greenpeace.org\\\/static\\\/planet4-italy-stateless\\\/2024\\\/03\\\/a1f15c2b-3-food-forest-prima.jpg&quot;,&quot;focalPoint&quot;:{&quot;x&quot;:0.5,&quot;y&quot;:0.5},&quot;id&quot;:22526},{&quot;url&quot;:&quot;https:\\\/\\\/www.greenpeace.org\\\/static\\\/planet4-italy-stateless\\\/2024\\\/03\\\/33f8d61d-2-food-forest-prima.jpg&quot;,&quot;focalPoint&quot;:{&quot;x&quot;:0.5,&quot;y&quot;:0.5},&quot;id&quot;:22524}],&quot;gallery_block_style&quot;:0,&quot;gallery_block_title&quot;:&quot;&quot;,&quot;gallery_block_description&quot;:&quot;&quot;,&quot;gallery_block_focus_points&quot;:&quot;&quot;,&quot;images&quot;:[{&quot;image_src&quot;:&quot;https:\\\/\\\/www.greenpeace.org\\\/static\\\/planet4-italy-stateless\\\/2024\\\/03\\\/2adf8877-5-food-forest-prima.jpg&quot;,&quot;image_srcset&quot;:&quot;https:\\\/\\\/www.greenpeace.org\\\/static\\\/planet4-italy-stateless\\\/2024\\\/03\\\/2adf8877-5-food-forest-prima.jpg 1200w, https:\\\/\\\/www.greenpeace.org\\\/static\\\/planet4-italy-stateless\\\/2024\\\/03\\\/2adf8877-5-food-forest-prima-300x200.jpg 300w, https:\\\/\\\/www.greenpeace.org\\\/static\\\/planet4-italy-stateless\\\/2024\\\/03\\\/2adf8877-5-food-forest-prima-1024x683.jpg 1024w, https:\\\/\\\/www.greenpeace.org\\\/static\\\/planet4-italy-stateless\\\/2024\\\/03\\\/2adf8877-5-food-forest-prima-768x512.jpg 768w, https:\\\/\\\/www.greenpeace.org\\\/static\\\/planet4-italy-stateless\\\/2024\\\/03\\\/2adf8877-5-food-forest-prima-510x340.jpg 510w&quot;,&quot;image_sizes&quot;:false,&quot;alt_text&quot;:&quot;&quot;,&quot;caption&quot;:&quot;La situazione prima del nostro intervento&quot;,&quot;focus_image&quot;:&quot;&quot;,&quot;credits&quot;:&quot;&quot;},{&quot;image_src&quot;:&quot;https:\\\/\\\/www.greenpeace.org\\\/static\\\/planet4-italy-stateless\\\/2024\\\/03\\\/86d65202-1-food-forest-prima.jpg&quot;,&quot;image_srcset&quot;:&quot;https:\\\/\\\/www.greenpeace.org\\\/static\\\/planet4-italy-stateless\\\/2024\\\/03\\\/86d65202-1-food-forest-prima.jpg 1200w, https:\\\/\\\/www.greenpeace.org\\\/static\\\/planet4-italy-stateless\\\/2024\\\/03\\\/86d65202-1-food-forest-prima-300x200.jpg 300w, https:\\\/\\\/www.greenpeace.org\\\/static\\\/planet4-italy-stateless\\\/2024\\\/03\\\/86d65202-1-food-forest-prima-1024x683.jpg 1024w, https:\\\/\\\/www.greenpeace.org\\\/static\\\/planet4-italy-stateless\\\/2024\\\/03\\\/86d65202-1-food-forest-prima-768x512.jpg 768w, https:\\\/\\\/www.greenpeace.org\\\/static\\\/planet4-italy-stateless\\\/2024\\\/03\\\/86d65202-1-food-forest-prima-510x340.jpg 510w&quot;,&quot;image_sizes&quot;:false,&quot;alt_text&quot;:&quot;&quot;,&quot;caption&quot;:&quot;La situazione prima del nostro intervento&quot;,&quot;focus_image&quot;:&quot;&quot;,&quot;credits&quot;:&quot;&quot;},{&quot;image_src&quot;:&quot;https:\\\/\\\/www.greenpeace.org\\\/static\\\/planet4-italy-stateless\\\/2024\\\/03\\\/8cc27f9c-4-food-forest-prima.jpg&quot;,&quot;image_srcset&quot;:&quot;https:\\\/\\\/www.greenpeace.org\\\/static\\\/planet4-italy-stateless\\\/2024\\\/03\\\/8cc27f9c-4-food-forest-prima.jpg 1200w, https:\\\/\\\/www.greenpeace.org\\\/static\\\/planet4-italy-stateless\\\/2024\\\/03\\\/8cc27f9c-4-food-forest-prima-300x200.jpg 300w, https:\\\/\\\/www.greenpeace.org\\\/static\\\/planet4-italy-stateless\\\/2024\\\/03\\\/8cc27f9c-4-food-forest-prima-1024x683.jpg 1024w, https:\\\/\\\/www.greenpeace.org\\\/static\\\/planet4-italy-stateless\\\/2024\\\/03\\\/8cc27f9c-4-food-forest-prima-768x512.jpg 768w, https:\\\/\\\/www.greenpeace.org\\\/static\\\/planet4-italy-stateless\\\/2024\\\/03\\\/8cc27f9c-4-food-forest-prima-510x340.jpg 510w&quot;,&quot;image_sizes&quot;:false,&quot;alt_text&quot;:&quot;&quot;,&quot;caption&quot;:&quot;La situazione prima del nostro intervento&quot;,&quot;focus_image&quot;:&quot;&quot;,&quot;credits&quot;:&quot;&quot;},{&quot;image_src&quot;:&quot;https:\\\/\\\/www.greenpeace.org\\\/static\\\/planet4-italy-stateless\\\/2024\\\/03\\\/a1f15c2b-3-food-forest-prima.jpg&quot;,&quot;image_srcset&quot;:&quot;https:\\\/\\\/www.greenpeace.org\\\/static\\\/planet4-italy-stateless\\\/2024\\\/03\\\/a1f15c2b-3-food-forest-prima.jpg 1200w, https:\\\/\\\/www.greenpeace.org\\\/static\\\/planet4-italy-stateless\\\/2024\\\/03\\\/a1f15c2b-3-food-forest-prima-300x200.jpg 300w, https:\\\/\\\/www.greenpeace.org\\\/static\\\/planet4-italy-stateless\\\/2024\\\/03\\\/a1f15c2b-3-food-forest-prima-1024x683.jpg 1024w, https:\\\/\\\/www.greenpeace.org\\\/static\\\/planet4-italy-stateless\\\/2024\\\/03\\\/a1f15c2b-3-food-forest-prima-768x512.jpg 768w, https:\\\/\\\/www.greenpeace.org\\\/static\\\/planet4-italy-stateless\\\/2024\\\/03\\\/a1f15c2b-3-food-forest-prima-510x340.jpg 510w&quot;,&quot;image_sizes&quot;:false,&quot;alt_text&quot;:&quot;&quot;,&quot;caption&quot;:&quot;La situazione prima del nostro intervento&quot;,&quot;focus_image&quot;:&quot;&quot;,&quot;credits&quot;:&quot;&quot;},{&quot;image_src&quot;:&quot;https:\\\/\\\/www.greenpeace.org\\\/static\\\/planet4-italy-stateless\\\/2024\\\/03\\\/33f8d61d-2-food-forest-prima.jpg&quot;,&quot;image_srcset&quot;:&quot;https:\\\/\\\/www.greenpeace.org\\\/static\\\/planet4-italy-stateless\\\/2024\\\/03\\\/33f8d61d-2-food-forest-prima.jpg 1200w, https:\\\/\\\/www.greenpeace.org\\\/static\\\/planet4-italy-stateless\\\/2024\\\/03\\\/33f8d61d-2-food-forest-prima-300x200.jpg 300w, https:\\\/\\\/www.greenpeace.org\\\/static\\\/planet4-italy-stateless\\\/2024\\\/03\\\/33f8d61d-2-food-forest-prima-1024x683.jpg 1024w, https:\\\/\\\/www.greenpeace.org\\\/static\\\/planet4-italy-stateless\\\/2024\\\/03\\\/33f8d61d-2-food-forest-prima-768x512.jpg 768w, https:\\\/\\\/www.greenpeace.org\\\/static\\\/planet4-italy-stateless\\\/2024\\\/03\\\/33f8d61d-2-food-forest-prima-510x340.jpg 510w&quot;,&quot;image_sizes&quot;:false,&quot;alt_text&quot;:&quot;&quot;,&quot;caption&quot;:&quot;La situazione prima del nostro intervento&quot;,&quot;focus_image&quot;:&quot;&quot;,&quot;credits&quot;:&quot;&quot;}]}}\"><section class=\"block carousel-wrap \"><\/section><\/div>\n<p><strong>Un altro passo fondamentale \u00e8 stato l&#8217;installazione di una cisterna da 5000 litri e del sistema di irrigazione<\/strong>, fondamentali per affrontare i sempre pi\u00f9 comuni periodi di siccit\u00e0.<\/p>\n\n<p>Con l&#8217;aiuto delle nostre volontarie e dei nostri volontari, <strong>abbiamo messo a dimora rosmarino, salvia, timo e molte altre piante aromatiche<\/strong>, lungo tutto il perimetro dell&#8217;area verde in modo da lasciare spazio per un&#8217;area cani. Abbiamo piantato anche<strong> alloro, corbezzolo, gelsomino e altri arbusti, a cui sono seguiti anche un melo, un prugno, un mandorlo e altri 9 alberi da frutto<\/strong> donati da <a href=\"https:\/\/archeologiaarborea.com\" target=\"_blank\" rel=\"noreferrer noopener\">Archeologia Arborea<\/a>. Ultimamente, oltre a piantare <strong>legumi e insalate<\/strong>, abbiamo anche costruito (con materiali di riciclo) e posizionato degli \u201c<strong>hotel per insetti<\/strong>\u201d e una <strong>compostiera<\/strong>.&nbsp;<\/p>\n<div data-hydrate=\"planet4-blocks\/gallery\" data-attributes=\"{&quot;attributes&quot;:{&quot;gallery_block_description&quot;:&quot;&lt;br&gt;&quot;,&quot;multiple_image&quot;:&quot;22536,22535,22532,22533,22534&quot;,&quot;image_data&quot;:[{&quot;url&quot;:&quot;https:\\\/\\\/www.greenpeace.org\\\/static\\\/planet4-italy-stateless\\\/2024\\\/03\\\/e3b73f3b-1-lavori-food-forest.jpg&quot;,&quot;focalPoint&quot;:{&quot;x&quot;:0.5,&quot;y&quot;:0.5},&quot;id&quot;:22536},{&quot;url&quot;:&quot;https:\\\/\\\/www.greenpeace.org\\\/static\\\/planet4-italy-stateless\\\/2024\\\/03\\\/a60c3013-2-lavori-food-forest.jpg&quot;,&quot;focalPoint&quot;:{&quot;x&quot;:0.5,&quot;y&quot;:0.5},&quot;id&quot;:22535},{&quot;url&quot;:&quot;https:\\\/\\\/www.greenpeace.org\\\/static\\\/planet4-italy-stateless\\\/2024\\\/03\\\/0ed6478d-3-lavori-food-forest.jpg&quot;,&quot;focalPoint&quot;:{&quot;x&quot;:0.5,&quot;y&quot;:0.5},&quot;id&quot;:22532},{&quot;url&quot;:&quot;https:\\\/\\\/www.greenpeace.org\\\/static\\\/planet4-italy-stateless\\\/2024\\\/03\\\/58c3f6d3-4-lavori-food-forest.jpg&quot;,&quot;focalPoint&quot;:{&quot;x&quot;:0.5,&quot;y&quot;:0.5},&quot;id&quot;:22533},{&quot;url&quot;:&quot;https:\\\/\\\/www.greenpeace.org\\\/static\\\/planet4-italy-stateless\\\/2024\\\/03\\\/47e363c8-5-lavori-food-forest.jpg&quot;,&quot;focalPoint&quot;:{&quot;x&quot;:0.5,&quot;y&quot;:0.5},&quot;id&quot;:22534}],&quot;gallery_block_style&quot;:0,&quot;gallery_block_title&quot;:&quot;&quot;,&quot;gallery_block_focus_points&quot;:&quot;&quot;,&quot;images&quot;:[{&quot;image_src&quot;:&quot;https:\\\/\\\/www.greenpeace.org\\\/static\\\/planet4-italy-stateless\\\/2024\\\/03\\\/e3b73f3b-1-lavori-food-forest.jpg&quot;,&quot;image_srcset&quot;:&quot;https:\\\/\\\/www.greenpeace.org\\\/static\\\/planet4-italy-stateless\\\/2024\\\/03\\\/e3b73f3b-1-lavori-food-forest.jpg 1200w, https:\\\/\\\/www.greenpeace.org\\\/static\\\/planet4-italy-stateless\\\/2024\\\/03\\\/e3b73f3b-1-lavori-food-forest-300x200.jpg 300w, https:\\\/\\\/www.greenpeace.org\\\/static\\\/planet4-italy-stateless\\\/2024\\\/03\\\/e3b73f3b-1-lavori-food-forest-1024x683.jpg 1024w, https:\\\/\\\/www.greenpeace.org\\\/static\\\/planet4-italy-stateless\\\/2024\\\/03\\\/e3b73f3b-1-lavori-food-forest-768x512.jpg 768w, https:\\\/\\\/www.greenpeace.org\\\/static\\\/planet4-italy-stateless\\\/2024\\\/03\\\/e3b73f3b-1-lavori-food-forest-510x340.jpg 510w&quot;,&quot;image_sizes&quot;:false,&quot;alt_text&quot;:&quot;&quot;,&quot;caption&quot;:&quot;Al lavoro! La food forest prende forma&quot;,&quot;focus_image&quot;:&quot;&quot;,&quot;credits&quot;:&quot;&quot;},{&quot;image_src&quot;:&quot;https:\\\/\\\/www.greenpeace.org\\\/static\\\/planet4-italy-stateless\\\/2024\\\/03\\\/a60c3013-2-lavori-food-forest.jpg&quot;,&quot;image_srcset&quot;:&quot;https:\\\/\\\/www.greenpeace.org\\\/static\\\/planet4-italy-stateless\\\/2024\\\/03\\\/a60c3013-2-lavori-food-forest.jpg 1200w, https:\\\/\\\/www.greenpeace.org\\\/static\\\/planet4-italy-stateless\\\/2024\\\/03\\\/a60c3013-2-lavori-food-forest-300x200.jpg 300w, https:\\\/\\\/www.greenpeace.org\\\/static\\\/planet4-italy-stateless\\\/2024\\\/03\\\/a60c3013-2-lavori-food-forest-1024x683.jpg 1024w, https:\\\/\\\/www.greenpeace.org\\\/static\\\/planet4-italy-stateless\\\/2024\\\/03\\\/a60c3013-2-lavori-food-forest-768x512.jpg 768w, https:\\\/\\\/www.greenpeace.org\\\/static\\\/planet4-italy-stateless\\\/2024\\\/03\\\/a60c3013-2-lavori-food-forest-510x340.jpg 510w&quot;,&quot;image_sizes&quot;:false,&quot;alt_text&quot;:&quot;&quot;,&quot;caption&quot;:&quot;Al lavoro! La food forest prende forma&quot;,&quot;focus_image&quot;:&quot;&quot;,&quot;credits&quot;:&quot;&quot;},{&quot;image_src&quot;:&quot;https:\\\/\\\/www.greenpeace.org\\\/static\\\/planet4-italy-stateless\\\/2024\\\/03\\\/0ed6478d-3-lavori-food-forest.jpg&quot;,&quot;image_srcset&quot;:&quot;https:\\\/\\\/www.greenpeace.org\\\/static\\\/planet4-italy-stateless\\\/2024\\\/03\\\/0ed6478d-3-lavori-food-forest.jpg 1200w, https:\\\/\\\/www.greenpeace.org\\\/static\\\/planet4-italy-stateless\\\/2024\\\/03\\\/0ed6478d-3-lavori-food-forest-300x200.jpg 300w, https:\\\/\\\/www.greenpeace.org\\\/static\\\/planet4-italy-stateless\\\/2024\\\/03\\\/0ed6478d-3-lavori-food-forest-1024x683.jpg 1024w, https:\\\/\\\/www.greenpeace.org\\\/static\\\/planet4-italy-stateless\\\/2024\\\/03\\\/0ed6478d-3-lavori-food-forest-768x512.jpg 768w, https:\\\/\\\/www.greenpeace.org\\\/static\\\/planet4-italy-stateless\\\/2024\\\/03\\\/0ed6478d-3-lavori-food-forest-510x340.jpg 510w&quot;,&quot;image_sizes&quot;:false,&quot;alt_text&quot;:&quot;&quot;,&quot;caption&quot;:&quot;Al lavoro! La food forest prende forma&quot;,&quot;focus_image&quot;:&quot;&quot;,&quot;credits&quot;:&quot;&quot;},{&quot;image_src&quot;:&quot;https:\\\/\\\/www.greenpeace.org\\\/static\\\/planet4-italy-stateless\\\/2024\\\/03\\\/58c3f6d3-4-lavori-food-forest.jpg&quot;,&quot;image_srcset&quot;:&quot;https:\\\/\\\/www.greenpeace.org\\\/static\\\/planet4-italy-stateless\\\/2024\\\/03\\\/58c3f6d3-4-lavori-food-forest.jpg 1200w, https:\\\/\\\/www.greenpeace.org\\\/static\\\/planet4-italy-stateless\\\/2024\\\/03\\\/58c3f6d3-4-lavori-food-forest-300x200.jpg 300w, https:\\\/\\\/www.greenpeace.org\\\/static\\\/planet4-italy-stateless\\\/2024\\\/03\\\/58c3f6d3-4-lavori-food-forest-1024x683.jpg 1024w, https:\\\/\\\/www.greenpeace.org\\\/static\\\/planet4-italy-stateless\\\/2024\\\/03\\\/58c3f6d3-4-lavori-food-forest-768x512.jpg 768w, https:\\\/\\\/www.greenpeace.org\\\/static\\\/planet4-italy-stateless\\\/2024\\\/03\\\/58c3f6d3-4-lavori-food-forest-510x340.jpg 510w&quot;,&quot;image_sizes&quot;:false,&quot;alt_text&quot;:&quot;&quot;,&quot;caption&quot;:&quot;Al lavoro! La food forest prende forma&quot;,&quot;focus_image&quot;:&quot;&quot;,&quot;credits&quot;:&quot;&quot;},{&quot;image_src&quot;:&quot;https:\\\/\\\/www.greenpeace.org\\\/static\\\/planet4-italy-stateless\\\/2024\\\/03\\\/47e363c8-5-lavori-food-forest.jpg&quot;,&quot;image_srcset&quot;:&quot;https:\\\/\\\/www.greenpeace.org\\\/static\\\/planet4-italy-stateless\\\/2024\\\/03\\\/47e363c8-5-lavori-food-forest.jpg 1200w, https:\\\/\\\/www.greenpeace.org\\\/static\\\/planet4-italy-stateless\\\/2024\\\/03\\\/47e363c8-5-lavori-food-forest-300x200.jpg 300w, https:\\\/\\\/www.greenpeace.org\\\/static\\\/planet4-italy-stateless\\\/2024\\\/03\\\/47e363c8-5-lavori-food-forest-1024x683.jpg 1024w, https:\\\/\\\/www.greenpeace.org\\\/static\\\/planet4-italy-stateless\\\/2024\\\/03\\\/47e363c8-5-lavori-food-forest-768x512.jpg 768w, https:\\\/\\\/www.greenpeace.org\\\/static\\\/planet4-italy-stateless\\\/2024\\\/03\\\/47e363c8-5-lavori-food-forest-510x340.jpg 510w&quot;,&quot;image_sizes&quot;:false,&quot;alt_text&quot;:&quot;&quot;,&quot;caption&quot;:&quot;Al lavoro! La food forest prende forma&quot;,&quot;focus_image&quot;:&quot;&quot;,&quot;credits&quot;:&quot;&quot;}]}}\"><section class=\"block carousel-wrap \"><p class=\"page-section-description\"><br><\/p><\/section><\/div>\n<p>I risultati di tutto questo duro lavoro non si sono fatti attendere: <strong>il Bosco delle Api di Roma ha presto cominciato a popolarsi di coloratissimi insetti impollinatori<\/strong>, incluse le api selvatiche. <strong>E dal 2022 l&#8217;associazione <\/strong><a href=\"https:\/\/www.apiromane.org\"><strong>Api romane<\/strong><\/a><strong> si \u00e8 unita al nostro progetto installando due arnie<\/strong>, che teniamo protette e divise dall&#8217;area verde mediante una rete di fibra di cocco, con un accesso tecnico dedicato esclusivamente ad Api romane, per prendersi cura delle nostre api mellifere.<\/p>\n\n<p><strong>Ma non finisce qui.&nbsp;<\/strong><\/p>\n\n<p>Crediamo cos\u00ec tanto in questo progetto che non ci siamo limitati a Roma: <strong>nel 2023, con il prezioso supporto della<\/strong><a href=\"https:\/\/agropolisonlus.com\" target=\"_blank\" rel=\"noreferrer noopener\"><strong> Cooperativa Sociale Agropolis<\/strong><\/a><strong>, abbiamo iniziato a dare a un<\/strong><a href=\"https:\/\/www.greenpeace.org\/italy\/storia\/17846\/il-bosco-della-api-il-nostro-progetto-per-un-prezioso-ecosistema\/\" target=\"_blank\" rel=\"noreferrer noopener\"><strong> Bosco delle Api<\/strong><\/a><strong> anche a Cremona<\/strong><strong>!<\/strong><\/p>\n<div data-hydrate=\"planet4-blocks\/gallery\" data-attributes=\"{&quot;attributes&quot;:{&quot;multiple_image&quot;:&quot;22539,22540,22541,22542,22543&quot;,&quot;image_data&quot;:[{&quot;url&quot;:&quot;https:\\\/\\\/www.greenpeace.org\\\/static\\\/planet4-italy-stateless\\\/2024\\\/03\\\/2d86f5d7-1-food-forest-oggi.jpg&quot;,&quot;focalPoint&quot;:{&quot;x&quot;:0.5,&quot;y&quot;:0.5},&quot;id&quot;:22539},{&quot;url&quot;:&quot;https:\\\/\\\/www.greenpeace.org\\\/static\\\/planet4-italy-stateless\\\/2024\\\/03\\\/c5f6bee6-2-food-forest-oggi.jpg&quot;,&quot;focalPoint&quot;:{&quot;x&quot;:0.5,&quot;y&quot;:0.5},&quot;id&quot;:22540},{&quot;url&quot;:&quot;https:\\\/\\\/www.greenpeace.org\\\/static\\\/planet4-italy-stateless\\\/2024\\\/03\\\/96f49993-3-food-forest-oggi.jpg&quot;,&quot;focalPoint&quot;:{&quot;x&quot;:0.5,&quot;y&quot;:0.5},&quot;id&quot;:22541},{&quot;url&quot;:&quot;https:\\\/\\\/www.greenpeace.org\\\/static\\\/planet4-italy-stateless\\\/2024\\\/03\\\/50a9dbce-bug-hotel-food-forest.jpg&quot;,&quot;focalPoint&quot;:{&quot;x&quot;:0.5,&quot;y&quot;:0.5},&quot;id&quot;:22542},{&quot;url&quot;:&quot;https:\\\/\\\/www.greenpeace.org\\\/static\\\/planet4-italy-stateless\\\/2024\\\/03\\\/832841ff-arnie-food-forest.jpg&quot;,&quot;focalPoint&quot;:{&quot;x&quot;:0.5,&quot;y&quot;:0.5},&quot;id&quot;:22543}],&quot;gallery_block_style&quot;:0,&quot;gallery_block_title&quot;:&quot;&quot;,&quot;gallery_block_description&quot;:&quot;&quot;,&quot;gallery_block_focus_points&quot;:&quot;&quot;,&quot;images&quot;:[{&quot;image_src&quot;:&quot;https:\\\/\\\/www.greenpeace.org\\\/static\\\/planet4-italy-stateless\\\/2024\\\/03\\\/2d86f5d7-1-food-forest-oggi.jpg&quot;,&quot;image_srcset&quot;:&quot;https:\\\/\\\/www.greenpeace.org\\\/static\\\/planet4-italy-stateless\\\/2024\\\/03\\\/2d86f5d7-1-food-forest-oggi.jpg 1200w, https:\\\/\\\/www.greenpeace.org\\\/static\\\/planet4-italy-stateless\\\/2024\\\/03\\\/2d86f5d7-1-food-forest-oggi-300x200.jpg 300w, https:\\\/\\\/www.greenpeace.org\\\/static\\\/planet4-italy-stateless\\\/2024\\\/03\\\/2d86f5d7-1-food-forest-oggi-1024x683.jpg 1024w, https:\\\/\\\/www.greenpeace.org\\\/static\\\/planet4-italy-stateless\\\/2024\\\/03\\\/2d86f5d7-1-food-forest-oggi-768x512.jpg 768w, https:\\\/\\\/www.greenpeace.org\\\/static\\\/planet4-italy-stateless\\\/2024\\\/03\\\/2d86f5d7-1-food-forest-oggi-510x340.jpg 510w&quot;,&quot;image_sizes&quot;:false,&quot;alt_text&quot;:&quot;&quot;,&quot;caption&quot;:&quot;I risultati di oggi: una food forest in ottima salute&quot;,&quot;focus_image&quot;:&quot;&quot;,&quot;credits&quot;:&quot;&quot;},{&quot;image_src&quot;:&quot;https:\\\/\\\/www.greenpeace.org\\\/static\\\/planet4-italy-stateless\\\/2024\\\/03\\\/c5f6bee6-2-food-forest-oggi.jpg&quot;,&quot;image_srcset&quot;:&quot;https:\\\/\\\/www.greenpeace.org\\\/static\\\/planet4-italy-stateless\\\/2024\\\/03\\\/c5f6bee6-2-food-forest-oggi.jpg 1200w, https:\\\/\\\/www.greenpeace.org\\\/static\\\/planet4-italy-stateless\\\/2024\\\/03\\\/c5f6bee6-2-food-forest-oggi-300x200.jpg 300w, https:\\\/\\\/www.greenpeace.org\\\/static\\\/planet4-italy-stateless\\\/2024\\\/03\\\/c5f6bee6-2-food-forest-oggi-1024x683.jpg 1024w, https:\\\/\\\/www.greenpeace.org\\\/static\\\/planet4-italy-stateless\\\/2024\\\/03\\\/c5f6bee6-2-food-forest-oggi-768x512.jpg 768w, https:\\\/\\\/www.greenpeace.org\\\/static\\\/planet4-italy-stateless\\\/2024\\\/03\\\/c5f6bee6-2-food-forest-oggi-510x340.jpg 510w&quot;,&quot;image_sizes&quot;:false,&quot;alt_text&quot;:&quot;&quot;,&quot;caption&quot;:&quot;I risultati di oggi: una food forest in ottima salute&quot;,&quot;focus_image&quot;:&quot;&quot;,&quot;credits&quot;:&quot;&quot;},{&quot;image_src&quot;:&quot;https:\\\/\\\/www.greenpeace.org\\\/static\\\/planet4-italy-stateless\\\/2024\\\/03\\\/96f49993-3-food-forest-oggi.jpg&quot;,&quot;image_srcset&quot;:&quot;https:\\\/\\\/www.greenpeace.org\\\/static\\\/planet4-italy-stateless\\\/2024\\\/03\\\/96f49993-3-food-forest-oggi.jpg 1200w, https:\\\/\\\/www.greenpeace.org\\\/static\\\/planet4-italy-stateless\\\/2024\\\/03\\\/96f49993-3-food-forest-oggi-300x200.jpg 300w, https:\\\/\\\/www.greenpeace.org\\\/static\\\/planet4-italy-stateless\\\/2024\\\/03\\\/96f49993-3-food-forest-oggi-1024x683.jpg 1024w, https:\\\/\\\/www.greenpeace.org\\\/static\\\/planet4-italy-stateless\\\/2024\\\/03\\\/96f49993-3-food-forest-oggi-768x512.jpg 768w, https:\\\/\\\/www.greenpeace.org\\\/static\\\/planet4-italy-stateless\\\/2024\\\/03\\\/96f49993-3-food-forest-oggi-510x340.jpg 510w&quot;,&quot;image_sizes&quot;:false,&quot;alt_text&quot;:&quot;&quot;,&quot;caption&quot;:&quot;I risultati di oggi: una food forest in ottima salute&quot;,&quot;focus_image&quot;:&quot;&quot;,&quot;credits&quot;:&quot;&quot;},{&quot;image_src&quot;:&quot;https:\\\/\\\/www.greenpeace.org\\\/static\\\/planet4-italy-stateless\\\/2024\\\/03\\\/50a9dbce-bug-hotel-food-forest.jpg&quot;,&quot;image_srcset&quot;:&quot;https:\\\/\\\/www.greenpeace.org\\\/static\\\/planet4-italy-stateless\\\/2024\\\/03\\\/50a9dbce-bug-hotel-food-forest.jpg 1200w, https:\\\/\\\/www.greenpeace.org\\\/static\\\/planet4-italy-stateless\\\/2024\\\/03\\\/50a9dbce-bug-hotel-food-forest-300x200.jpg 300w, https:\\\/\\\/www.greenpeace.org\\\/static\\\/planet4-italy-stateless\\\/2024\\\/03\\\/50a9dbce-bug-hotel-food-forest-1024x683.jpg 1024w, https:\\\/\\\/www.greenpeace.org\\\/static\\\/planet4-italy-stateless\\\/2024\\\/03\\\/50a9dbce-bug-hotel-food-forest-768x512.jpg 768w, https:\\\/\\\/www.greenpeace.org\\\/static\\\/planet4-italy-stateless\\\/2024\\\/03\\\/50a9dbce-bug-hotel-food-forest-510x340.jpg 510w&quot;,&quot;image_sizes&quot;:false,&quot;alt_text&quot;:&quot;&quot;,&quot;caption&quot;:&quot;I risultati di oggi: una food forest in ottima salute&quot;,&quot;focus_image&quot;:&quot;&quot;,&quot;credits&quot;:&quot;&quot;},{&quot;image_src&quot;:&quot;https:\\\/\\\/www.greenpeace.org\\\/static\\\/planet4-italy-stateless\\\/2024\\\/03\\\/832841ff-arnie-food-forest.jpg&quot;,&quot;image_srcset&quot;:&quot;https:\\\/\\\/www.greenpeace.org\\\/static\\\/planet4-italy-stateless\\\/2024\\\/03\\\/832841ff-arnie-food-forest.jpg 1200w, https:\\\/\\\/www.greenpeace.org\\\/static\\\/planet4-italy-stateless\\\/2024\\\/03\\\/832841ff-arnie-food-forest-300x200.jpg 300w, https:\\\/\\\/www.greenpeace.org\\\/static\\\/planet4-italy-stateless\\\/2024\\\/03\\\/832841ff-arnie-food-forest-1024x683.jpg 1024w, https:\\\/\\\/www.greenpeace.org\\\/static\\\/planet4-italy-stateless\\\/2024\\\/03\\\/832841ff-arnie-food-forest-768x512.jpg 768w, https:\\\/\\\/www.greenpeace.org\\\/static\\\/planet4-italy-stateless\\\/2024\\\/03\\\/832841ff-arnie-food-forest-510x340.jpg 510w&quot;,&quot;image_sizes&quot;:false,&quot;alt_text&quot;:&quot;&quot;,&quot;caption&quot;:&quot;I risultati di oggi: una food forest in ottima salute&quot;,&quot;focus_image&quot;:&quot;&quot;,&quot;credits&quot;:&quot;&quot;}]}}\"><section class=\"block carousel-wrap \"><\/section><\/div>\n<h2 class=\"wp-block-heading\" id=\"risorse\">Anche tu puoi aiutarci a far crescere il Bosco delle Api, a Roma e a Cremona!<\/h2>\n\n<p><strong>Con la creazione del Bosco delle Api a Roma e a Cremona stiamo trasformando terreni abbandonati in luoghi ricchi di&nbsp; biodiversit\u00e0, ma il nostro impegno non \u00e8 finito qui<\/strong>: vogliamo continuare a prendercene cura e incoraggiare altri progetti di rinaturalizzazione. Unisciti allo sciame e aiutaci a far crescere le nostre food forest: scopri come puoi sostenerle e aiutarci a raggiungere l\u2019obiettivo del mese delle api!<\/p>\n\n<div class=\"wp-block-buttons is-layout-flex wp-block-buttons-is-layout-flex\">\n<div class=\"wp-block-button has-custom-width wp-block-button__width-100\"><a class=\"wp-block-button__link has-grey-900-color has-action-yellow-background-color has-text-color has-background has-link-color wp-element-button\" href=\"https:\/\/donazione.greenpeace.it\/boscoapi\/~mia-donazione?utm_source=greenpeace.org&amp;utm_medium=news&amp;utm_campaign=fr&amp;utm_content=boscoapi&amp;utm_term=fb\" target=\"_blank\" rel=\"noreferrer noopener\">DONA ORA PER SOSTENERE LE FOOD FOREST<\/a><\/div>\n<\/div>\n\n<div class=\"wp-block-group is-nowrap is-layout-flex wp-container-core-group-is-layout-ad2f72ca wp-block-group-is-layout-flex\"><\/div>\n","protected":false},"excerpt":{"rendered":"<p>Abbiamo riqualificato un terreno abbandonato trasformandolo in un&#8217;opportunit\u00e0 per la natura e per le persone.<\/p>\n","protected":false},"author":37,"featured_media":22510,"comment_status":"closed","ping_status":"open","sticky":false,"template":"","format":"standard","meta":{"ep_exclude_from_search":false,"p4_og_title":"Il Bosco delle Api di Roma, una piccola oasi di biodiversit\u00e0","p4_og_description":"Ti presentiamo il Bosco delle Api di Roma, un progetto di riqualificazione che ha trasformato uno spazio abbandonato in un'opportunit\u00e0 per la natura e per le persone.","p4_og_image":"https:\/\/www.greenpeace.org\/static\/planet4-italy-stateless\/2024\/03\/3976790a-food-forest-roma.jpg","p4_og_image_id":"22510","p4_seo_canonical_url":"","p4_campaign_name":"","p4_local_project":"","p4_basket_name":"","p4_department":"","footnotes":"[]"},"categories":[17],"tags":[50,22,36],"p4-page-type":[19],"class_list":["post-22505","post","type-post","status-publish","format-standard","has-post-thumbnail","hentry","category-proteggi","tag-api","tag-biodiversita","tag-foreste","p4-page-type-storia"],"_links":{"self":[{"href":"https:\/\/www.greenpeace.org\/italy\/wp-json\/wp\/v2\/posts\/22505","targetHints":{"allow":["GET"]}}],"collection":[{"href":"https:\/\/www.greenpeace.org\/italy\/wp-json\/wp\/v2\/posts"}],"about":[{"href":"https:\/\/www.greenpeace.org\/italy\/wp-json\/wp\/v2\/types\/post"}],"author":[{"embeddable":true,"href":"https:\/\/www.greenpeace.org\/italy\/wp-json\/wp\/v2\/users\/37"}],"replies":[{"embeddable":true,"href":"https:\/\/www.greenpeace.org\/italy\/wp-json\/wp\/v2\/comments?post=22505"}],"version-history":[{"count":20,"href":"https:\/\/www.greenpeace.org\/italy\/wp-json\/wp\/v2\/posts\/22505\/revisions"}],"predecessor-version":[{"id":28114,"href":"https:\/\/www.greenpeace.org\/italy\/wp-json\/wp\/v2\/posts\/22505\/revisions\/28114"}],"wp:featuredmedia":[{"embeddable":true,"href":"https:\/\/www.greenpeace.org\/italy\/wp-json\/wp\/v2\/media\/22510"}],"wp:attachment":[{"href":"https:\/\/www.greenpeace.org\/italy\/wp-json\/wp\/v2\/media?parent=22505"}],"wp:term":[{"taxonomy":"category","embeddable":true,"href":"https:\/\/www.greenpeace.org\/italy\/wp-json\/wp\/v2\/categories?post=22505"},{"taxonomy":"post_tag","embeddable":true,"href":"https:\/\/www.greenpeace.org\/italy\/wp-json\/wp\/v2\/tags?post=22505"},{"taxonomy":"p4-page-type","embeddable":true,"href":"https:\/\/www.greenpeace.org\/italy\/wp-json\/wp\/v2\/p4-page-type?post=22505"}],"curies":[{"name":"wp","href":"https:\/\/api.w.org\/{rel}","templated":true}]}}