{"id":23696,"date":"2024-06-14T11:54:53","date_gmt":"2024-06-14T09:54:53","guid":{"rendered":"https:\/\/www.greenpeace.org\/italy\/?p=23696"},"modified":"2024-06-14T11:59:05","modified_gmt":"2024-06-14T09:59:05","slug":"oscar-del-greenwashing-salvini-eni-e-il-sole-24-ore-vincitori-del-premio-di-greenpeace","status":"publish","type":"post","link":"https:\/\/www.greenpeace.org\/italy\/comunicato-stampa\/23696\/oscar-del-greenwashing-salvini-eni-e-il-sole-24-ore-vincitori-del-premio-di-greenpeace\/","title":{"rendered":"Oscar del Greenwashing: Salvini, ENI e Il Sole 24 Ore vincitori del \u201cpremio&#8221; di Greenpeace"},"content":{"rendered":"\n<figure class=\"wp-block-image size-large\"><img loading=\"lazy\" decoding=\"async\" width=\"1024\" height=\"595\" src=\"https:\/\/www.greenpeace.org\/static\/planet4-italy-stateless\/2024\/06\/b7306baa-screenshot-2024-06-14-alle-11.42.14-1024x595.jpg\" alt=\"\" class=\"wp-image-23700\" srcset=\"https:\/\/www.greenpeace.org\/static\/planet4-italy-stateless\/2024\/06\/b7306baa-screenshot-2024-06-14-alle-11.42.14-1024x595.jpg 1024w, https:\/\/www.greenpeace.org\/static\/planet4-italy-stateless\/2024\/06\/b7306baa-screenshot-2024-06-14-alle-11.42.14-300x174.jpg 300w, https:\/\/www.greenpeace.org\/static\/planet4-italy-stateless\/2024\/06\/b7306baa-screenshot-2024-06-14-alle-11.42.14-768x446.jpg 768w, https:\/\/www.greenpeace.org\/static\/planet4-italy-stateless\/2024\/06\/b7306baa-screenshot-2024-06-14-alle-11.42.14-1536x893.jpg 1536w, https:\/\/www.greenpeace.org\/static\/planet4-italy-stateless\/2024\/06\/b7306baa-screenshot-2024-06-14-alle-11.42.14-2048x1190.jpg 2048w, https:\/\/www.greenpeace.org\/static\/planet4-italy-stateless\/2024\/06\/b7306baa-screenshot-2024-06-14-alle-11.42.14-510x296.jpg 510w\" sizes=\"auto, (max-width: 1024px) 100vw, 1024px\" \/><\/figure>\n\n<p>Cala il sipario sulla prima edizione degli Oscar del Greenwashing, organizzata da Greenpeace Italia per \u201cpremiare\u201d e smascherare chi della crisi climatica se ne lava la coscienza: ad aggiudicarsi il riconoscimento nelle categorie Stampa, Politica e Aziende sono stati, rispettivamente,\u00a0<em>Il Sole 24 Ore<\/em>, Matteo Salvini, vicepremier e ministro delle Infrastrutture e dei Trasporti, ed ENI.<br><br>L\u2019evento, che si \u00e8 tenuto ieri sera a Roma presso l\u2019agenzia Latte Creative, alla Citt\u00e0 dell\u2019Altra Economia, \u00e8 stato promosso da Greenpeace Italia nell\u2019ambito della campagna \u201cStranger Green\u201d contro il dilagare del greenwashing e della disinformazione sul clima, con la partecipazione di esperte ed esperti di<a href=\"https:\/\/vociperilclima.it\/\" target=\"_blank\" rel=\"noreferrer noopener\">\u00a0Voci per il clima<\/a>, il primo network indipendente di personalit\u00e0 del mondo della scienza, della comunicazione, dell\u2019imprenditoria e della cultura impegnate per un\u2019informazione corretta sulla crisi climatica. La serata, condotta dalla giornalista di Presa Diretta Daniela Cipolloni, si \u00e8 infatti aperta con gli interventi di Letizia Palmisano, giornalista ed ecoblogger, Antonello Pasini, fisico del clima del CNR, e Marco Grasso, professore dell\u2019Universit\u00e0 Milano-Bicocca, che hanno animato un talk dal titolo \u201cVoci contro il greenwashing: come smascherare la disinformazione sul clima\u201d.<br><br>Nella seconda parte della serata sono stati invece assegnati gli Oscar del Greenwashing 2024. Ad aggiudicarsi i \u201cpremi\u201d sono stati Matteo Salvini, \u00absenza rivali per la sua instancabile opera di disinformazione\u00bb;\u00a0<em>Il Sole 24 Ore<\/em>, che tra i principali quotidiani italiani si \u00e8 \u00abdistinto per avere dato pi\u00f9 voce alle aziende inquinanti quando si parla di crisi climatica\u00bb; ed ENI, \u00abl\u2019azienda inquinante che pi\u00f9 ha investito in pubblicit\u00e0 lo scorso anno in Italia, con quasi una pubblicit\u00e0 al giorno per lavarsi la coscienza\u00bb. Tutti i riconoscimenti, cos\u00ec come le nomination, sono stati attribuiti da Greenpeace sulla base dei risultati emersi nel<a href=\"https:\/\/www.greenpeace.org\/italy\/comunicato-stampa\/23083\/report-2023-di-greenpeace-su-media-e-clima-piu-spazio-alla-crisi-climatica-ma-censura-su-cause-e-responsabili-cresce-la-dipendenza-dalle-pubblicita-di-aziende-inquinanti\/\" target=\"_blank\" rel=\"noreferrer noopener\">\u00a0rapporto su media e clima 2023<\/a>\u00a0dell\u2019Osservatorio di Pavia.<br><br>\u00abCome denunciato a pi\u00f9 riprese anche dalle Nazioni Unite, il greenwashing \u00e8 uno dei fenomeni pi\u00f9 subdoli e pericolosi del nostro tempo, perch\u00e9 consente alle aziende inquinanti e ai governi di nascondere le proprie responsabilit\u00e0 e di ritardare la transizione energetica di cui abbiamo urgente bisogno\u00bb, dichiara Giuseppe Onufrio, Direttore Esecutivo di Greenpeace Italia. \u00abA questo si aggiungono le carenze dei principali media italiani nel raccontare la crisi climatica, anche a causa dell\u2019influenza che l\u2019industria dei combustibili fossili esercita su di loro. Assegnando gli Oscar del Greenwashing vogliamo denunciare il patto di potere che lega politica, mondo dell\u2019informazione e colossi del petrolio e del gas come ENI, che continua indisturbata con emissioni di gas serra fuori controllo mentre cerca di ripulirsi l\u2019immagine a suon di sponsorizzazioni e pubblicit\u00e0 fintamente green\u00bb.<br><br>Per impedire il dilagare del greenwashing e che venga compromessa ogni possibilit\u00e0 di mettere un freno alla crisi climatica, Greenpeace Italia chiede ai quotidiani e ai media italiani di rinunciare ai finanziamenti dell\u2019industria fossile e di impegnarsi per un\u2019informazione sul clima veritiera, completa e indipendente, al governo di smettere di promuovere false soluzioni e investire davvero sulle fonti rinnovabili e a ENI di assumere le proprie responsabilit\u00e0 nella crisi climatica e smettere di investire in petrolio e gas.<\/p>\n","protected":false},"excerpt":{"rendered":"<p>Cala il sipario sulla prima edizione dell&#8217;evento organizzato per \u201cpremiare\u201d e smascherare chi della crisi climatica se ne lava la coscienza<\/p>\n","protected":false},"author":33,"featured_media":23700,"comment_status":"closed","ping_status":"open","sticky":false,"template":"","format":"standard","meta":{"ep_exclude_from_search":false,"p4_og_title":"Oscar del Greenwashing: ecco i vincitori del \"premio\" di Greenpeace","p4_og_description":"A Salvini, ENI e il Sole 24 Ore i riconoscimenti che smascherano chi della crisi climatica se ne lava la coscienza","p4_og_image":"","p4_og_image_id":"","p4_seo_canonical_url":"","p4_campaign_name":"","p4_local_project":"","p4_basket_name":"","p4_department":"","footnotes":""},"categories":[20],"tags":[29],"p4-page-type":[23],"class_list":["post-23696","post","type-post","status-publish","format-standard","has-post-thumbnail","hentry","category-denuncia","tag-clima","p4-page-type-comunicato-stampa"],"_links":{"self":[{"href":"https:\/\/www.greenpeace.org\/italy\/wp-json\/wp\/v2\/posts\/23696","targetHints":{"allow":["GET"]}}],"collection":[{"href":"https:\/\/www.greenpeace.org\/italy\/wp-json\/wp\/v2\/posts"}],"about":[{"href":"https:\/\/www.greenpeace.org\/italy\/wp-json\/wp\/v2\/types\/post"}],"author":[{"embeddable":true,"href":"https:\/\/www.greenpeace.org\/italy\/wp-json\/wp\/v2\/users\/33"}],"replies":[{"embeddable":true,"href":"https:\/\/www.greenpeace.org\/italy\/wp-json\/wp\/v2\/comments?post=23696"}],"version-history":[{"count":3,"href":"https:\/\/www.greenpeace.org\/italy\/wp-json\/wp\/v2\/posts\/23696\/revisions"}],"predecessor-version":[{"id":23703,"href":"https:\/\/www.greenpeace.org\/italy\/wp-json\/wp\/v2\/posts\/23696\/revisions\/23703"}],"wp:featuredmedia":[{"embeddable":true,"href":"https:\/\/www.greenpeace.org\/italy\/wp-json\/wp\/v2\/media\/23700"}],"wp:attachment":[{"href":"https:\/\/www.greenpeace.org\/italy\/wp-json\/wp\/v2\/media?parent=23696"}],"wp:term":[{"taxonomy":"category","embeddable":true,"href":"https:\/\/www.greenpeace.org\/italy\/wp-json\/wp\/v2\/categories?post=23696"},{"taxonomy":"post_tag","embeddable":true,"href":"https:\/\/www.greenpeace.org\/italy\/wp-json\/wp\/v2\/tags?post=23696"},{"taxonomy":"p4-page-type","embeddable":true,"href":"https:\/\/www.greenpeace.org\/italy\/wp-json\/wp\/v2\/p4-page-type?post=23696"}],"curies":[{"name":"wp","href":"https:\/\/api.w.org\/{rel}","templated":true}]}}