{"id":24470,"date":"2024-08-21T17:58:46","date_gmt":"2024-08-21T15:58:46","guid":{"rendered":"https:\/\/www.greenpeace.org\/italy\/?p=24470"},"modified":"2024-08-21T18:04:42","modified_gmt":"2024-08-21T16:04:42","slug":"la-deforestazione-nellamazzonia-brasiliana-a-luglio-e-aumentata-di-nuovo","status":"publish","type":"post","link":"https:\/\/www.greenpeace.org\/italy\/storia\/24470\/la-deforestazione-nellamazzonia-brasiliana-a-luglio-e-aumentata-di-nuovo\/","title":{"rendered":"La deforestazione nell\u2019Amazzonia brasiliana a luglio \u00e8 aumentata di nuovo"},"content":{"rendered":"\n<p>A luglio la foresta amazzonica brasiliana ha registrato un <strong>drammatico aumento della deforestazione <\/strong>e dei focolai di incendio, secondo i nuovi dati pubblicati dall&#8217;Istituto Nazionale di Ricerca Spaziale brasiliano (INPE). <\/p>\n\n<p>Sono stati registrati<strong> 666 km\u00b2 di deforestazione (una superficie pari a quasi sette volte l&#8217;estensione della citt\u00e0 di Milano)<\/strong>, con un incremento del 33,2% rispetto a luglio 2023. Inoltre, \u00e8 stato rilevato il numero pi\u00f9 alto di focolai di incendio per il mese di luglio dal 2005, anno in cui la regione sub\u00ec incendi record. <\/p>\n\n<p>Rispetto a luglio 2023, <strong>i focolai sono aumentati del 98%<\/strong>. Questi dati sono un campanello d&#8217;allarme perch\u00e9 l&#8217;Amazzonia \u00e8 nella sua stagione secca e si prevede un altro <strong>periodo di siccit\u00e0 estrema<\/strong>, simile a quello dello scorso anno.<\/p>\n\n<div class=\"wp-block-buttons is-layout-flex wp-block-buttons-is-layout-flex\">\n<div class=\"wp-block-button has-custom-width wp-block-button__width-100\"><a class=\"wp-block-button__link has-red-500-background-color has-background wp-element-button\" href=\"https:\/\/donazione.greenpeace.it\/salva-amazzonia\/~mia-donazione?utm_source=greenpeace.org&amp;utm_medium=news&amp;utm_campaign=fr&amp;utm_content=foreste-amazzonia&amp;utm_term=org\">SOSTIENI LE NOSTRE INDAGINI CONTRO LA DEFORESTAZIONE<\/a><\/div>\n<\/div>\n\n<figure class=\"wp-block-image size-large\"><img loading=\"lazy\" decoding=\"async\" width=\"1024\" height=\"683\" src=\"https:\/\/www.greenpeace.org\/static\/planet4-italy-stateless\/2024\/08\/f2241d0c-gp0su1tnf_pressmedia-2-1024x683.jpg\" alt=\"\" class=\"wp-image-24472\" srcset=\"https:\/\/www.greenpeace.org\/static\/planet4-italy-stateless\/2024\/08\/f2241d0c-gp0su1tnf_pressmedia-2-1024x683.jpg 1024w, https:\/\/www.greenpeace.org\/static\/planet4-italy-stateless\/2024\/08\/f2241d0c-gp0su1tnf_pressmedia-2-300x200.jpg 300w, https:\/\/www.greenpeace.org\/static\/planet4-italy-stateless\/2024\/08\/f2241d0c-gp0su1tnf_pressmedia-2-768x512.jpg 768w, https:\/\/www.greenpeace.org\/static\/planet4-italy-stateless\/2024\/08\/f2241d0c-gp0su1tnf_pressmedia-2-1536x1024.jpg 1536w, https:\/\/www.greenpeace.org\/static\/planet4-italy-stateless\/2024\/08\/f2241d0c-gp0su1tnf_pressmedia-2-2048x1366.jpg 2048w, https:\/\/www.greenpeace.org\/static\/planet4-italy-stateless\/2024\/08\/f2241d0c-gp0su1tnf_pressmedia-2-510x340.jpg 510w\" sizes=\"auto, (max-width: 1024px) 100vw, 1024px\" \/><\/figure>\n\n<p>L\u2019aumento della deforestazione in Amazzonia \u00e8 emerso nell&#8217;ambito di un&#8217;analisi del governo brasiliano che riporta anche segnali positivi. Nel periodo <strong>tra agosto 2023 e luglio 2024 la deforestazione \u00e8 infatti diminuita complessivamente del 45,7%<\/strong>. Tuttavia, l\u2019inversione di tendenza evidenziata&nbsp;nel luglio di quest\u2019anno ricorda che il Brasile \u00e8 ancora <strong>lontano dall&#8217;obiettivo di zero deforestazione<\/strong>, che deve essere raggiunto ben prima del 2030. <\/p>\n\n<p>L&#8217;Amazzonia \u00e8 infatti ormai <strong>vicina al suo punto di non ritorno climatico<\/strong>, <strong>oltre il quale buona parte dell\u2019ecosistema collasserebbe,<\/strong> mettendo in pericolo il ruolo di questa foresta come deposito di CO<sub>2<\/sub> e rendendo gli effetti della crisi climatica ancora pi\u00f9 devastanti.\u00a0<\/p>\n<div data-hydrate=\"planet4-blocks\/gallery\" data-attributes=\"{&quot;attributes&quot;:{&quot;gallery_block_title&quot;:&quot;Le immagini aeree realizzate da Greenpeace Brasile&quot;,&quot;multiple_image&quot;:&quot;24478,24477,24476,24475,24473&quot;,&quot;image_data&quot;:[{&quot;url&quot;:&quot;https:\\\/\\\/www.greenpeace.org\\\/static\\\/planet4-italy-stateless\\\/2024\\\/08\\\/f2edf2e5-gp0su1t9t_pressmedia-6.jpg&quot;,&quot;focalPoint&quot;:{&quot;x&quot;:0.5,&quot;y&quot;:0.5},&quot;id&quot;:24478},{&quot;url&quot;:&quot;https:\\\/\\\/www.greenpeace.org\\\/static\\\/planet4-italy-stateless\\\/2024\\\/08\\\/39ecd1c5-gp0su1yf0_pressmedia-7.jpg&quot;,&quot;focalPoint&quot;:{&quot;x&quot;:0.5,&quot;y&quot;:0.5},&quot;id&quot;:24477},{&quot;url&quot;:&quot;https:\\\/\\\/www.greenpeace.org\\\/static\\\/planet4-italy-stateless\\\/2024\\\/08\\\/b29ebf73-gp0su1wiz_pressmedia-5.jpg&quot;,&quot;focalPoint&quot;:{&quot;x&quot;:0.5,&quot;y&quot;:0.5},&quot;id&quot;:24476},{&quot;url&quot;:&quot;https:\\\/\\\/www.greenpeace.org\\\/static\\\/planet4-italy-stateless\\\/2024\\\/08\\\/48d7cd14-gp0su1wj1_pressmedia-1.jpg&quot;,&quot;focalPoint&quot;:{&quot;x&quot;:0.5,&quot;y&quot;:0.5},&quot;id&quot;:24475},{&quot;url&quot;:&quot;https:\\\/\\\/www.greenpeace.org\\\/static\\\/planet4-italy-stateless\\\/2024\\\/08\\\/1f63fec1-gp0su1tna_pressmedia-4.jpg&quot;,&quot;focalPoint&quot;:{&quot;x&quot;:0.5,&quot;y&quot;:0.5},&quot;id&quot;:24473}],&quot;gallery_block_style&quot;:0,&quot;gallery_block_description&quot;:&quot;&quot;,&quot;gallery_block_focus_points&quot;:&quot;&quot;,&quot;images&quot;:[{&quot;image_src&quot;:&quot;https:\\\/\\\/www.greenpeace.org\\\/static\\\/planet4-italy-stateless\\\/2024\\\/08\\\/f2edf2e5-gp0su1t9t_pressmedia-6.jpg&quot;,&quot;image_srcset&quot;:&quot;https:\\\/\\\/www.greenpeace.org\\\/static\\\/planet4-italy-stateless\\\/2024\\\/08\\\/f2edf2e5-gp0su1t9t_pressmedia-6.jpg 2500w, https:\\\/\\\/www.greenpeace.org\\\/static\\\/planet4-italy-stateless\\\/2024\\\/08\\\/f2edf2e5-gp0su1t9t_pressmedia-6-300x200.jpg 300w, https:\\\/\\\/www.greenpeace.org\\\/static\\\/planet4-italy-stateless\\\/2024\\\/08\\\/f2edf2e5-gp0su1t9t_pressmedia-6-1024x683.jpg 1024w, https:\\\/\\\/www.greenpeace.org\\\/static\\\/planet4-italy-stateless\\\/2024\\\/08\\\/f2edf2e5-gp0su1t9t_pressmedia-6-768x512.jpg 768w, https:\\\/\\\/www.greenpeace.org\\\/static\\\/planet4-italy-stateless\\\/2024\\\/08\\\/f2edf2e5-gp0su1t9t_pressmedia-6-1536x1024.jpg 1536w, https:\\\/\\\/www.greenpeace.org\\\/static\\\/planet4-italy-stateless\\\/2024\\\/08\\\/f2edf2e5-gp0su1t9t_pressmedia-6-2048x1366.jpg 2048w, https:\\\/\\\/www.greenpeace.org\\\/static\\\/planet4-italy-stateless\\\/2024\\\/08\\\/f2edf2e5-gp0su1t9t_pressmedia-6-510x340.jpg 510w&quot;,&quot;image_sizes&quot;:false,&quot;alt_text&quot;:&quot;&quot;,&quot;caption&quot;:&quot;&quot;,&quot;focus_image&quot;:&quot;&quot;,&quot;credits&quot;:&quot;&quot;},{&quot;image_src&quot;:&quot;https:\\\/\\\/www.greenpeace.org\\\/static\\\/planet4-italy-stateless\\\/2024\\\/08\\\/39ecd1c5-gp0su1yf0_pressmedia-7.jpg&quot;,&quot;image_srcset&quot;:&quot;https:\\\/\\\/www.greenpeace.org\\\/static\\\/planet4-italy-stateless\\\/2024\\\/08\\\/39ecd1c5-gp0su1yf0_pressmedia-7.jpg 2500w, https:\\\/\\\/www.greenpeace.org\\\/static\\\/planet4-italy-stateless\\\/2024\\\/08\\\/39ecd1c5-gp0su1yf0_pressmedia-7-300x200.jpg 300w, https:\\\/\\\/www.greenpeace.org\\\/static\\\/planet4-italy-stateless\\\/2024\\\/08\\\/39ecd1c5-gp0su1yf0_pressmedia-7-1024x683.jpg 1024w, https:\\\/\\\/www.greenpeace.org\\\/static\\\/planet4-italy-stateless\\\/2024\\\/08\\\/39ecd1c5-gp0su1yf0_pressmedia-7-768x512.jpg 768w, https:\\\/\\\/www.greenpeace.org\\\/static\\\/planet4-italy-stateless\\\/2024\\\/08\\\/39ecd1c5-gp0su1yf0_pressmedia-7-1536x1024.jpg 1536w, https:\\\/\\\/www.greenpeace.org\\\/static\\\/planet4-italy-stateless\\\/2024\\\/08\\\/39ecd1c5-gp0su1yf0_pressmedia-7-2048x1366.jpg 2048w, https:\\\/\\\/www.greenpeace.org\\\/static\\\/planet4-italy-stateless\\\/2024\\\/08\\\/39ecd1c5-gp0su1yf0_pressmedia-7-510x340.jpg 510w&quot;,&quot;image_sizes&quot;:false,&quot;alt_text&quot;:&quot;&quot;,&quot;caption&quot;:&quot;&quot;,&quot;focus_image&quot;:&quot;&quot;,&quot;credits&quot;:&quot;&quot;},{&quot;image_src&quot;:&quot;https:\\\/\\\/www.greenpeace.org\\\/static\\\/planet4-italy-stateless\\\/2024\\\/08\\\/b29ebf73-gp0su1wiz_pressmedia-5.jpg&quot;,&quot;image_srcset&quot;:&quot;https:\\\/\\\/www.greenpeace.org\\\/static\\\/planet4-italy-stateless\\\/2024\\\/08\\\/b29ebf73-gp0su1wiz_pressmedia-5.jpg 2500w, https:\\\/\\\/www.greenpeace.org\\\/static\\\/planet4-italy-stateless\\\/2024\\\/08\\\/b29ebf73-gp0su1wiz_pressmedia-5-300x200.jpg 300w, https:\\\/\\\/www.greenpeace.org\\\/static\\\/planet4-italy-stateless\\\/2024\\\/08\\\/b29ebf73-gp0su1wiz_pressmedia-5-1024x683.jpg 1024w, https:\\\/\\\/www.greenpeace.org\\\/static\\\/planet4-italy-stateless\\\/2024\\\/08\\\/b29ebf73-gp0su1wiz_pressmedia-5-768x512.jpg 768w, https:\\\/\\\/www.greenpeace.org\\\/static\\\/planet4-italy-stateless\\\/2024\\\/08\\\/b29ebf73-gp0su1wiz_pressmedia-5-1536x1024.jpg 1536w, https:\\\/\\\/www.greenpeace.org\\\/static\\\/planet4-italy-stateless\\\/2024\\\/08\\\/b29ebf73-gp0su1wiz_pressmedia-5-2048x1366.jpg 2048w, https:\\\/\\\/www.greenpeace.org\\\/static\\\/planet4-italy-stateless\\\/2024\\\/08\\\/b29ebf73-gp0su1wiz_pressmedia-5-510x340.jpg 510w&quot;,&quot;image_sizes&quot;:false,&quot;alt_text&quot;:&quot;&quot;,&quot;caption&quot;:&quot;&quot;,&quot;focus_image&quot;:&quot;&quot;,&quot;credits&quot;:&quot;&quot;},{&quot;image_src&quot;:&quot;https:\\\/\\\/www.greenpeace.org\\\/static\\\/planet4-italy-stateless\\\/2024\\\/08\\\/48d7cd14-gp0su1wj1_pressmedia-1.jpg&quot;,&quot;image_srcset&quot;:&quot;https:\\\/\\\/www.greenpeace.org\\\/static\\\/planet4-italy-stateless\\\/2024\\\/08\\\/48d7cd14-gp0su1wj1_pressmedia-1.jpg 2500w, https:\\\/\\\/www.greenpeace.org\\\/static\\\/planet4-italy-stateless\\\/2024\\\/08\\\/48d7cd14-gp0su1wj1_pressmedia-1-300x200.jpg 300w, https:\\\/\\\/www.greenpeace.org\\\/static\\\/planet4-italy-stateless\\\/2024\\\/08\\\/48d7cd14-gp0su1wj1_pressmedia-1-1024x683.jpg 1024w, https:\\\/\\\/www.greenpeace.org\\\/static\\\/planet4-italy-stateless\\\/2024\\\/08\\\/48d7cd14-gp0su1wj1_pressmedia-1-768x512.jpg 768w, https:\\\/\\\/www.greenpeace.org\\\/static\\\/planet4-italy-stateless\\\/2024\\\/08\\\/48d7cd14-gp0su1wj1_pressmedia-1-1536x1024.jpg 1536w, https:\\\/\\\/www.greenpeace.org\\\/static\\\/planet4-italy-stateless\\\/2024\\\/08\\\/48d7cd14-gp0su1wj1_pressmedia-1-2048x1366.jpg 2048w, https:\\\/\\\/www.greenpeace.org\\\/static\\\/planet4-italy-stateless\\\/2024\\\/08\\\/48d7cd14-gp0su1wj1_pressmedia-1-510x340.jpg 510w&quot;,&quot;image_sizes&quot;:false,&quot;alt_text&quot;:&quot;&quot;,&quot;caption&quot;:&quot;&quot;,&quot;focus_image&quot;:&quot;&quot;,&quot;credits&quot;:&quot;&quot;},{&quot;image_src&quot;:&quot;https:\\\/\\\/www.greenpeace.org\\\/static\\\/planet4-italy-stateless\\\/2024\\\/08\\\/1f63fec1-gp0su1tna_pressmedia-4.jpg&quot;,&quot;image_srcset&quot;:&quot;https:\\\/\\\/www.greenpeace.org\\\/static\\\/planet4-italy-stateless\\\/2024\\\/08\\\/1f63fec1-gp0su1tna_pressmedia-4.jpg 2500w, https:\\\/\\\/www.greenpeace.org\\\/static\\\/planet4-italy-stateless\\\/2024\\\/08\\\/1f63fec1-gp0su1tna_pressmedia-4-300x200.jpg 300w, https:\\\/\\\/www.greenpeace.org\\\/static\\\/planet4-italy-stateless\\\/2024\\\/08\\\/1f63fec1-gp0su1tna_pressmedia-4-1024x683.jpg 1024w, https:\\\/\\\/www.greenpeace.org\\\/static\\\/planet4-italy-stateless\\\/2024\\\/08\\\/1f63fec1-gp0su1tna_pressmedia-4-768x512.jpg 768w, https:\\\/\\\/www.greenpeace.org\\\/static\\\/planet4-italy-stateless\\\/2024\\\/08\\\/1f63fec1-gp0su1tna_pressmedia-4-1536x1024.jpg 1536w, https:\\\/\\\/www.greenpeace.org\\\/static\\\/planet4-italy-stateless\\\/2024\\\/08\\\/1f63fec1-gp0su1tna_pressmedia-4-2048x1366.jpg 2048w, https:\\\/\\\/www.greenpeace.org\\\/static\\\/planet4-italy-stateless\\\/2024\\\/08\\\/1f63fec1-gp0su1tna_pressmedia-4-510x340.jpg 510w&quot;,&quot;image_sizes&quot;:false,&quot;alt_text&quot;:&quot;&quot;,&quot;caption&quot;:&quot;&quot;,&quot;focus_image&quot;:&quot;&quot;,&quot;credits&quot;:&quot;&quot;}]}}\"><section class=\"block carousel-wrap \"><header><h2 class=\"page-section-header\">Le immagini aeree realizzate da Greenpeace Brasile<\/h2><\/header><\/section><\/div>\n<p>Tra il 29 luglio e il 2 agosto, Greenpeace Brasile ha condotto diversi voli di monitoraggio per documentare gli incendi <strong>negli stati brasiliani di Amazonas e Rond\u00f4nia<\/strong>. L&#8217;analisi delle immagini ha svelato che alcune propriet\u00e0 rurali, finanziate dal sistema di Credito Rurale brasiliano, erano in fiamme o avevano recentemente subito incendi.<\/p>\n\n<p>Gi\u00e0 ad aprile, Greenpeace Brasile aveva pubblicato un rapporto in cui denunciava <strong>le carenze del sistema di Credito Rurale<\/strong>, chiedendo al settore finanziario azioni concrete. Il rapporto evidenziava infatti dodici casi che dimostrano l&#8217;assenza di criteri per prevenire il finanziamento di pratiche illegali legate all&#8217;uso del fuoco.<\/p>\n\n<p>I nostri monitoraggi mostrano chiaramente come<strong> il sistema finanziario brasiliano sia complice della distruzione dell&#8217;Amazzonia<\/strong> e del peggioramento della crisi climatica. Le immagini che abbiamo raccolto mettono in evidenza l&#8217;urgenza di una regolamentazione molto pi\u00f9 severa, con criteri rigorosi per impedire che i finanziamenti finiscano nelle mani di agricoltori e aziende che alimentano la deforestazione e gli incendi illegali. <strong>Chi finanzia i distruttori delle foreste \u00e8 parte integrante del problema.<\/strong><\/p>\n\n<p>Allo stesso tempo il governo brasiliano, a livello federale e statale, deve <strong>intensificare le azioni per prevenire gli incendi<\/strong>, ridurre la deforestazione e lavorare per aumentare la severit\u00e0 delle pene per i criminali ambientali. Non \u00e8 il momento di abbassare la guardia: dobbiamo proteggere le foreste per salvare il clima e il pianeta.<\/p>\n\n<p class=\"has-text-align-center\"><strong><em>Sostieni le nostre indagini indipendenti per denunciare i crimini contro le foreste<\/em><\/strong><\/p>\n\n<div class=\"wp-block-buttons is-layout-flex wp-block-buttons-is-layout-flex\">\n<div class=\"wp-block-button has-custom-width wp-block-button__width-100\"><a class=\"wp-block-button__link has-red-500-background-color has-background wp-element-button\" href=\"https:\/\/donazione.greenpeace.it\/salva-amazzonia\/~mia-donazione?utm_source=greenpeace.org&amp;utm_medium=news&amp;utm_campaign=fr&amp;utm_content=foreste-amazzonia&amp;utm_term=org\">DONA ORA!<\/a><\/div>\n<\/div>\n","protected":false},"excerpt":{"rendered":"<p>\u00c8 un campanello d&#8217;allarme perch\u00e9 l&#8217;Amazzonia \u00e8 nella sua stagione di secca e si prevede un altro periodo di siccit\u00e0 estrema.<\/p>\n","protected":false},"author":37,"featured_media":24474,"comment_status":"closed","ping_status":"open","sticky":false,"template":"","format":"standard","meta":{"ep_exclude_from_search":false,"p4_og_title":"La deforestazione nell'Amazzonia brasiliana \u00e8 tornata a crescere ","p4_og_description":"A luglio la deforestazione \u00e8 aumentata del 33% rispetto allo stesso mese del 2023, con il numero pi\u00f9 alto di focolai di incendi nella regione dal 2005.","p4_og_image":"","p4_og_image_id":"","p4_seo_canonical_url":"","p4_campaign_name":"","p4_local_project":"","p4_basket_name":"","p4_department":"","footnotes":""},"categories":[17],"tags":[36],"p4-page-type":[19],"class_list":["post-24470","post","type-post","status-publish","format-standard","has-post-thumbnail","hentry","category-proteggi","tag-foreste","p4-page-type-storia"],"_links":{"self":[{"href":"https:\/\/www.greenpeace.org\/italy\/wp-json\/wp\/v2\/posts\/24470","targetHints":{"allow":["GET"]}}],"collection":[{"href":"https:\/\/www.greenpeace.org\/italy\/wp-json\/wp\/v2\/posts"}],"about":[{"href":"https:\/\/www.greenpeace.org\/italy\/wp-json\/wp\/v2\/types\/post"}],"author":[{"embeddable":true,"href":"https:\/\/www.greenpeace.org\/italy\/wp-json\/wp\/v2\/users\/37"}],"replies":[{"embeddable":true,"href":"https:\/\/www.greenpeace.org\/italy\/wp-json\/wp\/v2\/comments?post=24470"}],"version-history":[{"count":3,"href":"https:\/\/www.greenpeace.org\/italy\/wp-json\/wp\/v2\/posts\/24470\/revisions"}],"predecessor-version":[{"id":24481,"href":"https:\/\/www.greenpeace.org\/italy\/wp-json\/wp\/v2\/posts\/24470\/revisions\/24481"}],"wp:featuredmedia":[{"embeddable":true,"href":"https:\/\/www.greenpeace.org\/italy\/wp-json\/wp\/v2\/media\/24474"}],"wp:attachment":[{"href":"https:\/\/www.greenpeace.org\/italy\/wp-json\/wp\/v2\/media?parent=24470"}],"wp:term":[{"taxonomy":"category","embeddable":true,"href":"https:\/\/www.greenpeace.org\/italy\/wp-json\/wp\/v2\/categories?post=24470"},{"taxonomy":"post_tag","embeddable":true,"href":"https:\/\/www.greenpeace.org\/italy\/wp-json\/wp\/v2\/tags?post=24470"},{"taxonomy":"p4-page-type","embeddable":true,"href":"https:\/\/www.greenpeace.org\/italy\/wp-json\/wp\/v2\/p4-page-type?post=24470"}],"curies":[{"name":"wp","href":"https:\/\/api.w.org\/{rel}","templated":true}]}}