{"id":24593,"date":"2024-09-04T17:46:45","date_gmt":"2024-09-04T15:46:45","guid":{"rendered":"https:\/\/www.greenpeace.org\/italy\/?p=24593"},"modified":"2024-09-04T17:52:12","modified_gmt":"2024-09-04T15:52:12","slug":"siccita-sicilia-sardegna-crisi-climatica","status":"publish","type":"post","link":"https:\/\/www.greenpeace.org\/italy\/storia\/24593\/siccita-sicilia-sardegna-crisi-climatica\/","title":{"rendered":"La grave siccit\u00e0 in Sicilia e in Sardegna \u00e8 una conseguenza della crisi climatica"},"content":{"rendered":"\n<p>L\u2019ultimo studio del World Weather Attribution, il pi\u00f9 autorevole organismo scientifico che valuta la correlazione tra i fenomeni meteorologici estremi e il cambiamento climatico di origine antropica, ha verificato <strong>la correlazione tra la crisi del clima e la grave siccit\u00e0 in corso in Sardegna e in Sicilia<\/strong>. Secondo lo studio, gli sconvolgimenti climatici causati dalla nostra dipendenza da petrolio, gas e carbone contribuiscono a intensificare e rendere pi\u00f9 probabile la siccit\u00e0 in entrambe le isole.<\/p>\n\n<figure class=\"wp-block-image size-large\"><img loading=\"lazy\" decoding=\"async\" width=\"1024\" height=\"768\" src=\"https:\/\/www.greenpeace.org\/static\/planet4-italy-stateless\/2024\/09\/97718cd0-img-20240903-wa0006-1024x768.jpg\" title=\"Foto dall&#039;alto di siccit\u00e0 in Sicilia.\" alt=\"\" class=\"wp-image-24577\" srcset=\"https:\/\/www.greenpeace.org\/static\/planet4-italy-stateless\/2024\/09\/97718cd0-img-20240903-wa0006-1024x768.jpg 1024w, https:\/\/www.greenpeace.org\/static\/planet4-italy-stateless\/2024\/09\/97718cd0-img-20240903-wa0006-300x225.jpg 300w, https:\/\/www.greenpeace.org\/static\/planet4-italy-stateless\/2024\/09\/97718cd0-img-20240903-wa0006-768x576.jpg 768w, https:\/\/www.greenpeace.org\/static\/planet4-italy-stateless\/2024\/09\/97718cd0-img-20240903-wa0006-453x340.jpg 453w, https:\/\/www.greenpeace.org\/static\/planet4-italy-stateless\/2024\/09\/97718cd0-img-20240903-wa0006.jpg 1280w\" sizes=\"auto, (max-width: 1024px) 100vw, 1024px\" \/><\/figure>\n\n<h2 class=\"wp-block-heading\"><strong>Cosa c\u2019entra il clima<\/strong><\/h2>\n\n<p>L\u2019analisi del World Weather Attribution ha rivelato che, <strong>senza gli effetti del riscaldamento causato di origine antropica, la siccit\u00e0 su entrambe le isole non sarebbe stata classificata come &#8220;estrema&#8221;<\/strong>. In particolare, il caldo torrido e persistente causato dalle emissioni dei combustibili fossili colpisce le isole con maggiore frequenza, facendo evaporare l&#8217;acqua dai terreni, dalle piante e dai bacini idrici. L\u2019uso inefficiente delle risorse idriche e la presenza di infrastrutture obsolete e inadeguate fanno il resto, aggravando le conseguenze.&nbsp;<\/p>\n\n<p>I cambiamenti climatici, secondo gli scienziati, <strong>hanno aumentato del 50% la probabilit\u00e0 della siccit\u00e0 in corso in Sardegna e Sicilia<\/strong>, provocando crisi idrica e perdite agricole devastanti. Tali fenomeni sono destinati a peggiorare con ogni frazione di grado di riscaldamento in pi\u00f9, motivo per cui \u00e8 urgente ridurre le emissioni a zero.&nbsp;<\/p>\n\n<div class=\"wp-block-buttons is-layout-flex wp-block-buttons-is-layout-flex\">\n<div class=\"wp-block-button has-custom-width wp-block-button__width-100\"><a class=\"wp-block-button__link has-grey-900-color has-green-500-background-color has-text-color has-background has-link-color wp-element-button\" href=\"https:\/\/attivati.greenpeace.it\/petizioni\/contro-eni-per-una-giusta-causa\/?utm_source=greenpeace.org&amp;utm_medium=news&amp;utm_campaign=eni&amp;utm_content=siccit%C3%A0-sicilia-sardegna\" target=\"_blank\" rel=\"noreferrer noopener\"><strong>F<\/strong>ERMIAMO<strong> CHI INQUINA E DEVASTA IL PIANETA<\/strong>!<\/a><\/div>\n<\/div>\n\n<div class=\"wp-block-group is-nowrap is-layout-flex wp-container-core-group-is-layout-ad2f72ca wp-block-group-is-layout-flex\"><\/div>\n\n<figure class=\"wp-block-image size-large\"><img loading=\"lazy\" decoding=\"async\" width=\"1024\" height=\"768\" src=\"https:\/\/www.greenpeace.org\/static\/planet4-italy-stateless\/2024\/09\/ddb7c999-img-20240903-wa0005-1024x768.jpg\" title=\"Foto dall&#039;alto di siccit\u00e0 in Sicilia.\" alt=\"\" class=\"wp-image-24579\" srcset=\"https:\/\/www.greenpeace.org\/static\/planet4-italy-stateless\/2024\/09\/ddb7c999-img-20240903-wa0005-1024x768.jpg 1024w, https:\/\/www.greenpeace.org\/static\/planet4-italy-stateless\/2024\/09\/ddb7c999-img-20240903-wa0005-300x225.jpg 300w, https:\/\/www.greenpeace.org\/static\/planet4-italy-stateless\/2024\/09\/ddb7c999-img-20240903-wa0005-768x576.jpg 768w, https:\/\/www.greenpeace.org\/static\/planet4-italy-stateless\/2024\/09\/ddb7c999-img-20240903-wa0005-453x340.jpg 453w, https:\/\/www.greenpeace.org\/static\/planet4-italy-stateless\/2024\/09\/ddb7c999-img-20240903-wa0005.jpg 1280w\" sizes=\"auto, (max-width: 1024px) 100vw, 1024px\" \/><\/figure>\n\n<h2 class=\"wp-block-heading\"><strong>Chi paga il conto?<\/strong><\/h2>\n\n<p>A pagare il prezzo della siccit\u00e0 estrema in Sardegna e in Sicilia sono <strong>le persone che subiscono razionamenti di acqua, gli ecosistemi naturali e persino interi settori produttivi come l\u2019agricoltura e il turismo<\/strong>. Danni gravissimi di cui si dovrebbe invece chiedere conto alle aziende del petrolio e del gas, come ENI, che con le loro emissioni di gas serra sono i principali responsabili della crisi climatica.&nbsp;<\/p>\n\n<p>Sappiamo che l\u2019unico modo per salvarci dai peggiori impatti della crisi climatica \u00e8 <strong>mettere al pi\u00f9 presto fine allo sfruttamento delle fonti fossili<\/strong>. Eppure, mentre la Sicilia soffre e diventa sempre pi\u00f9 arida, a pochi chilometri dalle sue coste ENI ha appena avviato la produzione di gas fossile nel giacimento Argo Cassiopea. L\u2019impianto ha ricevuto il via libera e il plauso del governo Meloni che, al di l\u00e0 dei proclami, non intende far nulla per le Regioni italiane pi\u00f9 colpite dalla siccit\u00e0 e dagli altri eventi climatici estremi.<\/p>\n\n<figure class=\"wp-block-image size-large\"><img loading=\"lazy\" decoding=\"async\" width=\"1024\" height=\"768\" src=\"https:\/\/www.greenpeace.org\/static\/planet4-italy-stateless\/2024\/09\/8e0188b3-img-20240903-wa0004-1024x768.jpg\" title=\"Foto dall&#039;alto di siccit\u00e0 in Sicilia\" alt=\"\" class=\"wp-image-24578\" srcset=\"https:\/\/www.greenpeace.org\/static\/planet4-italy-stateless\/2024\/09\/8e0188b3-img-20240903-wa0004-1024x768.jpg 1024w, https:\/\/www.greenpeace.org\/static\/planet4-italy-stateless\/2024\/09\/8e0188b3-img-20240903-wa0004-300x225.jpg 300w, https:\/\/www.greenpeace.org\/static\/planet4-italy-stateless\/2024\/09\/8e0188b3-img-20240903-wa0004-768x576.jpg 768w, https:\/\/www.greenpeace.org\/static\/planet4-italy-stateless\/2024\/09\/8e0188b3-img-20240903-wa0004-453x340.jpg 453w, https:\/\/www.greenpeace.org\/static\/planet4-italy-stateless\/2024\/09\/8e0188b3-img-20240903-wa0004.jpg 1280w\" sizes=\"auto, (max-width: 1024px) 100vw, 1024px\" \/><\/figure>\n\n<h2 class=\"wp-block-heading\"><strong>\u00c8 ora di cambiare!<\/strong><\/h2>\n\n<p><strong>Le aziende del settore fossile, come ENI, devono assumersi la responsabilit\u00e0 per la crisi climatica e pagarne le conseguenze, anche in tribunale<\/strong>. Per questo motivo abbiamo avviato \u201cLa Giusta Causa\u201d, una causa legale nei confronti di ENI, per mettere fine ai suoi piani di distruzione del clima e chiedere giustizia.<\/p>\n\n<p class=\"has-text-align-center\"><strong>Aiutaci a fermare chi inquina e devasta il pianeta<\/strong><\/p>\n\n<div class=\"wp-block-buttons is-layout-flex wp-block-buttons-is-layout-flex\">\n<div class=\"wp-block-button has-custom-width wp-block-button__width-100\"><a class=\"wp-block-button__link has-grey-900-color has-green-500-background-color has-text-color has-background has-link-color wp-element-button\" href=\"https:\/\/attivati.greenpeace.it\/petizioni\/contro-eni-per-una-giusta-causa\/?utm_source=greenpeace.org&amp;utm_medium=news&amp;utm_campaign=eni&amp;utm_content=siccit%C3%A0-sicilia-sardegna\"><strong>F<\/strong>IRMA LA PETIZIONE <strong>PER LA #L<\/strong>AGIUSTACAUSA!<\/a><\/div>\n<\/div>\n\n<p class=\"has-text-align-center\"><\/p>\n","protected":false},"excerpt":{"rendered":"<p>Secondo lo studio del World Weather Attribution la grave siccit\u00e0 in corso in Sicilia e in Sardegna \u00e8 dovuta al cambiamento climatico.<\/p>\n","protected":false},"author":48,"featured_media":24577,"comment_status":"closed","ping_status":"open","sticky":false,"template":"","format":"standard","meta":{"ep_exclude_from_search":false,"p4_og_title":"La grave siccit\u00e0 in Sicilia e in Sardegna \u00e8 una conseguenza della crisi climatica","p4_og_description":"Secondo lo studio del World Weather Attribution la grave siccit\u00e0 in corso in Sicilia e in Sardegna \u00e8 dovuta al cambiamento climatico. Ecco perch\u00e9.","p4_og_image":"https:\/\/www.greenpeace.org\/static\/planet4-italy-stateless\/2024\/09\/97718cd0-img-20240903-wa0006.jpg","p4_og_image_id":"24577","p4_seo_canonical_url":"","p4_campaign_name":"","p4_local_project":"","p4_basket_name":"","p4_department":"","footnotes":""},"categories":[20],"tags":[44,29],"p4-page-type":[19],"class_list":["post-24593","post","type-post","status-publish","format-standard","has-post-thumbnail","hentry","category-denuncia","tag-lagiustacausa","tag-clima","p4-page-type-storia"],"_links":{"self":[{"href":"https:\/\/www.greenpeace.org\/italy\/wp-json\/wp\/v2\/posts\/24593","targetHints":{"allow":["GET"]}}],"collection":[{"href":"https:\/\/www.greenpeace.org\/italy\/wp-json\/wp\/v2\/posts"}],"about":[{"href":"https:\/\/www.greenpeace.org\/italy\/wp-json\/wp\/v2\/types\/post"}],"author":[{"embeddable":true,"href":"https:\/\/www.greenpeace.org\/italy\/wp-json\/wp\/v2\/users\/48"}],"replies":[{"embeddable":true,"href":"https:\/\/www.greenpeace.org\/italy\/wp-json\/wp\/v2\/comments?post=24593"}],"version-history":[{"count":6,"href":"https:\/\/www.greenpeace.org\/italy\/wp-json\/wp\/v2\/posts\/24593\/revisions"}],"predecessor-version":[{"id":24601,"href":"https:\/\/www.greenpeace.org\/italy\/wp-json\/wp\/v2\/posts\/24593\/revisions\/24601"}],"wp:featuredmedia":[{"embeddable":true,"href":"https:\/\/www.greenpeace.org\/italy\/wp-json\/wp\/v2\/media\/24577"}],"wp:attachment":[{"href":"https:\/\/www.greenpeace.org\/italy\/wp-json\/wp\/v2\/media?parent=24593"}],"wp:term":[{"taxonomy":"category","embeddable":true,"href":"https:\/\/www.greenpeace.org\/italy\/wp-json\/wp\/v2\/categories?post=24593"},{"taxonomy":"post_tag","embeddable":true,"href":"https:\/\/www.greenpeace.org\/italy\/wp-json\/wp\/v2\/tags?post=24593"},{"taxonomy":"p4-page-type","embeddable":true,"href":"https:\/\/www.greenpeace.org\/italy\/wp-json\/wp\/v2\/p4-page-type?post=24593"}],"curies":[{"name":"wp","href":"https:\/\/api.w.org\/{rel}","templated":true}]}}