{"id":24851,"date":"2024-09-26T12:16:37","date_gmt":"2024-09-26T10:16:37","guid":{"rendered":"https:\/\/www.greenpeace.org\/italy\/?p=24851"},"modified":"2026-03-13T15:47:16","modified_gmt":"2026-03-13T14:47:16","slug":"il-ministro-lollobrigida-vuole-rinviare-eudr-legge-salva-foreste","status":"publish","type":"post","link":"https:\/\/www.greenpeace.org\/italy\/storia\/24851\/il-ministro-lollobrigida-vuole-rinviare-eudr-legge-salva-foreste\/","title":{"rendered":"Il ministro Lollobrigida vorrebbe rinviare l&#8217;EUDR, la legge salva-foreste\u00a0"},"content":{"rendered":"\n<figure class=\"wp-block-image size-large\"><img loading=\"lazy\" decoding=\"async\" width=\"1024\" height=\"683\" src=\"https:\/\/www.greenpeace.org\/static\/planet4-italy-stateless\/2024\/09\/458572b2-lollobrigida-1024x683.jpg\" alt=\"\" class=\"wp-image-24854\" srcset=\"https:\/\/www.greenpeace.org\/static\/planet4-italy-stateless\/2024\/09\/458572b2-lollobrigida-1024x683.jpg 1024w, https:\/\/www.greenpeace.org\/static\/planet4-italy-stateless\/2024\/09\/458572b2-lollobrigida-300x200.jpg 300w, https:\/\/www.greenpeace.org\/static\/planet4-italy-stateless\/2024\/09\/458572b2-lollobrigida-768x512.jpg 768w, https:\/\/www.greenpeace.org\/static\/planet4-italy-stateless\/2024\/09\/458572b2-lollobrigida-510x340.jpg 510w, https:\/\/www.greenpeace.org\/static\/planet4-italy-stateless\/2024\/09\/458572b2-lollobrigida.jpg 1200w\" sizes=\"auto, (max-width: 1024px) 100vw, 1024px\" \/><\/figure>\n\n<p>Il regolamento europeo per smettere di importare nell&#8217;UE prodotti e materie prime legate alla deforestazione dovr\u00e0 essere attuato nel 2025, ma<strong> l\u2019Italia gi\u00e0 sta facendo un passo indietro<\/strong>.<\/p>\n\n<p>La European Union Deforestation Regulation (EUDR), in vigore dal 29 giugno 2023, \u00e8 la normativa che <strong>mira a eliminare la deforestazione dalle catene di approvvigionamento dell&#8217;UE<\/strong>. Secondo questa normativa, le aziende e multinazionali con sede nell&#8217;UE dovranno dimostrare che i prodotti che immettono sul mercato comunitario non contribuiscono alla distruzione delle foreste. Tuttavia, malgrado le buone premesse, la normativa ha delle lacune importanti: <strong>si applica infatti solo a sette materie prime <\/strong>(carne bovina, soia, caff\u00e8, cacao, olio di palma, gomma, legno\/cellulosa) <strong>e relativi prodotti derivati<\/strong>.<\/p>\n\n<p>Inoltre, il regolamento\u00a0<strong>non prevede la tutela di ecosistemi vitali come savane e zone umide, che invece \u00e8 fondamentale proteggere. <\/strong>A ci\u00f2 si aggiunge un&#8217;altra grave lacuna: al momento gli obblighi dell&#8217;EUDR non riguardano banche e associazioni, nonostante il ruolo centrale del comparto finanziario nell&#8217;alimentare la deforestazione.<\/p>\n\n<p><strong>Nel 2025 \u00e8 prevista la revisione della normativa, un&#8217;occasione unica per migliorarla e metterla in atto<\/strong>. Tuttavia, l\u2019Italia rischia di fare marcia indietro: il Ministro Lollobrigida ha chiesto un rinvio di un anno nell&#8217;attuazione del regolamento, sostenendo che le imprese non sono pronte a garantire la tracciabilit\u00e0 richiesta, sottolineando le difficolt\u00e0 economiche e l\u2019aumento del rischio di alimentare mercati illegali. Peccato che l&#8217;EUDR sia stata approvata nel 2023 e gli Stati membri abbiano avuto tempo fino alla fine di dicembre&nbsp;2024 per prepararsi a implementarla. Un rinvio ora sarebbe inaccettabile: <strong>l\u2019Italia deve mantenere gli impegni presi a livello europeo e tutelare le foreste!<\/strong><\/p>\n\n<h2 class=\"wp-block-heading\">La deforestazione sta riducendo le foreste in cenere<\/h2>\n\n<p>Le foreste sono fondamentali per la salute del nostro pianeta. <strong>Custodiscono l\u201980% della biodiversit\u00e0 della Terra, ma<\/strong> <strong>il loro ruolo \u00e8 prezioso anche nel contenere gli effetti del cambiamento climatico<\/strong>. Queste enormi distese verdi, infatti, assorbono grandi quantit\u00e0 di anidride carbonica <strong>aiutando a regolare il clima e a ridurre l&#8217;impatto dei gas serra<\/strong>.<\/p>\n\n<p>Eppure oggi le foreste sono sempre pi\u00f9 minacciate dalle attivit\u00e0 umane: <strong>ogni giorno la deforestazione fa scomparire aree grandi come un campo da calcio<\/strong>. Il motivo? La produzione intensiva di prodotti e materie prime come soia, olio di palma e legno.<\/p>\n\n<div class=\"wp-block-buttons is-layout-flex wp-block-buttons-is-layout-flex\">\n<div class=\"wp-block-button has-custom-width wp-block-button__width-100\"><a class=\"wp-block-button__link has-grey-900-color has-green-500-background-color has-text-color has-background has-link-color wp-element-button\" href=\"https:\/\/attivati.greenpeace.it\/petizioni\/foreste-in-fumo\/?utm_source=greenpeace-org&amp;utm_medium=news&amp;utm_campaign=foreste&amp;utm_content=lollobrigida-eudr\" target=\"_blank\" rel=\"noreferrer noopener\">FERMIAMO LA DEFORESTAZIONE<\/a><\/div>\n<\/div>\n\n<div class=\"wp-block-group is-nowrap is-layout-flex wp-container-core-group-is-layout-ad2f72ca wp-block-group-is-layout-flex\"><\/div>\n\n<p>Ancora una volta gli interessi di pochi vanno a scapito del pianeta. E a pagare \u00e8 uno degli ecosistemi pi\u00f9 importanti del pianeta.<\/p>\n\n<p><strong>Le foreste sono troppo importanti per il pianeta e per l\u2019umanit\u00e0<\/strong>. Aiutaci a difenderle: sostieni anche tu la nostra Campagna per la tutela di questo patrimonio fondamentale per la stabilit\u00e0 climatica e per la biodiversit\u00e0!<\/p>\n\n<figure class=\"wp-block-image size-large\"><img loading=\"lazy\" decoding=\"async\" width=\"1024\" height=\"683\" src=\"https:\/\/www.greenpeace.org\/static\/planet4-italy-stateless\/2024\/09\/09f7835d-deforestazione-amazzonia-1024x683.jpg\" alt=\"\" class=\"wp-image-24855\" srcset=\"https:\/\/www.greenpeace.org\/static\/planet4-italy-stateless\/2024\/09\/09f7835d-deforestazione-amazzonia-1024x683.jpg 1024w, https:\/\/www.greenpeace.org\/static\/planet4-italy-stateless\/2024\/09\/09f7835d-deforestazione-amazzonia-300x200.jpg 300w, https:\/\/www.greenpeace.org\/static\/planet4-italy-stateless\/2024\/09\/09f7835d-deforestazione-amazzonia-768x512.jpg 768w, https:\/\/www.greenpeace.org\/static\/planet4-italy-stateless\/2024\/09\/09f7835d-deforestazione-amazzonia-510x340.jpg 510w, https:\/\/www.greenpeace.org\/static\/planet4-italy-stateless\/2024\/09\/09f7835d-deforestazione-amazzonia.jpg 1200w\" sizes=\"auto, (max-width: 1024px) 100vw, 1024px\" \/><\/figure>\n\n<h2 class=\"wp-block-heading\">La nostra azione davanti al Parlamento europeo<\/h2>\n\n<p>Proprio per <strong>ricordare alla politica la priorit\u00e0 che l\u2019UE deve dare alla protezione della natura<\/strong>, siamo scesi in piazza davanti al Parlamento europeo a Bruxelles. \u00c8 qui infatti che nelle prossime settimane saranno scelti i nuovi commissari europei che guideranno le scelte politiche dell\u2019UE per i prossimi cinque anni. Il nostro appello \u00e8 chiaro: &#8220;Fermate la distruzione della natura. Salvate vite&#8221;. Non possiamo pi\u00f9 aspettare!<\/p>\n\n<div class=\"wp-block-buttons is-layout-flex wp-block-buttons-is-layout-flex\">\n<div class=\"wp-block-button has-custom-width wp-block-button__width-100\"><a class=\"wp-block-button__link has-grey-900-color has-green-500-background-color has-text-color has-background has-link-color wp-element-button\" href=\"https:\/\/attivati.greenpeace.it\/petizioni\/foreste-in-fumo\/?utm_source=greenpeace-org&amp;utm_medium=news&amp;utm_campaign=foreste&amp;utm_content=lollobrigida-eudr\" target=\"_blank\" rel=\"noreferrer noopener\">PROTEGGIAMO LE FORESTE!<\/a><\/div>\n<\/div>\n\n<div class=\"wp-block-group is-nowrap is-layout-flex wp-container-core-group-is-layout-ad2f72ca wp-block-group-is-layout-flex\"><\/div>\n\n<figure class=\"wp-block-image size-large\"><img loading=\"lazy\" decoding=\"async\" width=\"1024\" height=\"683\" src=\"https:\/\/www.greenpeace.org\/static\/planet4-italy-stateless\/2024\/09\/5a94b16c-azione-greenpeace-belgio-1024x683.jpg\" alt=\"\" class=\"wp-image-24856\" srcset=\"https:\/\/www.greenpeace.org\/static\/planet4-italy-stateless\/2024\/09\/5a94b16c-azione-greenpeace-belgio-1024x683.jpg 1024w, https:\/\/www.greenpeace.org\/static\/planet4-italy-stateless\/2024\/09\/5a94b16c-azione-greenpeace-belgio-300x200.jpg 300w, https:\/\/www.greenpeace.org\/static\/planet4-italy-stateless\/2024\/09\/5a94b16c-azione-greenpeace-belgio-768x512.jpg 768w, https:\/\/www.greenpeace.org\/static\/planet4-italy-stateless\/2024\/09\/5a94b16c-azione-greenpeace-belgio-510x340.jpg 510w, https:\/\/www.greenpeace.org\/static\/planet4-italy-stateless\/2024\/09\/5a94b16c-azione-greenpeace-belgio.jpg 1200w\" sizes=\"auto, (max-width: 1024px) 100vw, 1024px\" \/><\/figure>\n\n<h2 class=\"wp-block-heading\">Dall\u2019Amazzonia ai Carpazi: le foreste internazionali ed europee sono in pericolo<\/h2>\n\n<p><strong>Albero dopo albero, chilometro dopo chilometro, la foresta amazzonica sta scomparendo <\/strong>a causa della deforestazione portata avanti da coloro che mettono il profitto al di sopra delle persone, del pianeta e persino del nostro futuro.<\/p>\n\n<p><strong>A luglio 2024 la superficie dell\u2019Amazzonia si \u00e8 ridotta di oltre 666 km\u00b2, un\u2019area che equivale a quasi sette volte la citt\u00e0 di Milano<\/strong>, con un incremento degli incendi del 98% rispetto a luglio 2023. Incendi che gli agricoltori provocano di proposito per ricavare terreni per il pascolo e per le coltivazioni intensive.<\/p>\n\n<p>Ma non serve andare cos\u00ec lontano per vedere i danni enormi causati dalla deforestazione: le <strong>foreste dei Carpazi<\/strong>, una delle regioni forestali pi\u00f9 importanti d&#8217;Europa , \u00e8 in grave pericolo.<strong> Ogni ora nei Carpazi scompare un\u2019area pari a cinque campi da calcio <\/strong>e si stima che negli ultimi vent\u2019anni la Romania abbia perso <strong>pi\u00f9 del 50% delle sue foreste vetuste a causa della deforestazione<\/strong>. E la colpa \u00e8 di aziende dalla filiera sporca, cio\u00e8 che si riforniscono da imorese che ricavano legno da foreste che andrebbero tutelate anzich\u00e9 distrutte.<\/p>\n\n<div class=\"wp-block-buttons is-layout-flex wp-block-buttons-is-layout-flex\">\n<div class=\"wp-block-button has-custom-width wp-block-button__width-100\"><a class=\"wp-block-button__link has-grey-900-color has-green-500-background-color has-text-color has-background has-link-color wp-element-button\" href=\"https:\/\/attivati.greenpeace.it\/petizioni\/foreste-in-fumo\/?utm_source=greenpeace-org&amp;utm_medium=news&amp;utm_campaign=foreste&amp;utm_content=lollobrigida-eudr\" target=\"_blank\" rel=\"noreferrer noopener\">STOP DEFORESTAZIONE!<\/a><\/div>\n<\/div>\n\n<div class=\"wp-block-group is-nowrap is-layout-flex wp-container-core-group-is-layout-ad2f72ca wp-block-group-is-layout-flex\"><\/div>\n\n<figure class=\"wp-block-image size-large\"><img loading=\"lazy\" decoding=\"async\" width=\"1024\" height=\"683\" src=\"https:\/\/www.greenpeace.org\/static\/planet4-italy-stateless\/2024\/09\/937da575-carpazi-rumeni-1024x683.jpg\" title=\"Immagine aerea di una porzione di foresta secolare dei Carpazi rumeni, completamente disboscata\" alt=\"\" class=\"wp-image-24857\" srcset=\"https:\/\/www.greenpeace.org\/static\/planet4-italy-stateless\/2024\/09\/937da575-carpazi-rumeni-1024x683.jpg 1024w, https:\/\/www.greenpeace.org\/static\/planet4-italy-stateless\/2024\/09\/937da575-carpazi-rumeni-300x200.jpg 300w, https:\/\/www.greenpeace.org\/static\/planet4-italy-stateless\/2024\/09\/937da575-carpazi-rumeni-768x512.jpg 768w, https:\/\/www.greenpeace.org\/static\/planet4-italy-stateless\/2024\/09\/937da575-carpazi-rumeni-510x340.jpg 510w, https:\/\/www.greenpeace.org\/static\/planet4-italy-stateless\/2024\/09\/937da575-carpazi-rumeni.jpg 1200w\" sizes=\"auto, (max-width: 1024px) 100vw, 1024px\" \/><\/figure>\n\n<h2 class=\"wp-block-heading\">Deforestazione e banche: il legame che distrugge il pianeta<\/h2>\n\n<p>Sembra incredibile, ma <strong>il settore bancario e finanziario \u00e8 uno dei principali complici della distruzione delle foreste e di altri importanti ecosistemi naturali<\/strong>.<\/p>\n\n<p>Dal 2015 crediti e investimenti da parte degli istituti finanziari hanno sovvenzionato <strong>societ\u00e0 come JBS, Cargill, Sinar Mas che abbattono le foreste <\/strong>p<strong>er fare spazio alla produzione intensiva di prodotti e materie prime <\/strong>come <strong>&nbsp;<\/strong>soia \u2013 destinata a diventare mangime per animali \u2013 e olio di palma usato per la produzione di carburanti. Si tratta di societ\u00e0 che hanno legami diretti o indiretti <strong>con recenti casi di deforestazione in Sud America e nel Sud-Est asiatico<\/strong>.<\/p>\n\n<p>E c\u2019\u00e8 di pi\u00f9. Tra le istituzioni finanziarie che hanno erogato crediti e investimenti a queste societ\u00e0<strong> ci sono anche le italiane Unicredit e<\/strong> <strong>Intesa Sanpaolo.<\/strong><\/p>\n\n<p>\u00c8 fondamentale che queste istituzioni rivedano le loro politiche di investimento: n<strong>on si pu\u00f2 finanziare la distruzione delle foreste!<\/strong><\/p>\n\n<h2 class=\"wp-block-heading\">Il futuro delle foreste \u00e8 nelle nostre mani<\/h2>\n\n<p>Le foreste sono il cuore pulsante del nostro pianeta, ma ogni giorno che passa ne perdiamo una parte preziosa a causa della deforestazione. Non possiamo permettere che questo accada: <strong>il nostro clima, la biodiversit\u00e0 e il futuro stesso dipendono dalla loro salvaguardia<\/strong>. <\/p>\n\n<p class=\"has-text-align-center\"><em>\u00c8 arrivato il momento di agire e di far sentire la nostra voce: chiedi insieme a noi di fermare la deforestazione!<\/em><\/p>\n\n<div class=\"wp-block-buttons is-layout-flex wp-block-buttons-is-layout-flex\">\n<div class=\"wp-block-button has-custom-width wp-block-button__width-100\"><a class=\"wp-block-button__link has-grey-900-color has-green-500-background-color has-text-color has-background has-link-color wp-element-button\" href=\"https:\/\/attivati.greenpeace.it\/petizioni\/foreste-in-fumo\/?utm_source=greenpeace-org&amp;utm_medium=news&amp;utm_campaign=foreste&amp;utm_content=lollobrigida-eudr\" target=\"_blank\" rel=\"noreferrer noopener\">FIRMA LA PETIZIONE<\/a><\/div>\n<\/div>\n\n<p class=\"has-text-align-center\"><\/p>\n\n<p><\/p>\n","protected":false},"excerpt":{"rendered":"<p>La normativa dovr\u00e0 essere attuata nel 2025, ma l\u2019Italia sta gi\u00e0 facendo un passo indietro.<\/p>\n","protected":false},"author":37,"featured_media":24854,"comment_status":"closed","ping_status":"open","sticky":false,"template":"","format":"standard","meta":{"ep_exclude_from_search":false,"p4_og_title":"Il ministro Lollobrigida vorrebbe rinviare l'EUDR, la legge salva-foreste\u00a0","p4_og_description":"Il governo vuole fare un passo indietro sulla protezione delle foreste, malgrado gli impegni gi\u00e0 presi nel 2023.","p4_og_image":"https:\/\/www.greenpeace.org\/static\/planet4-italy-stateless\/2024\/09\/458572b2-lollobrigida.jpg","p4_og_image_id":"24854","p4_seo_canonical_url":"","p4_campaign_name":"","p4_local_project":"","p4_basket_name":"","p4_department":"","footnotes":""},"categories":[20],"tags":[36],"p4-page-type":[19],"class_list":["post-24851","post","type-post","status-publish","format-standard","has-post-thumbnail","hentry","category-denuncia","tag-foreste","p4-page-type-storia"],"_links":{"self":[{"href":"https:\/\/www.greenpeace.org\/italy\/wp-json\/wp\/v2\/posts\/24851","targetHints":{"allow":["GET"]}}],"collection":[{"href":"https:\/\/www.greenpeace.org\/italy\/wp-json\/wp\/v2\/posts"}],"about":[{"href":"https:\/\/www.greenpeace.org\/italy\/wp-json\/wp\/v2\/types\/post"}],"author":[{"embeddable":true,"href":"https:\/\/www.greenpeace.org\/italy\/wp-json\/wp\/v2\/users\/37"}],"replies":[{"embeddable":true,"href":"https:\/\/www.greenpeace.org\/italy\/wp-json\/wp\/v2\/comments?post=24851"}],"version-history":[{"count":17,"href":"https:\/\/www.greenpeace.org\/italy\/wp-json\/wp\/v2\/posts\/24851\/revisions"}],"predecessor-version":[{"id":30327,"href":"https:\/\/www.greenpeace.org\/italy\/wp-json\/wp\/v2\/posts\/24851\/revisions\/30327"}],"wp:featuredmedia":[{"embeddable":true,"href":"https:\/\/www.greenpeace.org\/italy\/wp-json\/wp\/v2\/media\/24854"}],"wp:attachment":[{"href":"https:\/\/www.greenpeace.org\/italy\/wp-json\/wp\/v2\/media?parent=24851"}],"wp:term":[{"taxonomy":"category","embeddable":true,"href":"https:\/\/www.greenpeace.org\/italy\/wp-json\/wp\/v2\/categories?post=24851"},{"taxonomy":"post_tag","embeddable":true,"href":"https:\/\/www.greenpeace.org\/italy\/wp-json\/wp\/v2\/tags?post=24851"},{"taxonomy":"p4-page-type","embeddable":true,"href":"https:\/\/www.greenpeace.org\/italy\/wp-json\/wp\/v2\/p4-page-type?post=24851"}],"curies":[{"name":"wp","href":"https:\/\/api.w.org\/{rel}","templated":true}]}}