{"id":24911,"date":"2024-10-01T17:42:12","date_gmt":"2024-10-01T15:42:12","guid":{"rendered":"https:\/\/www.greenpeace.org\/italy\/?p=24911"},"modified":"2024-10-01T18:03:21","modified_gmt":"2024-10-01T16:03:21","slug":"draghi-dice-che-non-ci-sono-alternative-ai-pfas","status":"publish","type":"post","link":"https:\/\/www.greenpeace.org\/italy\/storia\/24911\/draghi-dice-che-non-ci-sono-alternative-ai-pfas\/","title":{"rendered":"Draghi dice che non ci sono alternative ai PFAS (ma la verit\u00e0 \u00e8 un\u2019altra)"},"content":{"rendered":"\n<p><strong>Negli ultimi mesi, la questione dei <\/strong><a href=\"https:\/\/www.greenpeace.org\/italy\/storia\/17453\/pfas-cosa-sono-e-dove-si-trovano\/\" target=\"_blank\" rel=\"noreferrer noopener\"><strong>PFAS (sostanze poli e per-fluoroalchiliche)<\/strong><\/a><strong> \u00e8 tornata al centro del dibattito politico ed economico europeo<\/strong>. Uno dei motivi \u00e8 il rapporto di Mario Draghi sul futuro della competitivit\u00e0 europea, che sostiene una tesi piuttosto opinabile: ovvero che diversi settori industriali non possano fare a meno dei PFAS perch\u00e9 non esisterebbero sostanze con cui sostituirli.&nbsp;<\/p>\n\n<p>Ma \u00e8 davvero cos\u00ec o si tratta dell\u2019ennesimo tentativo di tutelare gli interessi di pochi anzich\u00e9 la salute delle persone? Spoiler: \u00e8 la seconda.<\/p>\n\n<figure class=\"wp-block-image size-large\"><img loading=\"lazy\" decoding=\"async\" width=\"1024\" height=\"683\" src=\"https:\/\/www.greenpeace.org\/static\/planet4-italy-stateless\/2024\/10\/f3f82857-mario-draghi-1024x683.jpg\" alt=\"\" class=\"wp-image-24916\" srcset=\"https:\/\/www.greenpeace.org\/static\/planet4-italy-stateless\/2024\/10\/f3f82857-mario-draghi-1024x683.jpg 1024w, https:\/\/www.greenpeace.org\/static\/planet4-italy-stateless\/2024\/10\/f3f82857-mario-draghi-300x200.jpg 300w, https:\/\/www.greenpeace.org\/static\/planet4-italy-stateless\/2024\/10\/f3f82857-mario-draghi-768x512.jpg 768w, https:\/\/www.greenpeace.org\/static\/planet4-italy-stateless\/2024\/10\/f3f82857-mario-draghi-510x340.jpg 510w, https:\/\/www.greenpeace.org\/static\/planet4-italy-stateless\/2024\/10\/f3f82857-mario-draghi.jpg 1200w\" sizes=\"auto, (max-width: 1024px) 100vw, 1024px\" \/><\/figure>\n\n<h2 class=\"wp-block-heading\"><strong>L&#8217;irrinunciabilit\u00e0 dei P<\/strong>FAS<strong> secondo Draghi<\/strong><\/h2>\n\n<p>Nel suo rapporto intitolato <em>&#8220;Il futuro della competitivit\u00e0 europea&#8221;<\/em>, Mario Draghi ha affrontato diversi temi legati allo sviluppo economico e industriale dell\u2019Europa, mettendo in luce la centralit\u00e0 del settore energetico e delle tecnologie pulite. In questo contesto, l\u2019ex presidente della BCE ha espresso preoccupazione riguardo a un possibile divieto esteso dei PFAS in Europa, <strong>sostenendo che attualmente non esistono alternative valide per alcuni settori chiave, come la produzione di batterie e di elettrolizzatori,<\/strong> fondamentali per la transizione energetica. Draghi teme che le restrizioni proposte dall\u2019UE possano rallentare l&#8217;innovazione e la competitivit\u00e0 industriale europea, soprattutto di fronte a competitor come Stati Uniti e Cina.<\/p>\n\n<p>Secondo Draghi, la normativa attuale pone gi\u00e0 limiti stringenti su oltre 10.000 sostanze PFAS, ma introdurre<strong> ulteriori restrizioni potrebbe creare incertezze negli investimenti, specialmente per settori come quello dei refrigeranti per pompe di calore<\/strong>. Una tale stretta regolatoria, a suo avviso, rischierebbe di ostacolare lo sviluppo delle tecnologie necessarie per la decarbonizzazione e la transizione ecologica.<\/p>\n\n<p>Ma quanto c\u2019\u00e8 di vero nelle sue parole? <strong>Praticamente niente<\/strong>.<\/p>\n\n<div class=\"wp-block-buttons is-layout-flex wp-block-buttons-is-layout-flex\">\n<div class=\"wp-block-button has-custom-width wp-block-button__width-100\"><a class=\"wp-block-button__link has-grey-900-color has-green-500-background-color has-text-color has-background has-link-color wp-element-button\" href=\"https:\/\/donazione.greenpeace.it\/tour-stop-pfas\/?utm_source=greenpeace.org&amp;utm_medium=news&amp;utm_campaign=fr&amp;utm_content=draghi-pfas&amp;utm_term=org\/\" target=\"_blank\" rel=\"noreferrer noopener\">SOSTIENI LA NOSTRA SPEDIZIONE CONTRO I PFAS<\/a><\/div>\n<\/div>\n\n<h2 class=\"wp-block-heading\">I PFAS sono sostituibili eccome<\/h2>\n\n<p>Le affermazioni di Draghi sulla mancanza di alternative ai PFAS lasciano interdetti, perch\u00e9 <strong>non corrispondono alla realt\u00e0 dei fatti<\/strong>.<strong>&nbsp;<\/strong><\/p>\n\n<p><strong>Draghi \u00e8 smentito dai dati dell\u2019Agenzia europea per le sostanze chimiche<\/strong>: a dispetto di quanto afferma l\u2019ex premier, infatti, nella stragrande maggioranza dei settori industriali, inclusi quelli delle energie rinnovabili, esistono gi\u00e0 delle alternative ai PFAS. Il<strong> dossier dell\u2019ECHA stilato nel 2023 ne individua nel settore delle batterie agli ioni di litio, per i semiconduttori, per le pale eoliche<\/strong>. E molte aziende stanno gi\u00e0 sostituendo i PFAS dalla filiera produttiva.<\/p>\n\n<p class=\"has-text-align-center\"><strong>Vuoi conoscere tutte le possibili alternative ai PFAS?<\/strong><\/p>\n\n<div class=\"wp-block-buttons is-layout-flex wp-block-buttons-is-layout-flex\">\n<div class=\"wp-block-button has-custom-width wp-block-button__width-100\"><a class=\"wp-block-button__link has-grey-900-color has-green-500-background-color has-text-color has-background has-link-color wp-element-button\" href=\"https:\/\/www.greenpeace.org\/static\/planet4-italy-stateless\/2024\/10\/ee2b3ce4-pfas-alternative.pdf\" target=\"_blank\" rel=\"noreferrer noopener\">CONSULTA LA NOSTRA TABELLA<\/a><\/div>\n<\/div>\n\n<div class=\"wp-block-group is-nowrap is-layout-flex wp-container-core-group-is-layout-ad2f72ca wp-block-group-is-layout-flex\"><\/div>\n\n<p class=\"has-text-align-left\"><strong>Molte aziende inoltre hanno gi\u00e0 iniziato a eliminare i PFAS dai loro processi produttivi<\/strong>,<strong> in particolare nel settore tessile e nei beni di consumo<\/strong>. Si tratta di esempi positivi che dimostrano che una transizione industriale \u00e8 possibile anche senza l&#8217;uso di queste sostanze pericolose.<\/p>\n\n<figure class=\"wp-block-image size-large\"><img loading=\"lazy\" decoding=\"async\" width=\"1024\" height=\"683\" src=\"https:\/\/www.greenpeace.org\/static\/planet4-italy-stateless\/2024\/07\/828633dc-pfas-nel-sangue-alessandria-1024x683.jpg\" title=\"Mamme NO PFAS, cittadini, attivisti della Climate Defense Units e di Greenpeace protestano a Venezia contro il grave inquinamento da PFAS che interessa un\u2019ampia area del Veneto\" alt=\"\" class=\"wp-image-24180\" srcset=\"https:\/\/www.greenpeace.org\/static\/planet4-italy-stateless\/2024\/07\/828633dc-pfas-nel-sangue-alessandria-1024x683.jpg 1024w, https:\/\/www.greenpeace.org\/static\/planet4-italy-stateless\/2024\/07\/828633dc-pfas-nel-sangue-alessandria-300x200.jpg 300w, https:\/\/www.greenpeace.org\/static\/planet4-italy-stateless\/2024\/07\/828633dc-pfas-nel-sangue-alessandria-768x512.jpg 768w, https:\/\/www.greenpeace.org\/static\/planet4-italy-stateless\/2024\/07\/828633dc-pfas-nel-sangue-alessandria-510x340.jpg 510w, https:\/\/www.greenpeace.org\/static\/planet4-italy-stateless\/2024\/07\/828633dc-pfas-nel-sangue-alessandria.jpg 1200w\" sizes=\"auto, (max-width: 1024px) 100vw, 1024px\" \/><\/figure>\n\n<h2 class=\"wp-block-heading\"><strong>L&#8217;appello delle Mamme No Pfas<\/strong><\/h2>\n\n<p>Una delle voci pi\u00f9 accorate nella discussione \u00e8 quella delle <strong><em>Mamme No Pfas<\/em><\/strong><strong>, un comitato nato tra le famiglie del Veneto, una delle zone pi\u00f9 colpite dall&#8217;inquinamento da PFAS nell\u2019intera Europa<\/strong>. Queste donne, che si battono da anni per la messa al bando di queste sostanze, hanno espresso tutta la loro preoccupazione e delusione in una lettera aperta a Mario Draghi.<strong> Le Mamme No PFAS hanno ricordato come queste sostanze siano cancerogene e persistenti nell\u2019ambiente<\/strong>, al punto che sia loro che i loro figli presentano elevate quantit\u00e0 di PFAS nel sangue. La loro richiesta \u00e8 chiara: chiedono all&#8217;ex premier di rivedere la sua posizione e di impegnarsi a favore di una vera transizione ecologica, che tenga conto della salute delle persone e del futuro delle generazioni pi\u00f9 giovani.<\/p>\n\n<h2 class=\"wp-block-heading\">Vogliamo eliminare i PFAS, per questo siamo in giro per l\u2019Italia con la nostra spedizione \u201cAcque senza veleni\u201d<\/h2>\n\n<p><strong>Il 23 settembre siamo partiti con un obiettiv<\/strong>o: raccogliere campioni di acqua potabile in tutto il Paese per <strong>realizzare la prima mappatura della contaminazione da PFAS in Italia<\/strong>&nbsp;<\/p>\n\n<p>Saremo in viaggio per cinque settimane, da Nord a Sud, faremo prelievi e incontreremo anche i comitati locali gi\u00e0 impegnati nella lotta contro la contaminazione da PFAS.<\/p>\n\n<p><strong>In Italia mancano controlli omogenei su scala nazionale <\/strong>e la nostra spedizione andr\u00e0 a colmare questo vuoto, cos\u00ec da mettere le istituzioni di fronte a una realt\u00e0 che non pu\u00f2 pi\u00f9 essere ignorata. Anche tu puoi sostenere la nostra indagine: <strong>insieme possiamo ottenere un futuro senza PFAS!<\/strong><\/p>\n\n<p class=\"has-text-align-center\"><strong>Vogliamo acqua pulita e sicura, libera da veleni<\/strong><\/p>\n\n<p class=\"has-text-align-center\"><em>Unisciti a noi: supporta la nostra spedizione e la nostra Campagna con una donazione<\/em><\/p>\n\n<div class=\"wp-block-buttons is-layout-flex wp-block-buttons-is-layout-flex\">\n<div class=\"wp-block-button has-custom-width wp-block-button__width-100\"><a class=\"wp-block-button__link has-grey-900-color has-green-500-background-color has-text-color has-background has-link-color wp-element-button\" href=\"https:\/\/donazione.greenpeace.it\/tour-stop-pfas\/?utm_source=greenpeace.org&amp;utm_medium=news&amp;utm_campaign=fr&amp;utm_content=draghi-pfas&amp;utm_term=org\/\" target=\"_blank\" rel=\"noreferrer noopener\">DONA ORA<\/a><\/div>\n<\/div>\n\n<p class=\"has-text-align-center\"><\/p>\n","protected":false},"excerpt":{"rendered":"<p>Malgrado le affermazioni dell&#8217;ex premier, le alternative esistono eccome. E sono pi\u00f9 sicure.<\/p>\n","protected":false},"author":23,"featured_media":24916,"comment_status":"closed","ping_status":"open","sticky":false,"template":"","format":"standard","meta":{"ep_exclude_from_search":false,"p4_og_title":"Draghi dice che non ci sono alternative ai PFAS (ma non \u00e8 vero)","p4_og_description":"Draghi dice che non ci sono alternative ai PFAS, ma le soluzioni ci sono e sono pi\u00f9 sicure. A dirlo \u00e8 anche l\u2019Agenzia europea per le sostanze chimiche.","p4_og_image":"https:\/\/www.greenpeace.org\/static\/planet4-italy-stateless\/2024\/10\/f3f82857-mario-draghi.jpg","p4_og_image_id":"24916","p4_seo_canonical_url":"","p4_campaign_name":"","p4_local_project":"","p4_basket_name":"","p4_department":"","footnotes":""},"categories":[20],"tags":[43],"p4-page-type":[19],"class_list":["post-24911","post","type-post","status-publish","format-standard","has-post-thumbnail","hentry","category-denuncia","tag-pfas","p4-page-type-storia"],"_links":{"self":[{"href":"https:\/\/www.greenpeace.org\/italy\/wp-json\/wp\/v2\/posts\/24911","targetHints":{"allow":["GET"]}}],"collection":[{"href":"https:\/\/www.greenpeace.org\/italy\/wp-json\/wp\/v2\/posts"}],"about":[{"href":"https:\/\/www.greenpeace.org\/italy\/wp-json\/wp\/v2\/types\/post"}],"author":[{"embeddable":true,"href":"https:\/\/www.greenpeace.org\/italy\/wp-json\/wp\/v2\/users\/23"}],"replies":[{"embeddable":true,"href":"https:\/\/www.greenpeace.org\/italy\/wp-json\/wp\/v2\/comments?post=24911"}],"version-history":[{"count":5,"href":"https:\/\/www.greenpeace.org\/italy\/wp-json\/wp\/v2\/posts\/24911\/revisions"}],"predecessor-version":[{"id":24919,"href":"https:\/\/www.greenpeace.org\/italy\/wp-json\/wp\/v2\/posts\/24911\/revisions\/24919"}],"wp:featuredmedia":[{"embeddable":true,"href":"https:\/\/www.greenpeace.org\/italy\/wp-json\/wp\/v2\/media\/24916"}],"wp:attachment":[{"href":"https:\/\/www.greenpeace.org\/italy\/wp-json\/wp\/v2\/media?parent=24911"}],"wp:term":[{"taxonomy":"category","embeddable":true,"href":"https:\/\/www.greenpeace.org\/italy\/wp-json\/wp\/v2\/categories?post=24911"},{"taxonomy":"post_tag","embeddable":true,"href":"https:\/\/www.greenpeace.org\/italy\/wp-json\/wp\/v2\/tags?post=24911"},{"taxonomy":"p4-page-type","embeddable":true,"href":"https:\/\/www.greenpeace.org\/italy\/wp-json\/wp\/v2\/p4-page-type?post=24911"}],"curies":[{"name":"wp","href":"https:\/\/api.w.org\/{rel}","templated":true}]}}