{"id":25572,"date":"2024-11-21T12:51:14","date_gmt":"2024-11-21T11:51:14","guid":{"rendered":"https:\/\/www.greenpeace.org\/italy\/?p=25572"},"modified":"2025-07-02T09:24:14","modified_gmt":"2025-07-02T07:24:14","slug":"clima-greenpeace-italia-e-recommon-fissata-ludienza-con-cui-la-cassazione-decidera-se-in-italia-e-possibile-avere-giustizia-climatica","status":"publish","type":"post","link":"https:\/\/www.greenpeace.org\/italy\/comunicato-stampa\/25572\/clima-greenpeace-italia-e-recommon-fissata-ludienza-con-cui-la-cassazione-decidera-se-in-italia-e-possibile-avere-giustizia-climatica\/","title":{"rendered":"Clima, Greenpeace Italia e Recommon: \u00abFissata l&#8217;udienza con cui la cassazione decider\u00e0 se in Italia \u00e8 possibile avere giustizia climatica\u00bb"},"content":{"rendered":"\n<figure class=\"wp-block-image size-large\"><img loading=\"lazy\" decoding=\"async\" width=\"1024\" height=\"683\" src=\"https:\/\/www.greenpeace.org\/static\/planet4-italy-stateless\/2024\/11\/437b6875-6-chi-rompe-paga-greenpeace-1024x683.jpg\" alt=\"\" class=\"wp-image-25519\" srcset=\"https:\/\/www.greenpeace.org\/static\/planet4-italy-stateless\/2024\/11\/437b6875-6-chi-rompe-paga-greenpeace-1024x683.jpg 1024w, https:\/\/www.greenpeace.org\/static\/planet4-italy-stateless\/2024\/11\/437b6875-6-chi-rompe-paga-greenpeace-300x200.jpg 300w, https:\/\/www.greenpeace.org\/static\/planet4-italy-stateless\/2024\/11\/437b6875-6-chi-rompe-paga-greenpeace-768x512.jpg 768w, https:\/\/www.greenpeace.org\/static\/planet4-italy-stateless\/2024\/11\/437b6875-6-chi-rompe-paga-greenpeace-510x340.jpg 510w, https:\/\/www.greenpeace.org\/static\/planet4-italy-stateless\/2024\/11\/437b6875-6-chi-rompe-paga-greenpeace.jpg 1200w\" sizes=\"auto, (max-width: 1024px) 100vw, 1024px\" \/><\/figure>\n\n<p>Mentre la COP29 in corso a Baku si accinge a concludere i suoi lavori, Greenpeace Italia e ReCommon rendono noto che il prossimo 18 febbraio la Cassazione si riunir\u00e0 a Sezioni Unite per stabilire se anche in Italia, come gi\u00e0 succede all\u2019estero, sia possibile o meno intentare una causa climatica che accerti le responsabilit\u00e0 delle aziende inquinanti per gli eventi climatici estremi, come alluvioni e siccit\u00e0, dovuti al riscaldamento globale, che stanno colpendo sempre pi\u00f9 spesso e sempre pi\u00f9 duramente anche il nostro Paese.<\/p>\n\n<p><a href=\"https:\/\/www.greenpeace.org\/italy\/comunicato-stampa\/17743\/causa-civile-contro-eni-presentata-da-greenpeace-italia-recommon-e-12-cittadine-e-cittadini-italiani-loperato-della-societa-peggiora-la-crisi-climatica-e-viola-i-diritti-umani\/\" target=\"_blank\" rel=\"noreferrer noopener\">Nel maggio 2023 dodici cittadine e cittadini italiani, Greenpeace Italia e ReCommon avevano presentato una causa civile nei confronti di ENI, <\/a>del Ministero dell\u2019Economia e delle Finanze e di Cassa Depositi e Prestiti S.p.A. (queste ultime due realt\u00e0 in qualit\u00e0 di azionisti che esercitano un\u2019influenza dominante sulla societ\u00e0) per i danni subiti e futuri, in sede patrimoniale e non, derivanti dai cambiamenti climatici a cui il colosso italiano del gas e del petrolio ha significativamente contribuito con la sua condotta negli ultimi decenni, pur essendone pienamente consapevole.<\/p>\n\n<p>ENI, CDP e MEF avevano infatti eccepito \u201c<em>il difetto assoluto di giurisdizione del giudice ordinario adito<\/em>\u201d, di fatto contestando la possibilit\u00e0 di procedere con una causa climatica davanti a un tribunale italiano. Un motivo di improcedibilit\u00e0 contestato da Greenpeace Italia, ReCommon e le cittadine e cittadini aderenti a La Giusta Causa, che <a href=\"https:\/\/www.greenpeace.org\/italy\/comunicato-stampa\/24157\/clima-tribunale-di-roma-sospende-la-giusta-causa-contro-eni-come-chiesto-da-greenpeace-e-recommon-sara-la-cassazione-a-stabilire-se-in-italia-si-possono-intentare-cause-climatiche\/\" target=\"_blank\" rel=\"noreferrer noopener\">hanno dunque fatto ricorso per regolamento di giurisdizione alla Suprema Corte<\/a> per chiedere di pronunciarsi in merito in via definitiva, come accadr\u00e0 il prossimo 18 febbraio. Questa decisione avr\u00e0 un impatto su ogni futura causa climatica intentata in Italia e, quindi, sulla tutela o meno in Italia dei diritti umani connessi al clima e gi\u00e0 riconosciuti dalla Corte Europea dei Diritti Umani.&nbsp;<\/p>\n\n<p>CONTATTI:<\/p>\n\n<p>Dip. Comunicazione Greenpeace Italia, 348.7630682<\/p>\n","protected":false},"excerpt":{"rendered":"<p>Il prossimo 18 febbraio la Cassazione si riunir\u00e0 per stabilire se in Italia sia possibile intentare una causa climatica contro le aziende inquinanti.<\/p>\n","protected":false},"author":33,"featured_media":25511,"comment_status":"closed","ping_status":"open","sticky":false,"template":"","format":"standard","meta":{"ep_exclude_from_search":false,"p4_og_title":"Greenpeace Italia e Recommon: Fissata l'udienza della Cassazione per stabilire se in Italia \u00e8 possibile avere giustizia climatica","p4_og_description":"Il prossimo 18 febbraio la Cassazione si riunir\u00e0 per stabilire se in Italia sia possibile intentare una causa climatica contro le aziende inquinanti.","p4_og_image":"","p4_og_image_id":"","p4_seo_canonical_url":"","p4_campaign_name":"","p4_local_project":"","p4_basket_name":"","p4_department":"","footnotes":""},"categories":[20],"tags":[29,44],"p4-page-type":[23],"class_list":["post-25572","post","type-post","status-publish","format-standard","has-post-thumbnail","hentry","category-denuncia","tag-clima","tag-lagiustacausa","p4-page-type-comunicato-stampa"],"_links":{"self":[{"href":"https:\/\/www.greenpeace.org\/italy\/wp-json\/wp\/v2\/posts\/25572","targetHints":{"allow":["GET"]}}],"collection":[{"href":"https:\/\/www.greenpeace.org\/italy\/wp-json\/wp\/v2\/posts"}],"about":[{"href":"https:\/\/www.greenpeace.org\/italy\/wp-json\/wp\/v2\/types\/post"}],"author":[{"embeddable":true,"href":"https:\/\/www.greenpeace.org\/italy\/wp-json\/wp\/v2\/users\/33"}],"replies":[{"embeddable":true,"href":"https:\/\/www.greenpeace.org\/italy\/wp-json\/wp\/v2\/comments?post=25572"}],"version-history":[{"count":4,"href":"https:\/\/www.greenpeace.org\/italy\/wp-json\/wp\/v2\/posts\/25572\/revisions"}],"predecessor-version":[{"id":28101,"href":"https:\/\/www.greenpeace.org\/italy\/wp-json\/wp\/v2\/posts\/25572\/revisions\/28101"}],"wp:featuredmedia":[{"embeddable":true,"href":"https:\/\/www.greenpeace.org\/italy\/wp-json\/wp\/v2\/media\/25511"}],"wp:attachment":[{"href":"https:\/\/www.greenpeace.org\/italy\/wp-json\/wp\/v2\/media?parent=25572"}],"wp:term":[{"taxonomy":"category","embeddable":true,"href":"https:\/\/www.greenpeace.org\/italy\/wp-json\/wp\/v2\/categories?post=25572"},{"taxonomy":"post_tag","embeddable":true,"href":"https:\/\/www.greenpeace.org\/italy\/wp-json\/wp\/v2\/tags?post=25572"},{"taxonomy":"p4-page-type","embeddable":true,"href":"https:\/\/www.greenpeace.org\/italy\/wp-json\/wp\/v2\/p4-page-type?post=25572"}],"curies":[{"name":"wp","href":"https:\/\/api.w.org\/{rel}","templated":true}]}}