{"id":27094,"date":"2025-04-24T10:04:56","date_gmt":"2025-04-24T08:04:56","guid":{"rendered":"https:\/\/www.greenpeace.org\/italy\/?p=27094"},"modified":"2025-04-24T10:06:37","modified_gmt":"2025-04-24T08:06:37","slug":"bloccati-nuovi-allevamenti-intensivi-avicoli-in-friuli-anche-grazie-a-greenpeace","status":"publish","type":"post","link":"https:\/\/www.greenpeace.org\/italy\/storia\/27094\/bloccati-nuovi-allevamenti-intensivi-avicoli-in-friuli-anche-grazie-a-greenpeace\/","title":{"rendered":"Bloccati nuovi allevamenti intensivi avicoli in Friuli, anche grazie a Greenpeace!"},"content":{"rendered":"\n<p><strong>Ancora buone notizie sugli allevamenti intensivi<\/strong>: in due comuni del Friuli \u00e8 stata bloccata la costruzione di nove capannoni per l\u2019allevamento avicolo industriale!<\/p>\n\n<p>I comitati locali, sostenuti anche da Greenpeace, hanno ottenuto u<strong>n retrofront sull\u2019apertura di cinque nuovi capannoni in localit\u00e0 Torricella, nel comune di San Vito al Tagliamento, e di altri quattro nel vicino comune di Chions<\/strong>. Un risultato straordinario che tuteler\u00e0 la salute delle persone e dell\u2019ambiente: il progetto avrebbe infatti alimentato la concentrazione di allevamenti intensivi nel territorio portando alla produzione di ben <strong>6 milioni di polli all\u2019anno<\/strong> nell\u2019area del Sanvitese.&nbsp;<\/p>\n\n<figure class=\"wp-block-image size-large\"><img loading=\"lazy\" decoding=\"async\" width=\"1024\" height=\"683\" src=\"https:\/\/www.greenpeace.org\/static\/planet4-italy-stateless\/2025\/04\/79edfa51-allevamenti-intensivi-polli-1024x683.jpg\" alt=\"Allevamento intensivo di polli obbligati a ingrassare fino a raggiungere un peso di 2kg\" class=\"wp-image-27100\" srcset=\"https:\/\/www.greenpeace.org\/static\/planet4-italy-stateless\/2025\/04\/79edfa51-allevamenti-intensivi-polli-1024x683.jpg 1024w, https:\/\/www.greenpeace.org\/static\/planet4-italy-stateless\/2025\/04\/79edfa51-allevamenti-intensivi-polli-300x200.jpg 300w, https:\/\/www.greenpeace.org\/static\/planet4-italy-stateless\/2025\/04\/79edfa51-allevamenti-intensivi-polli-768x512.jpg 768w, https:\/\/www.greenpeace.org\/static\/planet4-italy-stateless\/2025\/04\/79edfa51-allevamenti-intensivi-polli-510x340.jpg 510w, https:\/\/www.greenpeace.org\/static\/planet4-italy-stateless\/2025\/04\/79edfa51-allevamenti-intensivi-polli.jpg 1200w\" sizes=\"auto, (max-width: 1024px) 100vw, 1024px\" \/><\/figure>\n\n<h2 class=\"wp-block-heading\">Un progetto fermato sul nascere<\/h2>\n\n<p><strong>Stop all\u2019apertura di nuovi allevamenti intensivi avicoli in Friuli<\/strong>: grazie a una partecipata mobilitazione sul territorio, l&#8217;azienda agricola Zarattini, <strong>titolare di un allevamento di polli con 13 capannoni insediati da tempo in localit\u00e0 Canedo, Prodolone<\/strong>, e di altri cinque capannoni in localit\u00e0 Torricella, <strong>ha rinunciato all\u2019apertura di cinque nuovi capannoni avicoli<\/strong>.<\/p>\n\n<p>Lo stesso titolare degli allevamenti sanvitesi <strong>aveva avviato l\u2019iter per la realizzazione anche a Chions di quattro nuovi capannoni<\/strong>, a meno di 900 metri di distanza dagli attuali capannoni di Torricella.<\/p>\n\n<p>Lo stop a queste nuove apertura \u00e8 un\u2019ottima notizia per l&#8217;ambiente visto che tutte le aree interessate dalla concentrazione di allevamenti avicoli, insieme con altri allevamenti industriali presenti nella zona (suini e bovini), <strong>si collocano nel bel mezzo di un corridoio ecologico identificato dal Piano paesaggistico regionale, in una zona ricca di fauna e di sorgenti d\u2019acqua dolce<\/strong>.<\/p>\n\n<div class=\"wp-block-buttons is-layout-flex wp-block-buttons-is-layout-flex\">\n<div class=\"wp-block-button has-custom-width wp-block-button__width-100\"><a class=\"wp-block-button__link has-grey-900-color has-green-500-background-color has-text-color has-background has-link-color wp-element-button\" href=\"https:\/\/attivati.greenpeace.it\/petizioni\/stop-allevamenti-intensivi\/\/?utm_source=greenpeace.org&amp;utm_medium=news&amp;utm_campaign=allevamenti&amp;utm_content=vittoria-allevamenti-friuli\" target=\"_blank\" rel=\"noreferrer noopener\">BASTA ALLEVAMENTI INTENSIVI<\/a><\/div>\n<\/div>\n\n<figure class=\"wp-block-image size-large\"><img loading=\"lazy\" decoding=\"async\" width=\"1024\" height=\"683\" src=\"https:\/\/www.greenpeace.org\/static\/planet4-italy-stateless\/2025\/04\/6ec3d904-2-allevamenti-intensivi-polli-1024x683.jpg\" alt=\"Migliaia di polli, alcuni dei quali malati o immobili, sono stipati in un allevamento intensivo senza alcun accesso all'aria aperta.\" class=\"wp-image-27103\" srcset=\"https:\/\/www.greenpeace.org\/static\/planet4-italy-stateless\/2025\/04\/6ec3d904-2-allevamenti-intensivi-polli-1024x683.jpg 1024w, https:\/\/www.greenpeace.org\/static\/planet4-italy-stateless\/2025\/04\/6ec3d904-2-allevamenti-intensivi-polli-300x200.jpg 300w, https:\/\/www.greenpeace.org\/static\/planet4-italy-stateless\/2025\/04\/6ec3d904-2-allevamenti-intensivi-polli-768x512.jpg 768w, https:\/\/www.greenpeace.org\/static\/planet4-italy-stateless\/2025\/04\/6ec3d904-2-allevamenti-intensivi-polli-510x340.jpg 510w, https:\/\/www.greenpeace.org\/static\/planet4-italy-stateless\/2025\/04\/6ec3d904-2-allevamenti-intensivi-polli.jpg 1200w\" sizes=\"auto, (max-width: 1024px) 100vw, 1024px\" \/><\/figure>\n\n<h2 class=\"wp-block-heading\">Una buona notizia anche per la salute pubblica<\/h2>\n\n<p>Lo stop a queste nuove aperture di allevamenti intensivi \u00e8 importante non solo per la tutela dell\u2019ambiente, ma anche della salute delle persone.&nbsp;<\/p>\n\n<p>La concentrazione di allevamenti intensivi industriali di grandi dimensioni comporta infatti un pesante impatto sui territori: l\u2019ammoniaca prodotta dagli allevamenti intensivi \u00e8 la seconda causa di formazione di<strong> polveri sottili (PM2,5) responsabili in Italia di oltre 45.000 morti premature all\u2019anno<\/strong>. Senza contare il consumo di suolo e il rischio di contaminazione delle falde acquifere: tutti impatti negativi che <strong>sarebbero ulteriormente peggiorati con le nuove aperture di capannoni avicoli<\/strong>.<\/p>\n\n<figure class=\"wp-block-image size-large\"><img loading=\"lazy\" decoding=\"async\" width=\"1024\" height=\"683\" src=\"https:\/\/www.greenpeace.org\/static\/planet4-italy-stateless\/2025\/04\/14c1b240-3-allevamenti-intensivi-polli-1024x683.jpg\" alt=\"Migliaia di polli stipati in un allevamento intensivo senza alcun accesso all'aria aperta.\" class=\"wp-image-27104\" srcset=\"https:\/\/www.greenpeace.org\/static\/planet4-italy-stateless\/2025\/04\/14c1b240-3-allevamenti-intensivi-polli-1024x683.jpg 1024w, https:\/\/www.greenpeace.org\/static\/planet4-italy-stateless\/2025\/04\/14c1b240-3-allevamenti-intensivi-polli-300x200.jpg 300w, https:\/\/www.greenpeace.org\/static\/planet4-italy-stateless\/2025\/04\/14c1b240-3-allevamenti-intensivi-polli-768x512.jpg 768w, https:\/\/www.greenpeace.org\/static\/planet4-italy-stateless\/2025\/04\/14c1b240-3-allevamenti-intensivi-polli-510x340.jpg 510w, https:\/\/www.greenpeace.org\/static\/planet4-italy-stateless\/2025\/04\/14c1b240-3-allevamenti-intensivi-polli.jpg 1200w\" sizes=\"auto, (max-width: 1024px) 100vw, 1024px\" \/><\/figure>\n\n<div class=\"wp-block-buttons is-layout-flex wp-block-buttons-is-layout-flex\">\n<div class=\"wp-block-button has-custom-width wp-block-button__width-100\"><a class=\"wp-block-button__link has-grey-900-color has-green-500-background-color has-text-color has-background has-link-color wp-element-button\" href=\"https:\/\/attivati.greenpeace.it\/petizioni\/stop-allevamenti-intensivi\/\/?utm_source=greenpeace.org&amp;utm_medium=news&amp;utm_campaign=allevamenti&amp;utm_content=vittoria-allevamenti-friuli\" target=\"_blank\" rel=\"noreferrer noopener\">STOP ALLEVAMENTI INTENSIVI<\/a><\/div>\n<\/div>\n\n<h2 class=\"wp-block-heading\">Una mobilitazione collettiva sostenuta anche da Greenpeace<\/h2>\n\n<p>Per tutelare la salute della popolazione e impedire la devastazione del territorio si sono mossi subito gli abitanti di <strong>Chions, Taiedo, Fiume Veneto e San Vito al Tagliamento<\/strong> con la costituzione del Comitato ambiente e cosciente pulite. <strong>Ma non sono stati soli in questa lotta<\/strong>.<\/p>\n\n<p>Noi di Greenpeace, insieme a Legambiente e ISDE, ci siamo schierati al loro fianco supportando le loro richieste e partecipando a iniziative pubbliche, come il <strong>convegno pubblico svolto un anno fa per informare la cittadinanza sui pericoli connessi alla concentrazione di allevamenti<\/strong> che avrebbero prodotto in totale 6 milioni di polli all\u2019anno. Un percorso lungo, come spesso avviene in queste vertenze, del quale oggi si raccolgono i primi importanti frutti.&nbsp;<\/p>\n\n<p>L\u2019attenzione a questi temi si sta diffondendo non solo tra la popolazione ma anche tra le Amministrazioni comunali come dimostra la recente attivazione di tre comuni \u2013&nbsp; tra cui proprio San Vito al Tagliamento insieme a Spoltore, in provincia di Pescara,e Castenedolo, in provincia di Brescia \u2013 che insieme <strong>hanno approvato la nostra mozione per riconvertire il sistema degli allevamenti intensivi in chiave agro-ecologica<\/strong>. Un segnale positivo che ci conferma di essere sulla buona strada. Ma c\u2019\u00e8 ancora molto da fare!&nbsp;<\/p>\n\n<figure class=\"wp-block-image size-large\"><img loading=\"lazy\" decoding=\"async\" width=\"1024\" height=\"683\" src=\"https:\/\/www.greenpeace.org\/static\/planet4-italy-stateless\/2025\/04\/5c508e22-4-allevamenti-intensivi-polli-1024x683.jpg\" alt=\"Allevamento intensivo di polli obbligati a ingrassare fino a raggiungere un peso di 2kg\" class=\"wp-image-27105\" srcset=\"https:\/\/www.greenpeace.org\/static\/planet4-italy-stateless\/2025\/04\/5c508e22-4-allevamenti-intensivi-polli-1024x683.jpg 1024w, https:\/\/www.greenpeace.org\/static\/planet4-italy-stateless\/2025\/04\/5c508e22-4-allevamenti-intensivi-polli-300x200.jpg 300w, https:\/\/www.greenpeace.org\/static\/planet4-italy-stateless\/2025\/04\/5c508e22-4-allevamenti-intensivi-polli-768x512.jpg 768w, https:\/\/www.greenpeace.org\/static\/planet4-italy-stateless\/2025\/04\/5c508e22-4-allevamenti-intensivi-polli-510x340.jpg 510w, https:\/\/www.greenpeace.org\/static\/planet4-italy-stateless\/2025\/04\/5c508e22-4-allevamenti-intensivi-polli.jpg 1200w\" sizes=\"auto, (max-width: 1024px) 100vw, 1024px\" \/><\/figure>\n\n<h2 class=\"wp-block-heading\">Gli allevamenti intensivi sono distruttivi e inquinanti ma un\u2019alternativa \u00e8 possibile<\/h2>\n\n<p>A marzo 2024 abbiamo presentato a Montecitorio la <a href=\"https:\/\/www.greenpeace.org\/italy\/storia\/21684\/allevamenti-intensivi-proposta-di-legge\/\" target=\"_blank\" rel=\"noreferrer noopener\">proposta di legge \u201c<strong>Oltre gli allevamenti intensivi<\/strong>\u201d<\/a> insieme a ISDE, Lipu, Terra! e WWF Italia. Una proposta che attende da troppo tempo in Commissione agricoltura per iniziare il suo iter parlamentare.<\/p>\n\n<p>Non c\u2019\u00e8 pi\u00f9 tempo da perdere. <strong>Chiediamo che il testo sia discusso in parlamento al pi\u00f9 presto<\/strong>: solo cos\u00ec potremo avviare la<strong> riconversione degli allevamenti intensivi<\/strong> e progettare un nuovo sistema dai minori impatti ambientali e sanitari!<\/p>\n\n<p class=\"has-text-align-center\"><strong>Chiedi insieme a noi di fermare gli allevamenti intensivi<\/strong><\/p>\n\n<p class=\"has-text-align-center\"><em>Insieme possiamo dire basta alle nuove aperture e fare pressione affinch\u00e9 l\u2019intero sistema sia riconvertito in chiave agro-ecologica!<\/em><\/p>\n\n<div class=\"wp-block-buttons is-layout-flex wp-block-buttons-is-layout-flex\">\n<div class=\"wp-block-button has-custom-width wp-block-button__width-100\"><a class=\"wp-block-button__link has-grey-900-color has-green-500-background-color has-text-color has-background has-link-color wp-element-button\" href=\"https:\/\/attivati.greenpeace.it\/petizioni\/stop-allevamenti-intensivi\/\/?utm_source=greenpeace.org&amp;utm_medium=news&amp;utm_campaign=allevamenti&amp;utm_content=vittoria-allevamenti-friuli\" target=\"_blank\" rel=\"noreferrer noopener\">FIRMA LA PETIZIONE<\/a><\/div>\n<\/div>\n\n<p class=\"has-text-align-center\"><\/p>\n","protected":false},"excerpt":{"rendered":"<p>Una grande vittoria che tuteler\u00e0 non solo l&#8217;ambiente, ma anche la salute pubblica.<\/p>\n","protected":false},"author":41,"featured_media":27100,"comment_status":"closed","ping_status":"open","sticky":false,"template":"","format":"standard","meta":{"ep_exclude_from_search":false,"p4_og_title":"Bloccati nuovi allevamenti intensivi in Friuli anche grazie a Greenpeace!","p4_og_description":"Buone notizie sugli allevamenti intensivi: in due comuni del Friuli \u00e8 stata bloccata la costruzione di nove capannoni per l\u2019allevamento avicolo industriale!","p4_og_image":"","p4_og_image_id":"","p4_seo_canonical_url":"","p4_campaign_name":"","p4_local_project":"","p4_basket_name":"","p4_department":"","footnotes":""},"categories":[20],"tags":[42],"p4-page-type":[19],"class_list":["post-27094","post","type-post","status-publish","format-standard","has-post-thumbnail","hentry","category-denuncia","tag-allevamenti","p4-page-type-storia"],"_links":{"self":[{"href":"https:\/\/www.greenpeace.org\/italy\/wp-json\/wp\/v2\/posts\/27094","targetHints":{"allow":["GET"]}}],"collection":[{"href":"https:\/\/www.greenpeace.org\/italy\/wp-json\/wp\/v2\/posts"}],"about":[{"href":"https:\/\/www.greenpeace.org\/italy\/wp-json\/wp\/v2\/types\/post"}],"author":[{"embeddable":true,"href":"https:\/\/www.greenpeace.org\/italy\/wp-json\/wp\/v2\/users\/41"}],"replies":[{"embeddable":true,"href":"https:\/\/www.greenpeace.org\/italy\/wp-json\/wp\/v2\/comments?post=27094"}],"version-history":[{"count":8,"href":"https:\/\/www.greenpeace.org\/italy\/wp-json\/wp\/v2\/posts\/27094\/revisions"}],"predecessor-version":[{"id":27111,"href":"https:\/\/www.greenpeace.org\/italy\/wp-json\/wp\/v2\/posts\/27094\/revisions\/27111"}],"wp:featuredmedia":[{"embeddable":true,"href":"https:\/\/www.greenpeace.org\/italy\/wp-json\/wp\/v2\/media\/27100"}],"wp:attachment":[{"href":"https:\/\/www.greenpeace.org\/italy\/wp-json\/wp\/v2\/media?parent=27094"}],"wp:term":[{"taxonomy":"category","embeddable":true,"href":"https:\/\/www.greenpeace.org\/italy\/wp-json\/wp\/v2\/categories?post=27094"},{"taxonomy":"post_tag","embeddable":true,"href":"https:\/\/www.greenpeace.org\/italy\/wp-json\/wp\/v2\/tags?post=27094"},{"taxonomy":"p4-page-type","embeddable":true,"href":"https:\/\/www.greenpeace.org\/italy\/wp-json\/wp\/v2\/p4-page-type?post=27094"}],"curies":[{"name":"wp","href":"https:\/\/api.w.org\/{rel}","templated":true}]}}