{"id":27133,"date":"2025-04-30T15:42:03","date_gmt":"2025-04-30T13:42:03","guid":{"rendered":"https:\/\/www.greenpeace.org\/italy\/?p=27133"},"modified":"2025-04-30T15:42:09","modified_gmt":"2025-04-30T13:42:09","slug":"blackout-in-spagna-greenpeace-infondate-le-accuse-alle-rinnovabili-lunica-certezza-e-che-il-nucleare-non-e-adatto-alla-gestione-delle-reti-elettriche-moderne","status":"publish","type":"post","link":"https:\/\/www.greenpeace.org\/italy\/comunicato-stampa\/27133\/blackout-in-spagna-greenpeace-infondate-le-accuse-alle-rinnovabili-lunica-certezza-e-che-il-nucleare-non-e-adatto-alla-gestione-delle-reti-elettriche-moderne\/","title":{"rendered":"Blackout in Spagna, Greenpeace: \u201cInfondate le accuse alle rinnovabili, l\u2019unica certezza \u00e8 che il nucleare non \u00e8 adatto alla gestione delle reti elettriche moderne\u201d"},"content":{"rendered":"\n<p>Commentando la narrazione anti-rinnovabili che sta polarizzando il dibattito politico e mediatico a seguito dell\u2019enorme blackout che ha colpito la penisola iberica lo scorso luned\u00ec, Simona Abbate, della campagna Clima di Greenpeace Italia, dichiara:<\/p>\n\n<p>\u201c<em>Mentre in Spagna e Portogallo le indagini per comprendere le cause del blackout sono ancora in corso, e il primo ministro spagnolo Pedro S\u00e1nchez ha chiarito che le rinnovabili non sono colpevoli, diversi media italiani si sono affrettati ad attribuire ogni responsabilit\u00e0 all\u2019energia solare. Tale reazione rientra perfettamente negli attacchi strumentali e ricorrenti alla transizione ecologica e alle fonti rinnovabili portati avanti da una parte della politica e dei media nel nostro Paese. Questa \u00e8 l\u2019ennesima dimostrazione di come, in Italia, la discussione sulla transizione energetica sia tutto fuorch\u00e9 indipendente, bens\u00ec fortemente influenzata dalle lobby fossili.<\/em><\/p>\n\n<p><em><br>Il blackout di luned\u00ec ha mostrato piuttosto una delle debolezze strutturali del nucleare. Verso le ore 17.00, quando la fornitura ha ripreso a funzionare su gran parte della penisola, le fonti rinnovabili stavano gi\u00e0 garantendo il 90% dell\u2019elettricit\u00e0 prodotta, dimostrando ancora una volta la loro straordinaria flessibilit\u00e0. Nel frattempo, la Spagna era ancora in attesa che una centrale nucleare completasse il suo lento e rigido processo di riavvio. Questa rigidit\u00e0 rende il nucleare incompatibile con i moderni modelli di gestione della rete elettrica, che richiedono invece rapidit\u00e0 e adattabilit\u00e0<\/em>\u201d.<\/p>\n","protected":false},"excerpt":{"rendered":"<p>Greenpeace commenta la narrazione anti-rinnovabili che sta polarizzando il dibattito politico e mediatico a seguito dell\u2019enorme blackout che ha colpito la penisola iberica.<\/p>\n","protected":false},"author":33,"featured_media":762,"comment_status":"closed","ping_status":"open","sticky":false,"template":"","format":"standard","meta":{"ep_exclude_from_search":false,"p4_og_title":"Blackout in Spagna: le accuse alle rinnovabili sono infondate","p4_og_description":"Greenpeace Italia denuncia l'attacco strumentale alle rinnovabili da parte di alcuni media italiani a seguito dell'enorme blackout che ha colpito Spagna e Portogallo.","p4_og_image":"","p4_og_image_id":"","p4_seo_canonical_url":"","p4_campaign_name":"","p4_local_project":"","p4_basket_name":"","p4_department":"","footnotes":""},"categories":[17],"tags":[32,29],"p4-page-type":[23],"class_list":["post-27133","post","type-post","status-publish","format-standard","has-post-thumbnail","hentry","category-proteggi","tag-energia","tag-clima","p4-page-type-comunicato-stampa"],"_links":{"self":[{"href":"https:\/\/www.greenpeace.org\/italy\/wp-json\/wp\/v2\/posts\/27133","targetHints":{"allow":["GET"]}}],"collection":[{"href":"https:\/\/www.greenpeace.org\/italy\/wp-json\/wp\/v2\/posts"}],"about":[{"href":"https:\/\/www.greenpeace.org\/italy\/wp-json\/wp\/v2\/types\/post"}],"author":[{"embeddable":true,"href":"https:\/\/www.greenpeace.org\/italy\/wp-json\/wp\/v2\/users\/33"}],"replies":[{"embeddable":true,"href":"https:\/\/www.greenpeace.org\/italy\/wp-json\/wp\/v2\/comments?post=27133"}],"version-history":[{"count":1,"href":"https:\/\/www.greenpeace.org\/italy\/wp-json\/wp\/v2\/posts\/27133\/revisions"}],"predecessor-version":[{"id":27135,"href":"https:\/\/www.greenpeace.org\/italy\/wp-json\/wp\/v2\/posts\/27133\/revisions\/27135"}],"wp:featuredmedia":[{"embeddable":true,"href":"https:\/\/www.greenpeace.org\/italy\/wp-json\/wp\/v2\/media\/762"}],"wp:attachment":[{"href":"https:\/\/www.greenpeace.org\/italy\/wp-json\/wp\/v2\/media?parent=27133"}],"wp:term":[{"taxonomy":"category","embeddable":true,"href":"https:\/\/www.greenpeace.org\/italy\/wp-json\/wp\/v2\/categories?post=27133"},{"taxonomy":"post_tag","embeddable":true,"href":"https:\/\/www.greenpeace.org\/italy\/wp-json\/wp\/v2\/tags?post=27133"},{"taxonomy":"p4-page-type","embeddable":true,"href":"https:\/\/www.greenpeace.org\/italy\/wp-json\/wp\/v2\/p4-page-type?post=27133"}],"curies":[{"name":"wp","href":"https:\/\/api.w.org\/{rel}","templated":true}]}}