{"id":28050,"date":"2025-06-27T11:46:20","date_gmt":"2025-06-27T09:46:20","guid":{"rendered":"https:\/\/www.greenpeace.org\/italy\/?p=28050"},"modified":"2025-06-27T11:48:01","modified_gmt":"2025-06-27T09:48:01","slug":"spedizione-nave-arctic-sunrise-in-italia","status":"publish","type":"post","link":"https:\/\/www.greenpeace.org\/italy\/storia\/28050\/spedizione-nave-arctic-sunrise-in-italia\/","title":{"rendered":"Open boat, proiezioni e proteste a bordo della nave Arctic Sunrise in Italia"},"content":{"rendered":"\n<p><strong>Si \u00e8 appena conclusa una settimana ricca di attivit\u00e0 che ha coinvolto la nave Arctic Sunrise di Greenpeace in Italia<\/strong>. Da inizio giugno, l\u2019iconica rompighiaccio di Greenpeace \u00e8 impegnata in un tour europeo nel Mediterraneo, attraverso Francia, Italia, Croazia e Grecia. Lo scorso fine settimana la Arctic Sunrise \u00e8 stata ancorata a Venezia, dove ha ospitato eventi pubblici, open boat, artisti e tantissime persone a bordo. <strong>L\u2019obiettivo? Sensibilizzare le persone sulle cause e gli impatti della crisi climatica alimentata dall\u2019utilizzo dei combustibili fossili<\/strong>, che minaccia le persone e il Mediterraneo, e promuovere soluzioni come una transizione alle rinnovabili. Ecco il racconto di com\u2019\u00e8 andata.<\/p>\n\n<figure class=\"wp-block-image size-large\"><img loading=\"lazy\" decoding=\"async\" width=\"1024\" height=\"683\" src=\"https:\/\/www.greenpeace.org\/static\/planet4-italy-stateless\/2025\/06\/7dfb43da-001_venice-1-1024x683.jpg\" alt=\"\" class=\"wp-image-28054\" srcset=\"https:\/\/www.greenpeace.org\/static\/planet4-italy-stateless\/2025\/06\/7dfb43da-001_venice-1-1024x683.jpg 1024w, https:\/\/www.greenpeace.org\/static\/planet4-italy-stateless\/2025\/06\/7dfb43da-001_venice-1-300x200.jpg 300w, https:\/\/www.greenpeace.org\/static\/planet4-italy-stateless\/2025\/06\/7dfb43da-001_venice-1-768x512.jpg 768w, https:\/\/www.greenpeace.org\/static\/planet4-italy-stateless\/2025\/06\/7dfb43da-001_venice-1-1536x1024.jpg 1536w, https:\/\/www.greenpeace.org\/static\/planet4-italy-stateless\/2025\/06\/7dfb43da-001_venice-1-2048x1366.jpg 2048w, https:\/\/www.greenpeace.org\/static\/planet4-italy-stateless\/2025\/06\/7dfb43da-001_venice-1-510x340.jpg 510w\" sizes=\"auto, (max-width: 1024px) 100vw, 1024px\" \/><\/figure>\n\n<h2 class=\"wp-block-heading\"><strong>Due giorni di open boat e tantissime visite guidate<\/strong><\/h2>\n\n<p><strong>Volontari e volontarie provenienti da tutta Italia hanno accompagnato pi\u00f9 di 650 persone in visite guidate a bordo della nave<\/strong>, presentando l\u2019equipaggio e raccontando le spedizioni dell\u2019Arctic Sunrise nel mondo in difesa del pianeta. Altri erano a terra per accogliere i visitatori sulla banchina, far conoscere le nostre attivit\u00e0 per proteggere il clima e il mare, come la campagna #StopFossilGas per spingere i governi europei ad abbandonare al pi\u00f9 presto il gas fossile. Grazie di cuore a chi \u00e8 venuto a trovarci e a chi ha reso possibile tutto ci\u00f2.<\/p>\n\n<figure class=\"wp-block-image size-large\"><img loading=\"lazy\" decoding=\"async\" width=\"1024\" height=\"683\" src=\"https:\/\/www.greenpeace.org\/static\/planet4-italy-stateless\/2025\/06\/772449da-077_venice-1024x683.jpg\" alt=\"\" class=\"wp-image-28051\" srcset=\"https:\/\/www.greenpeace.org\/static\/planet4-italy-stateless\/2025\/06\/772449da-077_venice-1024x683.jpg 1024w, https:\/\/www.greenpeace.org\/static\/planet4-italy-stateless\/2025\/06\/772449da-077_venice-300x200.jpg 300w, https:\/\/www.greenpeace.org\/static\/planet4-italy-stateless\/2025\/06\/772449da-077_venice-768x512.jpg 768w, https:\/\/www.greenpeace.org\/static\/planet4-italy-stateless\/2025\/06\/772449da-077_venice-1536x1024.jpg 1536w, https:\/\/www.greenpeace.org\/static\/planet4-italy-stateless\/2025\/06\/772449da-077_venice-2048x1366.jpg 2048w, https:\/\/www.greenpeace.org\/static\/planet4-italy-stateless\/2025\/06\/772449da-077_venice-510x340.jpg 510w\" sizes=\"auto, (max-width: 1024px) 100vw, 1024px\" \/><\/figure>\n\n<h2 class=\"wp-block-heading\"><strong>Due proiezioni pubbliche, in difesa del clima e degli oceani<\/strong><\/h2>\n\n<p>L\u2019Arctic Sunrise ha <strong>accolto movimenti e associazioni impegnati nella lotta alle infrastrutture fossili<\/strong> in un incontro serale aperto al pubblico, seguito dalla <strong>proiezione del documentario \u201c<a href=\"https:\/\/www.greenpeace.org\/italy\/storia\/27159\/il-prezzo-che-paghiamo-documentario-crisi-climatica\/\" target=\"_blank\" rel=\"noreferrer noopener\">Il prezzo che paghiamo<\/a>\u201d<\/strong> di Greenpeace e ReCommon sulla crisi climatica in Italia. La nave ha ospitato anche l\u2019<strong>Area Marina Protetta (AMP) di Miramare, insieme al giornalista Francesco De Augustinis<\/strong>, giornalista autore del <strong>documentario \u201cUntil The End of The World\u201d sugli impatti degli allevamenti intensivi di pesce<\/strong>, che abbiamo proiettato in banchina in un\u2019area allestita per l\u2019occasione.<\/p>\n\n<figure class=\"wp-block-image size-large\"><img loading=\"lazy\" decoding=\"async\" width=\"1024\" height=\"683\" src=\"https:\/\/www.greenpeace.org\/static\/planet4-italy-stateless\/2025\/06\/05a426ee-gp25shiptour-2025-06-21-21.42.13-6240-x-4160-1-1024x683.jpg\" alt=\"\" class=\"wp-image-28055\" srcset=\"https:\/\/www.greenpeace.org\/static\/planet4-italy-stateless\/2025\/06\/05a426ee-gp25shiptour-2025-06-21-21.42.13-6240-x-4160-1-1024x683.jpg 1024w, https:\/\/www.greenpeace.org\/static\/planet4-italy-stateless\/2025\/06\/05a426ee-gp25shiptour-2025-06-21-21.42.13-6240-x-4160-1-300x200.jpg 300w, https:\/\/www.greenpeace.org\/static\/planet4-italy-stateless\/2025\/06\/05a426ee-gp25shiptour-2025-06-21-21.42.13-6240-x-4160-1-768x512.jpg 768w, https:\/\/www.greenpeace.org\/static\/planet4-italy-stateless\/2025\/06\/05a426ee-gp25shiptour-2025-06-21-21.42.13-6240-x-4160-1-1536x1024.jpg 1536w, https:\/\/www.greenpeace.org\/static\/planet4-italy-stateless\/2025\/06\/05a426ee-gp25shiptour-2025-06-21-21.42.13-6240-x-4160-1-2048x1366.jpg 2048w, https:\/\/www.greenpeace.org\/static\/planet4-italy-stateless\/2025\/06\/05a426ee-gp25shiptour-2025-06-21-21.42.13-6240-x-4160-1-510x340.jpg 510w\" sizes=\"auto, (max-width: 1024px) 100vw, 1024px\" \/><\/figure>\n\n<h2 class=\"wp-block-heading\"><strong>Un ospite speciale a bordo<\/strong><\/h2>\n\n<p>La <strong>cantante italiana Elisa \u00e8 venuta a trovarci <\/strong>a bordo della nostra nave, pochi giorni dopo il suo concerto a San Siro a Milano. L\u2019equipaggio l\u2019ha accompagnata in <strong>una visita della storica rompighiaccio di Greenpeace<\/strong>, raccontando l\u2019obiettivo della nostra spedizione nel Mediterraneo in difesa del clima e del mare. Elisa si \u00e8 fermata a lungo a bordo, ascoltando le nostre storie, e ha poi <strong>raccontato la visita in prima persona in un <a href=\"https:\/\/www.instagram.com\/p\/DLVgyOpIWWz\/?img_index=1\" target=\"_blank\" rel=\"noreferrer noopener\">post sul suo canale Instagram<\/a><\/strong>, che consigliamo davvero di leggere.<\/p>\n\n<figure class=\"wp-block-image size-large\"><img loading=\"lazy\" decoding=\"async\" width=\"1024\" height=\"683\" src=\"https:\/\/www.greenpeace.org\/static\/planet4-italy-stateless\/2025\/06\/00d7332f-013_elisa-1024x683.jpg\" alt=\"\" class=\"wp-image-28052\" srcset=\"https:\/\/www.greenpeace.org\/static\/planet4-italy-stateless\/2025\/06\/00d7332f-013_elisa-1024x683.jpg 1024w, https:\/\/www.greenpeace.org\/static\/planet4-italy-stateless\/2025\/06\/00d7332f-013_elisa-300x200.jpg 300w, https:\/\/www.greenpeace.org\/static\/planet4-italy-stateless\/2025\/06\/00d7332f-013_elisa-768x512.jpg 768w, https:\/\/www.greenpeace.org\/static\/planet4-italy-stateless\/2025\/06\/00d7332f-013_elisa-1536x1024.jpg 1536w, https:\/\/www.greenpeace.org\/static\/planet4-italy-stateless\/2025\/06\/00d7332f-013_elisa-2048x1366.jpg 2048w, https:\/\/www.greenpeace.org\/static\/planet4-italy-stateless\/2025\/06\/00d7332f-013_elisa-510x340.jpg 510w\" sizes=\"auto, (max-width: 1024px) 100vw, 1024px\" \/><\/figure>\n\n<h2 class=\"wp-block-heading\"><strong>Uno striscione contro i miliardari che si credono i padroni del mondo<\/strong><\/h2>\n\n<p>Prima di lasciare Venezia, <strong>attiviste e attivisti di Greenpeace hanno srotolato uno striscione gigante di 400 metri quadrati<\/strong> con la scritta: \u201c<em>If you can rent Venice for your wedding, you can pay more tax<\/em>\u201d (\u201c<em>Se puoi affittare Venezia per il tuo matrimonio, allora puoi pagare pi\u00f9 tasse<\/em>\u201d) in Piazza San Marco, in vista del matrimonio del miliardario Jeff Bezos nella citt\u00e0 lagunare. <strong>Il CEO di Amazon \u00e8 l\u2019emblema dell\u2019ingiustizia climatica e sociale<\/strong>: da un lato i super ricchi hanno stili di vita insostenibili, dall\u2019altro le persone comuni ne subiscono gli effetti. Tassare i loro enormi profitti aiuterebbe a finanziare la transizione energetica e contribuire a un sistema di welfare ormai al collasso.<\/p>\n\n<figure class=\"wp-block-image size-large\"><img loading=\"lazy\" decoding=\"async\" width=\"1024\" height=\"683\" src=\"https:\/\/www.greenpeace.org\/static\/planet4-italy-stateless\/2025\/06\/e5574354-gp_bezos_venice_2-1024x683.jpg\" alt=\"\" class=\"wp-image-28053\" srcset=\"https:\/\/www.greenpeace.org\/static\/planet4-italy-stateless\/2025\/06\/e5574354-gp_bezos_venice_2-1024x683.jpg 1024w, https:\/\/www.greenpeace.org\/static\/planet4-italy-stateless\/2025\/06\/e5574354-gp_bezos_venice_2-300x200.jpg 300w, https:\/\/www.greenpeace.org\/static\/planet4-italy-stateless\/2025\/06\/e5574354-gp_bezos_venice_2-768x512.jpg 768w, https:\/\/www.greenpeace.org\/static\/planet4-italy-stateless\/2025\/06\/e5574354-gp_bezos_venice_2-1536x1024.jpg 1536w, https:\/\/www.greenpeace.org\/static\/planet4-italy-stateless\/2025\/06\/e5574354-gp_bezos_venice_2-2048x1366.jpg 2048w, https:\/\/www.greenpeace.org\/static\/planet4-italy-stateless\/2025\/06\/e5574354-gp_bezos_venice_2-510x340.jpg 510w\" sizes=\"auto, (max-width: 1024px) 100vw, 1024px\" \/><\/figure>\n\n<h2 class=\"wp-block-heading\"><strong>Una protesta in Mare Adriatico contro l\u2019intesa Meloni-Trump sull\u2019energia<\/strong><\/h2>\n\n<p>Tornata in mare, l\u2019Arctic Sunrise ha <strong>protestato al largo di Ravenna contro l\u2019impegno dell\u2019Italia a importare dagli USA di Trump pi\u00f9 GNL<\/strong> (gas naturale liquefatto), tra le cause principali della crisi climatica. Attiviste e attivisti hanno appeso al rigassificatore di Ravenna uno striscione con l\u2019<strong>immagine di un pianeta in fiamme, accanto ai volti di Meloni e Trump e la scritta \u201cBurn, Baby, Burn\u201d (brucia, bellezza, brucia)<\/strong> che fa il verso al mantra di Trump \u201cDrill, Baby, Drill\u201d (trivella, bellezza, trivella).<\/p>\n\n<figure class=\"wp-block-embed is-type-video is-provider-youtube wp-block-embed-youtube wp-embed-aspect-16-9 wp-has-aspect-ratio\"><div class=\"wp-block-embed__wrapper\">\n<iframe loading=\"lazy\" title=\"In azione contro l&#039;intesa Meloni-Trump sull&#039;energia!\" width=\"500\" height=\"281\" src=\"https:\/\/www.youtube.com\/embed\/2ucG7IaDe9I?feature=oembed\" frameborder=\"0\" allow=\"accelerometer; autoplay; clipboard-write; encrypted-media; gyroscope; picture-in-picture; web-share\" referrerpolicy=\"strict-origin-when-cross-origin\" allowfullscreen><\/iframe>\n<\/div><\/figure>\n\n<h2 class=\"wp-block-heading\"><strong>E ora? La spedizione continua!<\/strong><\/h2>\n\n<p>L\u2019Arctic Sunrise sta per riprendere il largo verso la Croazia per continuare il suo tour di denuncia e sensibilizzazione sugli impatti del gas fossile. La spedizione arriver\u00e0 a met\u00e0 luglio in Grecia con un programma di attivit\u00e0 aperte al pubblico. Continua a seguirci perch\u00e9 le sorprese non sono finite!<\/p>\n","protected":false},"excerpt":{"rendered":"<p>Si \u00e8 appena conclusa una settimana ricca di attivit\u00e0 che ha coinvolto la nave Arctic Sunrise di Greenpeace in Italia!<\/p>\n","protected":false},"author":33,"featured_media":28054,"comment_status":"closed","ping_status":"open","sticky":false,"template":"","format":"standard","meta":{"ep_exclude_from_search":false,"p4_og_title":"Com\u2019\u00e8 andata la spedizione della nave Arctic Sunrise in Italia","p4_og_description":"Si \u00e8 appena conclusa una settimana ricca di attivit\u00e0 che ha coinvolto la nave Arctic Sunrise, l'iconica rompighiaccio di Greenpeace, in Italia! Scopri com'\u00e8 andata.\n","p4_og_image":"","p4_og_image_id":"","p4_seo_canonical_url":"","p4_campaign_name":"","p4_local_project":"","p4_basket_name":"","p4_department":"","footnotes":""},"categories":[17],"tags":[18],"p4-page-type":[19],"class_list":["post-28050","post","type-post","status-publish","format-standard","has-post-thumbnail","hentry","category-proteggi","tag-mare","p4-page-type-storia"],"_links":{"self":[{"href":"https:\/\/www.greenpeace.org\/italy\/wp-json\/wp\/v2\/posts\/28050","targetHints":{"allow":["GET"]}}],"collection":[{"href":"https:\/\/www.greenpeace.org\/italy\/wp-json\/wp\/v2\/posts"}],"about":[{"href":"https:\/\/www.greenpeace.org\/italy\/wp-json\/wp\/v2\/types\/post"}],"author":[{"embeddable":true,"href":"https:\/\/www.greenpeace.org\/italy\/wp-json\/wp\/v2\/users\/33"}],"replies":[{"embeddable":true,"href":"https:\/\/www.greenpeace.org\/italy\/wp-json\/wp\/v2\/comments?post=28050"}],"version-history":[{"count":5,"href":"https:\/\/www.greenpeace.org\/italy\/wp-json\/wp\/v2\/posts\/28050\/revisions"}],"predecessor-version":[{"id":28062,"href":"https:\/\/www.greenpeace.org\/italy\/wp-json\/wp\/v2\/posts\/28050\/revisions\/28062"}],"wp:featuredmedia":[{"embeddable":true,"href":"https:\/\/www.greenpeace.org\/italy\/wp-json\/wp\/v2\/media\/28054"}],"wp:attachment":[{"href":"https:\/\/www.greenpeace.org\/italy\/wp-json\/wp\/v2\/media?parent=28050"}],"wp:term":[{"taxonomy":"category","embeddable":true,"href":"https:\/\/www.greenpeace.org\/italy\/wp-json\/wp\/v2\/categories?post=28050"},{"taxonomy":"post_tag","embeddable":true,"href":"https:\/\/www.greenpeace.org\/italy\/wp-json\/wp\/v2\/tags?post=28050"},{"taxonomy":"p4-page-type","embeddable":true,"href":"https:\/\/www.greenpeace.org\/italy\/wp-json\/wp\/v2\/p4-page-type?post=28050"}],"curies":[{"name":"wp","href":"https:\/\/api.w.org\/{rel}","templated":true}]}}