{"id":28068,"date":"2025-07-01T15:38:18","date_gmt":"2025-07-01T13:38:18","guid":{"rendered":"https:\/\/www.greenpeace.org\/italy\/?p=28068"},"modified":"2025-07-01T15:39:45","modified_gmt":"2025-07-01T13:39:45","slug":"allevamento-intensivo-galline-arborio-piemonte","status":"publish","type":"post","link":"https:\/\/www.greenpeace.org\/italy\/storia\/28068\/allevamento-intensivo-galline-arborio-piemonte\/","title":{"rendered":"Ad Arborio, in Piemonte, \u00e8 in costruzione un maxi-allevamento intensivo di galline\u00a0"},"content":{"rendered":"\n<p><strong>Un allevamento intensivo alle porte di riserve naturali, risaie e case private<\/strong>. Sembra assurdo, ma \u00e8 la realt\u00e0. Il maxi-allevamento in costruzione ad Arborio, in provincia di Vercelli, \u00e8 <strong>un progetto che minaccia l\u2019ambiente e la salute degli abitanti del luogo<\/strong>, candidandosi a diventare uno degli insediamenti pi\u00f9 grandi del Piemonte: <strong>ospiter\u00e0 infatti ben 275.000 galline ovaiole.<\/strong>&nbsp;<\/p>\n\n<figure class=\"wp-block-image size-large\"><img loading=\"lazy\" decoding=\"async\" width=\"1024\" height=\"768\" src=\"https:\/\/www.greenpeace.org\/static\/planet4-italy-stateless\/2025\/07\/acb7019d-allevamento-intensivo-arborio-piemonte-1024x768.jpg\" title=\"Lo scheletro esterno dell&#039;allevamento intensivo di galline in costruzione ad Arborio\" alt=\"Lo scheletro esterno dell'allevamento intensivo di galline in costruzione ad Arborio\" class=\"wp-image-28069\" srcset=\"https:\/\/www.greenpeace.org\/static\/planet4-italy-stateless\/2025\/07\/acb7019d-allevamento-intensivo-arborio-piemonte-1024x768.jpg 1024w, https:\/\/www.greenpeace.org\/static\/planet4-italy-stateless\/2025\/07\/acb7019d-allevamento-intensivo-arborio-piemonte-300x225.jpg 300w, https:\/\/www.greenpeace.org\/static\/planet4-italy-stateless\/2025\/07\/acb7019d-allevamento-intensivo-arborio-piemonte-768x576.jpg 768w, https:\/\/www.greenpeace.org\/static\/planet4-italy-stateless\/2025\/07\/acb7019d-allevamento-intensivo-arborio-piemonte-1536x1152.jpg 1536w, https:\/\/www.greenpeace.org\/static\/planet4-italy-stateless\/2025\/07\/acb7019d-allevamento-intensivo-arborio-piemonte-453x340.jpg 453w, https:\/\/www.greenpeace.org\/static\/planet4-italy-stateless\/2025\/07\/acb7019d-allevamento-intensivo-arborio-piemonte.jpg 1600w\" sizes=\"auto, (max-width: 1024px) 100vw, 1024px\" \/><figcaption class=\"wp-element-caption\">L&#8217;allevamento intensivo in costruzione ad Arborio, in Piemonte<\/figcaption><\/figure>\n\n<h2 class=\"wp-block-heading\">Un allevamento intensivo che mette a rischio risaie, riserve naturali e salute pubblica<\/h2>\n\n<p>Da decenni sono note le gravi problematiche in termini ambientali, climatici, sanitari, economici ed etici degli allevamenti intensivi, eppure questo sembra non contare nulla. I lavori del maxi-allevamento intensivo, che <strong>sorger\u00e0 ad appena 1.500 metri dalle prime case di Arborio<\/strong>, proseguono: l\u2019insediamento occuper\u00e0 <strong>una superficie complessiva di 23.800 metri quadrati<\/strong>, ma questa non \u00e8 l\u2019unica cattiva notizia. La struttura sorger\u00e0<strong> tra le risaie piemontesi, dove \u00e8 presente l\u2019unica DOP italiana del riso<\/strong> (il riso di Baraggia Biellese e Vercellese), un\u2019eccellenza nostrana.<\/p>\n\n<p>A completare il tutto, l\u2019ennesima assurdit\u00e0: l\u2019allevamento intensivo sar\u00e0 <strong>ad appena 3 chilometri di distanza da un parco naturale (Lame del Sesia) e da una riserva naturale<\/strong> (<strong>Garzaia di Villarboit)<\/strong>.<\/p>\n\n<div class=\"wp-block-buttons is-layout-flex wp-block-buttons-is-layout-flex\">\n<div class=\"wp-block-button has-custom-width wp-block-button__width-100\"><a class=\"wp-block-button__link has-grey-900-color has-green-500-background-color has-text-color has-background has-link-color wp-element-button\" href=\"https:\/\/attivati.greenpeace.it\/petizioni\/stop-allevamenti-intensivi\/?utm_source=greenpeace.org&amp;utm_medium=news&amp;utm_campaign=allevamenti&amp;utm_content=allevamento-arborio\" target=\"_blank\" rel=\"noreferrer noopener\">BASTA ALLEVAMENTI INTENSIVI<\/a><\/div>\n<\/div>\n\n<figure class=\"wp-block-image size-large\"><img loading=\"lazy\" decoding=\"async\" width=\"1024\" height=\"576\" src=\"https:\/\/www.greenpeace.org\/static\/planet4-italy-stateless\/2025\/07\/5ded2b5e-galline-allevamento-intensivo-1024x576.jpg\" title=\"Migliaia di polli ammassati in un enorme allevamento intensivo, senza accesso all&#039;aria aperta\" alt=\"Migliaia di polli ammassati in un enorme allevamento intensivo, senza accesso all'aria aperta\" class=\"wp-image-28071\" srcset=\"https:\/\/www.greenpeace.org\/static\/planet4-italy-stateless\/2025\/07\/5ded2b5e-galline-allevamento-intensivo-1024x576.jpg 1024w, https:\/\/www.greenpeace.org\/static\/planet4-italy-stateless\/2025\/07\/5ded2b5e-galline-allevamento-intensivo-300x169.jpg 300w, https:\/\/www.greenpeace.org\/static\/planet4-italy-stateless\/2025\/07\/5ded2b5e-galline-allevamento-intensivo-768x432.jpg 768w, https:\/\/www.greenpeace.org\/static\/planet4-italy-stateless\/2025\/07\/5ded2b5e-galline-allevamento-intensivo-510x287.jpg 510w, https:\/\/www.greenpeace.org\/static\/planet4-italy-stateless\/2025\/07\/5ded2b5e-galline-allevamento-intensivo.jpg 1200w\" sizes=\"auto, (max-width: 1024px) 100vw, 1024px\" \/><figcaption class=\"wp-element-caption\">Migliaia di polli ammassati in un allevamento intensivo, senza accesso all&#8217;aria aperta<\/figcaption><\/figure>\n\n<h2 class=\"wp-block-heading\">I rischi sanitari e ambientali sono inaccettabili<\/h2>\n\n<p>Allevamenti avicoli di queste dimensioni sono estremamente nocivi per l\u2019ambiente, cos\u00ec come per la salute umana e animale. Al loro interno le galline vivono in condizioni di enorme sofferenza, ammassate in <strong>spazi ristretti che favoriscono la proliferazione di malattie come l&#8217;influenza aviaria, trasmissibile all\u2019essere umano<\/strong>.<\/p>\n\n<p><strong>I rifiuti prodotti dagli allevamenti intensivi contengono alti livelli di azoto, fosforo e residui di metalli pesanti e medicinali<\/strong>, tra cui antibiotici: la dispersione di queste sostanze nell&#8217;ambiente pu\u00f2 causare una <strong>contaminazione delle acque superficiali e delle falde sotterranee<\/strong>, che in questo caso rischierebbe di compromettere le risaie circostanti, polo d\u2019eccellenza italiano.<\/p>\n\n<p>Senza contare i pericoli connessi alle emissioni di ammoniaca legate agli allevamenti intensivi, che <strong>favoriscono la formazione di polveri sottili (PM2,5) responsabili di oltre 45.000 morti premature all\u2019anno<\/strong>.&nbsp;&nbsp;<\/p>\n\n<figure class=\"wp-block-image size-large\"><img loading=\"lazy\" decoding=\"async\" width=\"1024\" height=\"682\" src=\"https:\/\/www.greenpeace.org\/static\/planet4-italy-stateless\/2025\/07\/ee68a3fa-vasche-liquame-allevamenti-intensivi-1024x682.jpg\" alt=\"\" class=\"wp-image-28070\" srcset=\"https:\/\/www.greenpeace.org\/static\/planet4-italy-stateless\/2025\/07\/ee68a3fa-vasche-liquame-allevamenti-intensivi-1024x682.jpg 1024w, https:\/\/www.greenpeace.org\/static\/planet4-italy-stateless\/2025\/07\/ee68a3fa-vasche-liquame-allevamenti-intensivi-300x200.jpg 300w, https:\/\/www.greenpeace.org\/static\/planet4-italy-stateless\/2025\/07\/ee68a3fa-vasche-liquame-allevamenti-intensivi-768x511.jpg 768w, https:\/\/www.greenpeace.org\/static\/planet4-italy-stateless\/2025\/07\/ee68a3fa-vasche-liquame-allevamenti-intensivi-510x340.jpg 510w, https:\/\/www.greenpeace.org\/static\/planet4-italy-stateless\/2025\/07\/ee68a3fa-vasche-liquame-allevamenti-intensivi.jpg 1200w\" sizes=\"auto, (max-width: 1024px) 100vw, 1024px\" \/><figcaption class=\"wp-element-caption\">Vasche di liquame in un allevamento intensivo<\/figcaption><\/figure>\n\n<p>Secondo quanto dichiarato alla Provincia dai proprietari dell\u2019insediamento, l\u2019allevamento \u201c<a href=\"https:\/\/www.rainews.it\/tgr\/piemonte\/articoli\/2025\/06\/arborio-animalisti-contro-lallevamento-intensivo-di-galline-92fef561-fcd6-4b77-a817-56f44421682c.html\" target=\"_blank\" rel=\"noreferrer noopener\">immetter\u00e0 in atmosfera circa <strong>19 tonnellate di ammoniaca ogni anno<\/strong>, di cui non risulta stimabile l\u2019impatto odorigeno sulle residenze vicine<\/a>\u201d.<\/p>\n\n<p>Gli allevamenti avicoli inoltre abbassano notevolmente la qualit\u00e0 della vita degli abitanti delle zone limitrofe, a causa dei <strong>cattivi odori che derivano dai rifiuti in decomposizione<\/strong>. Le conseguenze vanno a cascata, perch\u00e9 tutti i problemi ambientali e l&#8217;inquinamento generato non solo impattano negativamente sulla salute dei cittadini, ma comportano anche <strong>un deprezzamento di immobili, terreni e aziende agricole nelle aree circostanti<\/strong>.<\/p>\n\n<p>In breve?<strong> Non ci sono vantaggi per nessuno, se non per chi guadagna da queste enormi fabbriche di carne <\/strong>che ogni giorno inquinano l&#8217;ambiente e minacciano la salute di migliaia di persone.<\/p>\n\n<div class=\"wp-block-buttons is-layout-flex wp-block-buttons-is-layout-flex\">\n<div class=\"wp-block-button has-custom-width wp-block-button__width-100\"><a class=\"wp-block-button__link has-grey-900-color has-green-500-background-color has-text-color has-background has-link-color wp-element-button\" href=\"https:\/\/attivati.greenpeace.it\/petizioni\/stop-allevamenti-intensivi\/?utm_source=greenpeace.org&amp;utm_medium=news&amp;utm_campaign=allevamenti&amp;utm_content=allevamento-arborio\" target=\"_blank\" rel=\"noreferrer noopener\">STOP ALLEVAMENTI INTENSIVI<\/a><\/div>\n<\/div>\n\n<h2 class=\"wp-block-heading\">Vogliamo andare \u201cOltre gli allevamenti intensivi\u201d! La nostra proposta di legge<\/h2>\n\n<p>Il progetto del maxi-allevamento intensivo di Arborio \u00e8 l\u2019ennesimo tassello di un sistema che ha gravi conseguenze sull\u2019ambiente e sulla salute cittadina. <strong>Un sistema che deve essere cambiato<\/strong>.&nbsp;<\/p>\n\n<p>Per questo, insieme alle associazioni. WWF Italia, ISDE, Terra! e Lipu a marzo 2024 abbiamo presentato a Montecitorio <a href=\"https:\/\/www.greenpeace.org\/italy\/storia\/21684\/allevamenti-intensivi-proposta-di-legge\/\" target=\"_blank\" rel=\"noreferrer noopener\">la proposta di legge \u201c<strong>Oltre gli allevamenti intensivi<\/strong>\u201d<\/a>, che prevede un piano di riconversione del comparto zootecnico, finanziato con un fondo dedicato.\u00a0<\/p>\n\n<p>L\u2019obiettivo? La <strong>transizione verso un modello basato su tecniche agro-ecologiche<\/strong>, l\u2019<strong>uso efficiente delle risorse<\/strong>, una <strong>produzione di cibo sano e di qualit\u00e0<\/strong>, e la creazione di<strong> filiere che garantiscano il giusto compenso a lavoratori e aziende<\/strong>.&nbsp;<\/p>\n\n<p>La nostra proposta di legge attende da troppo tempo in Commissione agricoltura per iniziare il suo iter parlamentare. <strong>Chiediamo che il testo sia discusso in parlamento al pi\u00f9 presto<\/strong>: solo cos\u00ec potremo avviare la riconversione degli allevamenti intensivi e progettare un nuovo sistema dai minori impatti ambientali e sanitari!<\/p>\n\n<p class=\"has-text-align-center\"><strong>Stop allevamenti intensivi!<\/strong><\/p>\n\n<p class=\"has-text-align-center\"><em>Chiedi a noi al governo italiano di bloccare la costruzione di nuovi allevamenti intensivi e di avviare una conversione ecologica di quelli esistenti.<\/em><\/p>\n\n<div class=\"wp-block-buttons is-layout-flex wp-block-buttons-is-layout-flex\">\n<div class=\"wp-block-button has-custom-width wp-block-button__width-100\"><a class=\"wp-block-button__link has-grey-900-color has-green-500-background-color has-text-color has-background has-link-color wp-element-button\" href=\"https:\/\/attivati.greenpeace.it\/petizioni\/stop-allevamenti-intensivi\/?utm_source=greenpeace.org&amp;utm_medium=news&amp;utm_campaign=allevamenti&amp;utm_content=allevamento-arborio\" target=\"_blank\" rel=\"noreferrer noopener\">FIRMA LA PETIZIONE<\/a><\/div>\n<\/div>\n","protected":false},"excerpt":{"rendered":"<p>Sorger\u00e0 a soli 1.500 metri dalle case. A 3 km da due riserve naturali. In mezzo alle risaie, dove \u00e8 presente l\u2019unica DOP italiana del riso.<\/p>\n","protected":false},"author":41,"featured_media":28069,"comment_status":"closed","ping_status":"open","sticky":false,"template":"","format":"standard","meta":{"ep_exclude_from_search":false,"p4_og_title":"Ad Arborio, in Piemonte, \u00e8 in costruzione un maxi-allevamento intensivo di galline\u00a0","p4_og_description":"L'allevamento intensivo di Arborio sorger\u00e0 a soli 1.500 metri dalle case, 3 km da due riserve naturali e in mezzo alle risaie, dove \u00e8 presente l\u2019unica DOP italiana del riso.","p4_og_image":"","p4_og_image_id":"","p4_seo_canonical_url":"","p4_campaign_name":"","p4_local_project":"","p4_basket_name":"","p4_department":"","footnotes":""},"categories":[20],"tags":[26,30,42],"p4-page-type":[19],"class_list":["post-28068","post","type-post","status-publish","format-standard","has-post-thumbnail","hentry","category-denuncia","tag-cibo","tag-salute","tag-allevamenti","p4-page-type-storia"],"_links":{"self":[{"href":"https:\/\/www.greenpeace.org\/italy\/wp-json\/wp\/v2\/posts\/28068","targetHints":{"allow":["GET"]}}],"collection":[{"href":"https:\/\/www.greenpeace.org\/italy\/wp-json\/wp\/v2\/posts"}],"about":[{"href":"https:\/\/www.greenpeace.org\/italy\/wp-json\/wp\/v2\/types\/post"}],"author":[{"embeddable":true,"href":"https:\/\/www.greenpeace.org\/italy\/wp-json\/wp\/v2\/users\/41"}],"replies":[{"embeddable":true,"href":"https:\/\/www.greenpeace.org\/italy\/wp-json\/wp\/v2\/comments?post=28068"}],"version-history":[{"count":5,"href":"https:\/\/www.greenpeace.org\/italy\/wp-json\/wp\/v2\/posts\/28068\/revisions"}],"predecessor-version":[{"id":28086,"href":"https:\/\/www.greenpeace.org\/italy\/wp-json\/wp\/v2\/posts\/28068\/revisions\/28086"}],"wp:featuredmedia":[{"embeddable":true,"href":"https:\/\/www.greenpeace.org\/italy\/wp-json\/wp\/v2\/media\/28069"}],"wp:attachment":[{"href":"https:\/\/www.greenpeace.org\/italy\/wp-json\/wp\/v2\/media?parent=28068"}],"wp:term":[{"taxonomy":"category","embeddable":true,"href":"https:\/\/www.greenpeace.org\/italy\/wp-json\/wp\/v2\/categories?post=28068"},{"taxonomy":"post_tag","embeddable":true,"href":"https:\/\/www.greenpeace.org\/italy\/wp-json\/wp\/v2\/tags?post=28068"},{"taxonomy":"p4-page-type","embeddable":true,"href":"https:\/\/www.greenpeace.org\/italy\/wp-json\/wp\/v2\/p4-page-type?post=28068"}],"curies":[{"name":"wp","href":"https:\/\/api.w.org\/{rel}","templated":true}]}}