{"id":29510,"date":"2025-11-20T17:15:43","date_gmt":"2025-11-20T16:15:43","guid":{"rendered":"https:\/\/www.greenpeace.org\/italy\/?p=29510"},"modified":"2025-11-24T11:13:37","modified_gmt":"2025-11-24T10:13:37","slug":"siamo-in-friuli-venezia-giulia-per-portare-aiuto-nelle-aree-colpite-dall-alluvione","status":"publish","type":"post","link":"https:\/\/www.greenpeace.org\/italy\/storia\/29510\/siamo-in-friuli-venezia-giulia-per-portare-aiuto-nelle-aree-colpite-dall-alluvione\/","title":{"rendered":"Siamo in Friuli-Venezia Giulia per portare aiuto nelle aree colpite dall\u2019alluvione"},"content":{"rendered":"\n<p><strong>L\u2019alluvione che ha colpito il Friuli-Venezia Giulia appena tre giorni fa ha avuto conseguenze drammatiche<\/strong>: due vittime, centinaia di persone sfollate, case e strade inondate dal fango, ricordi di una vita irrimediabilmente danneggiati.&nbsp;Di fronte a questa devastazione, abbiamo scelto di intervenire subito, mettendoci al fianco della popolazione per portare aiuto e conforto.<\/p>\n\n<figure class=\"wp-block-image size-large\"><img loading=\"lazy\" decoding=\"async\" width=\"1024\" height=\"682\" src=\"https:\/\/www.greenpeace.org\/static\/planet4-italy-stateless\/2025\/11\/2ab0867b-1-alluvione-friuli-1024x682.jpg\" alt=\"\" class=\"wp-image-29512\" srcset=\"https:\/\/www.greenpeace.org\/static\/planet4-italy-stateless\/2025\/11\/2ab0867b-1-alluvione-friuli-1024x682.jpg 1024w, https:\/\/www.greenpeace.org\/static\/planet4-italy-stateless\/2025\/11\/2ab0867b-1-alluvione-friuli-300x200.jpg 300w, https:\/\/www.greenpeace.org\/static\/planet4-italy-stateless\/2025\/11\/2ab0867b-1-alluvione-friuli-768x512.jpg 768w, https:\/\/www.greenpeace.org\/static\/planet4-italy-stateless\/2025\/11\/2ab0867b-1-alluvione-friuli-510x340.jpg 510w, https:\/\/www.greenpeace.org\/static\/planet4-italy-stateless\/2025\/11\/2ab0867b-1-alluvione-friuli.jpg 1300w\" sizes=\"auto, (max-width: 1024px) 100vw, 1024px\" \/><\/figure>\n\n<h2 class=\"wp-block-heading\">Il nostro intervento al fianco della comunit\u00e0<\/h2>\n\n<p>Insieme alla comunit\u00e0 e alle associazioni presenti sul territorio <strong>abbiamo organizzato un\u2019unit\u00e0 di soccorso a Versa (in provincia di Gorizia), una delle frazioni pi\u00f9 colpite dall\u2019alluvione,<\/strong> dove grazie a volontari e volontarie da tutta Italia abbiamo aiutato a liberare le strade e le case dal fango con idropulitrici, bidoni e generatori.<\/p>\n\n<p>Eventi estremi come quelli che hanno colpito il Friuli-Venezia Giulia interessano territori sempre pi\u00f9 devastati dal consumo di suolo, che subiscono le conseguenze delle precipitazioni in modo ancora pi\u00f9 grave: <strong>i rischi di dissesto idrogeologico sono sempre pi\u00f9 alt<\/strong>i.&nbsp;<\/p>\n\n<p>Le piogge eccezionali, gli allagamenti e le frane che hanno colpito il Centro-Nord sono <strong>l\u2019ennesima conferma di come gli eventi estremi stiano diventando sempre pi\u00f9 frequenti e pi\u00f9 intensi a causa della crisi climatica in corso<\/strong>. Ci siamo attivati per prestare soccorso ma anche per denunciare i responsabili di tutto questo: le grandi aziende del petrolio e del gas che, con la complicit\u00e0 del governo, alimentano la crisi climatica con le loro emissioni.<\/p>\n<div data-hydrate=\"planet4-blocks\/gallery\" data-attributes=\"{&quot;attributes&quot;:{&quot;multiple_image&quot;:&quot;29514,29515,29517,29513,29516&quot;,&quot;image_data&quot;:[{&quot;url&quot;:&quot;https:\\\/\\\/www.greenpeace.org\\\/static\\\/planet4-italy-stateless\\\/2025\\\/11\\\/bd469a0f-2-alluvione-friuli.jpg&quot;,&quot;focalPoint&quot;:{&quot;x&quot;:0.5,&quot;y&quot;:0.5},&quot;id&quot;:29514},{&quot;url&quot;:&quot;https:\\\/\\\/www.greenpeace.org\\\/static\\\/planet4-italy-stateless\\\/2025\\\/11\\\/bd469a0f-3-alluvione-friuli.jpg&quot;,&quot;focalPoint&quot;:{&quot;x&quot;:0.5,&quot;y&quot;:0.5},&quot;id&quot;:29515},{&quot;url&quot;:&quot;https:\\\/\\\/www.greenpeace.org\\\/static\\\/planet4-italy-stateless\\\/2025\\\/11\\\/bd469a0f-5-alluvione-friuli.jpg&quot;,&quot;focalPoint&quot;:{&quot;x&quot;:0.5,&quot;y&quot;:0.5},&quot;id&quot;:29517},{&quot;url&quot;:&quot;https:\\\/\\\/www.greenpeace.org\\\/static\\\/planet4-italy-stateless\\\/2025\\\/11\\\/bf2e95d2-4-alluvione-friuli.jpg&quot;,&quot;focalPoint&quot;:{&quot;x&quot;:0.5,&quot;y&quot;:0.5},&quot;id&quot;:29513},{&quot;url&quot;:&quot;https:\\\/\\\/www.greenpeace.org\\\/static\\\/planet4-italy-stateless\\\/2025\\\/11\\\/bd469a0f-alluvione-friuli.jpg&quot;,&quot;focalPoint&quot;:{&quot;x&quot;:0.5,&quot;y&quot;:0.5},&quot;id&quot;:29516}],&quot;gallery_block_style&quot;:0,&quot;gallery_block_title&quot;:&quot;&quot;,&quot;gallery_block_description&quot;:&quot;&quot;,&quot;gallery_block_focus_points&quot;:&quot;&quot;,&quot;images&quot;:[{&quot;image_src&quot;:&quot;https:\\\/\\\/www.greenpeace.org\\\/static\\\/planet4-italy-stateless\\\/2025\\\/11\\\/bd469a0f-2-alluvione-friuli.jpg&quot;,&quot;image_srcset&quot;:&quot;https:\\\/\\\/www.greenpeace.org\\\/static\\\/planet4-italy-stateless\\\/2025\\\/11\\\/bd469a0f-2-alluvione-friuli.jpg 1300w, https:\\\/\\\/www.greenpeace.org\\\/static\\\/planet4-italy-stateless\\\/2025\\\/11\\\/bd469a0f-2-alluvione-friuli-300x200.jpg 300w, https:\\\/\\\/www.greenpeace.org\\\/static\\\/planet4-italy-stateless\\\/2025\\\/11\\\/bd469a0f-2-alluvione-friuli-1024x683.jpg 1024w, https:\\\/\\\/www.greenpeace.org\\\/static\\\/planet4-italy-stateless\\\/2025\\\/11\\\/bd469a0f-2-alluvione-friuli-768x512.jpg 768w, https:\\\/\\\/www.greenpeace.org\\\/static\\\/planet4-italy-stateless\\\/2025\\\/11\\\/bd469a0f-2-alluvione-friuli-510x340.jpg 510w&quot;,&quot;image_sizes&quot;:false,&quot;alt_text&quot;:&quot;&quot;,&quot;caption&quot;:&quot;&quot;,&quot;focus_image&quot;:&quot;&quot;,&quot;credits&quot;:&quot;&quot;},{&quot;image_src&quot;:&quot;https:\\\/\\\/www.greenpeace.org\\\/static\\\/planet4-italy-stateless\\\/2025\\\/11\\\/bd469a0f-3-alluvione-friuli.jpg&quot;,&quot;image_srcset&quot;:&quot;https:\\\/\\\/www.greenpeace.org\\\/static\\\/planet4-italy-stateless\\\/2025\\\/11\\\/bd469a0f-3-alluvione-friuli.jpg 1300w, https:\\\/\\\/www.greenpeace.org\\\/static\\\/planet4-italy-stateless\\\/2025\\\/11\\\/bd469a0f-3-alluvione-friuli-300x200.jpg 300w, https:\\\/\\\/www.greenpeace.org\\\/static\\\/planet4-italy-stateless\\\/2025\\\/11\\\/bd469a0f-3-alluvione-friuli-1024x683.jpg 1024w, https:\\\/\\\/www.greenpeace.org\\\/static\\\/planet4-italy-stateless\\\/2025\\\/11\\\/bd469a0f-3-alluvione-friuli-768x512.jpg 768w, https:\\\/\\\/www.greenpeace.org\\\/static\\\/planet4-italy-stateless\\\/2025\\\/11\\\/bd469a0f-3-alluvione-friuli-510x340.jpg 510w&quot;,&quot;image_sizes&quot;:false,&quot;alt_text&quot;:&quot;&quot;,&quot;caption&quot;:&quot;&quot;,&quot;focus_image&quot;:&quot;&quot;,&quot;credits&quot;:&quot;&quot;},{&quot;image_src&quot;:&quot;https:\\\/\\\/www.greenpeace.org\\\/static\\\/planet4-italy-stateless\\\/2025\\\/11\\\/bd469a0f-5-alluvione-friuli.jpg&quot;,&quot;image_srcset&quot;:&quot;https:\\\/\\\/www.greenpeace.org\\\/static\\\/planet4-italy-stateless\\\/2025\\\/11\\\/bd469a0f-5-alluvione-friuli.jpg 1300w, https:\\\/\\\/www.greenpeace.org\\\/static\\\/planet4-italy-stateless\\\/2025\\\/11\\\/bd469a0f-5-alluvione-friuli-300x200.jpg 300w, https:\\\/\\\/www.greenpeace.org\\\/static\\\/planet4-italy-stateless\\\/2025\\\/11\\\/bd469a0f-5-alluvione-friuli-1024x683.jpg 1024w, https:\\\/\\\/www.greenpeace.org\\\/static\\\/planet4-italy-stateless\\\/2025\\\/11\\\/bd469a0f-5-alluvione-friuli-768x512.jpg 768w, https:\\\/\\\/www.greenpeace.org\\\/static\\\/planet4-italy-stateless\\\/2025\\\/11\\\/bd469a0f-5-alluvione-friuli-510x340.jpg 510w&quot;,&quot;image_sizes&quot;:false,&quot;alt_text&quot;:&quot;&quot;,&quot;caption&quot;:&quot;&quot;,&quot;focus_image&quot;:&quot;&quot;,&quot;credits&quot;:&quot;&quot;},{&quot;image_src&quot;:&quot;https:\\\/\\\/www.greenpeace.org\\\/static\\\/planet4-italy-stateless\\\/2025\\\/11\\\/bf2e95d2-4-alluvione-friuli.jpg&quot;,&quot;image_srcset&quot;:&quot;https:\\\/\\\/www.greenpeace.org\\\/static\\\/planet4-italy-stateless\\\/2025\\\/11\\\/bf2e95d2-4-alluvione-friuli.jpg 1200w, https:\\\/\\\/www.greenpeace.org\\\/static\\\/planet4-italy-stateless\\\/2025\\\/11\\\/bf2e95d2-4-alluvione-friuli-300x200.jpg 300w, https:\\\/\\\/www.greenpeace.org\\\/static\\\/planet4-italy-stateless\\\/2025\\\/11\\\/bf2e95d2-4-alluvione-friuli-1024x683.jpg 1024w, https:\\\/\\\/www.greenpeace.org\\\/static\\\/planet4-italy-stateless\\\/2025\\\/11\\\/bf2e95d2-4-alluvione-friuli-768x512.jpg 768w, https:\\\/\\\/www.greenpeace.org\\\/static\\\/planet4-italy-stateless\\\/2025\\\/11\\\/bf2e95d2-4-alluvione-friuli-510x340.jpg 510w&quot;,&quot;image_sizes&quot;:false,&quot;alt_text&quot;:&quot;&quot;,&quot;caption&quot;:&quot;&quot;,&quot;focus_image&quot;:&quot;&quot;,&quot;credits&quot;:&quot;&quot;},{&quot;image_src&quot;:&quot;https:\\\/\\\/www.greenpeace.org\\\/static\\\/planet4-italy-stateless\\\/2025\\\/11\\\/bd469a0f-alluvione-friuli.jpg&quot;,&quot;image_srcset&quot;:&quot;https:\\\/\\\/www.greenpeace.org\\\/static\\\/planet4-italy-stateless\\\/2025\\\/11\\\/bd469a0f-alluvione-friuli.jpg 1300w, https:\\\/\\\/www.greenpeace.org\\\/static\\\/planet4-italy-stateless\\\/2025\\\/11\\\/bd469a0f-alluvione-friuli-300x200.jpg 300w, https:\\\/\\\/www.greenpeace.org\\\/static\\\/planet4-italy-stateless\\\/2025\\\/11\\\/bd469a0f-alluvione-friuli-1024x683.jpg 1024w, https:\\\/\\\/www.greenpeace.org\\\/static\\\/planet4-italy-stateless\\\/2025\\\/11\\\/bd469a0f-alluvione-friuli-768x512.jpg 768w, https:\\\/\\\/www.greenpeace.org\\\/static\\\/planet4-italy-stateless\\\/2025\\\/11\\\/bd469a0f-alluvione-friuli-510x340.jpg 510w&quot;,&quot;image_sizes&quot;:false,&quot;alt_text&quot;:&quot;&quot;,&quot;caption&quot;:&quot;&quot;,&quot;focus_image&quot;:&quot;&quot;,&quot;credits&quot;:&quot;&quot;}]}}\"><section class=\"block carousel-wrap \"><\/section><\/div>\n<h2 class=\"wp-block-heading\">Mentre le persone pagano il prezzo della crisi climatica, alla COP30 i governi decidono il futuro del pianeta<\/h2>\n\n<p>In queste stesse ore a Bel\u00e9m, in Brasile, si sta tenendo la COP30 &#8211; la <strong>conferenza delle Nazioni Unite sul clima dove i governi di tutto il mondo si sono riuniti per discutere le misure da adottare contro la crisi climatica<\/strong>, i cui effetti sono ormai sempre pi\u00f9 gravi ed evidenti.<\/p>\n\n<figure class=\"wp-block-image size-large\"><img loading=\"lazy\" decoding=\"async\" width=\"1024\" height=\"683\" src=\"https:\/\/www.greenpeace.org\/static\/planet4-italy-stateless\/2025\/11\/4c287bc9-6-alluvione-friuli-greenpeace-1024x683.jpg\" alt=\"\" class=\"wp-image-29557\" srcset=\"https:\/\/www.greenpeace.org\/static\/planet4-italy-stateless\/2025\/11\/4c287bc9-6-alluvione-friuli-greenpeace-1024x683.jpg 1024w, https:\/\/www.greenpeace.org\/static\/planet4-italy-stateless\/2025\/11\/4c287bc9-6-alluvione-friuli-greenpeace-300x200.jpg 300w, https:\/\/www.greenpeace.org\/static\/planet4-italy-stateless\/2025\/11\/4c287bc9-6-alluvione-friuli-greenpeace-768x512.jpg 768w, https:\/\/www.greenpeace.org\/static\/planet4-italy-stateless\/2025\/11\/4c287bc9-6-alluvione-friuli-greenpeace-510x340.jpg 510w, https:\/\/www.greenpeace.org\/static\/planet4-italy-stateless\/2025\/11\/4c287bc9-6-alluvione-friuli-greenpeace.jpg 1266w\" sizes=\"auto, (max-width: 1024px) 100vw, 1024px\" \/><figcaption class=\"wp-element-caption\">Volontari e volontarie di Greenpeace hanno portato a Versa un enorme scontrino con il conto della crisi climatica. Lo striscione elenca gli eventi climatici estremi che si sono verificati nel mondo negli ultimi 10 anni.<\/figcaption><\/figure>\n\n<p><strong>A loro rivolgiamo il nostro appello affinch\u00e9 prendano decisioni coraggiose<\/strong>: i Paesi di tutto il mondo devono ridurre le proprie emissioni e accelerare l\u2019uscita dall\u2019era del petrolio e del gas. Vogliamo impegni concreti per proteggere i territori e <strong>chiediamo di <a href=\"http:\/\/google.com\/url?q=https:\/\/www.greenpeace.org\/italy\/storia\/29246\/oltre-5-000-miliardi-di-euro-di-danni-per-dieci-anni-di-emissioni-di-sei-grandi-compagnie-fossili-e-ora-chi-paga\/&amp;sa=D&amp;source=docs&amp;ust=1763658842786295&amp;usg=AOvVaw1oq52a9vkQZ3irOZvKj7R-\" target=\"_blank\" rel=\"noreferrer noopener\">tassare i profitti delle aziende fossili <\/a>per finanziare la transizione verso le energie rinnovabili:<\/strong> i responsabili della crisi climatica devono pagare i danni che stanno causando!<\/p>\n\n<p class=\"has-text-align-center\"><strong>Per contrastare la crisi climatica c\u2019\u00e8 una sola via d&#8217;uscita: basta fonti fossili<\/strong><\/p>\n\n<p class=\"has-text-align-center\"><em>Chiedi con noi al Governo Italiano misure concrete contro la crisi climatica!<\/em><\/p>\n\n<div class=\"wp-block-buttons is-layout-flex wp-block-buttons-is-layout-flex\">\n<div class=\"wp-block-button has-custom-width wp-block-button__width-100\"><a class=\"wp-block-button__link has-grey-900-color has-green-500-background-color has-text-color has-background has-link-color wp-element-button\" href=\"https:\/\/attivati.greenpeace.it\/petizioni\/energia-sicura\/?utm_source=greenpeace.org&amp;utm_medium=news&amp;utm_campaign=clima&amp;utm_content=aiuto-friuli-alluvione\" target=\"_blank\" rel=\"noreferrer noopener\">FIRMA LA PETIZIONE<\/a><\/div>\n<\/div>\n\n<p><\/p>\n","protected":false},"excerpt":{"rendered":"<p>Insieme alla comunit\u00e0 e alle associazioni presenti sul territorio abbiamo organizzato un\u2019unit\u00e0 di soccorso a Versa, una delle frazioni pi\u00f9 colpite dall\u2019alluvione.<\/p>\n","protected":false},"author":33,"featured_media":29512,"comment_status":"closed","ping_status":"open","sticky":false,"template":"","format":"standard","meta":{"ep_exclude_from_search":false,"p4_og_title":"Siamo in Friuli Venezia-Giulia per portare aiuto nelle aree colpite dall\u2019alluvione","p4_og_description":"L\u2019alluvione che ha colpito il Friuli Venezia-Giulia ha avuto conseguenze devastanti: abbiamo scelto di intervenire subito per portare aiuto e conforto.","p4_og_image":"","p4_og_image_id":"","p4_seo_canonical_url":"","p4_campaign_name":"","p4_local_project":"","p4_basket_name":"","p4_department":"","footnotes":""},"categories":[17],"tags":[29],"p4-page-type":[19],"class_list":["post-29510","post","type-post","status-publish","format-standard","has-post-thumbnail","hentry","category-proteggi","tag-clima","p4-page-type-storia"],"_links":{"self":[{"href":"https:\/\/www.greenpeace.org\/italy\/wp-json\/wp\/v2\/posts\/29510","targetHints":{"allow":["GET"]}}],"collection":[{"href":"https:\/\/www.greenpeace.org\/italy\/wp-json\/wp\/v2\/posts"}],"about":[{"href":"https:\/\/www.greenpeace.org\/italy\/wp-json\/wp\/v2\/types\/post"}],"author":[{"embeddable":true,"href":"https:\/\/www.greenpeace.org\/italy\/wp-json\/wp\/v2\/users\/33"}],"replies":[{"embeddable":true,"href":"https:\/\/www.greenpeace.org\/italy\/wp-json\/wp\/v2\/comments?post=29510"}],"version-history":[{"count":8,"href":"https:\/\/www.greenpeace.org\/italy\/wp-json\/wp\/v2\/posts\/29510\/revisions"}],"predecessor-version":[{"id":29560,"href":"https:\/\/www.greenpeace.org\/italy\/wp-json\/wp\/v2\/posts\/29510\/revisions\/29560"}],"wp:featuredmedia":[{"embeddable":true,"href":"https:\/\/www.greenpeace.org\/italy\/wp-json\/wp\/v2\/media\/29512"}],"wp:attachment":[{"href":"https:\/\/www.greenpeace.org\/italy\/wp-json\/wp\/v2\/media?parent=29510"}],"wp:term":[{"taxonomy":"category","embeddable":true,"href":"https:\/\/www.greenpeace.org\/italy\/wp-json\/wp\/v2\/categories?post=29510"},{"taxonomy":"post_tag","embeddable":true,"href":"https:\/\/www.greenpeace.org\/italy\/wp-json\/wp\/v2\/tags?post=29510"},{"taxonomy":"p4-page-type","embeddable":true,"href":"https:\/\/www.greenpeace.org\/italy\/wp-json\/wp\/v2\/p4-page-type?post=29510"}],"curies":[{"name":"wp","href":"https:\/\/api.w.org\/{rel}","templated":true}]}}