{"id":29592,"date":"2025-11-27T12:39:45","date_gmt":"2025-11-27T11:39:45","guid":{"rendered":"https:\/\/www.greenpeace.org\/italy\/?p=29592"},"modified":"2025-11-27T12:39:50","modified_gmt":"2025-11-27T11:39:50","slug":"greenpeace-aderisce-alle-giornate-di-mobilitazione-a-sostegno-della-palestina-e-contro-il-riarmo-del-28-e-29-novembre","status":"publish","type":"post","link":"https:\/\/www.greenpeace.org\/italy\/comunicato-stampa\/29592\/greenpeace-aderisce-alle-giornate-di-mobilitazione-a-sostegno-della-palestina-e-contro-il-riarmo-del-28-e-29-novembre\/","title":{"rendered":"Greenpeace aderisce alle giornate di mobilitazione a sostegno della Palestina e contro il riarmo del 28 e 29 Novembre"},"content":{"rendered":"\n<figure class=\"wp-block-image size-large\"><img loading=\"lazy\" decoding=\"async\" width=\"1024\" height=\"683\" src=\"https:\/\/www.greenpeace.org\/static\/planet4-italy-stateless\/2025\/10\/08ac4447-gp0su5vn0-1024x683.jpg\" title=\"Red Line for Palestine Protest in London. \u00a9 Pete Speller \/ Greenpeace\" alt=\"Red Line for Palestine Protest in London. \u00a9 Pete Speller \/ Greenpeace\" class=\"wp-image-28984\" srcset=\"https:\/\/www.greenpeace.org\/static\/planet4-italy-stateless\/2025\/10\/08ac4447-gp0su5vn0-1024x683.jpg 1024w, https:\/\/www.greenpeace.org\/static\/planet4-italy-stateless\/2025\/10\/08ac4447-gp0su5vn0-300x200.jpg 300w, https:\/\/www.greenpeace.org\/static\/planet4-italy-stateless\/2025\/10\/08ac4447-gp0su5vn0-768x512.jpg 768w, https:\/\/www.greenpeace.org\/static\/planet4-italy-stateless\/2025\/10\/08ac4447-gp0su5vn0-510x340.jpg 510w, https:\/\/www.greenpeace.org\/static\/planet4-italy-stateless\/2025\/10\/08ac4447-gp0su5vn0.jpg 1200w\" sizes=\"auto, (max-width: 1024px) 100vw, 1024px\" \/><figcaption><div class=\"credit icon-left\"> \u00a9 Pete Speller \/ Greenpeace<\/div><\/figcaption><\/figure>\n\n<p>Greenpeace Italia aderisce alle mobilitazioni a sostegno di Gaza e contro il riarmo che si terranno in occasione dello sciopero generale del 28 novembre e della Giornata internazionale di solidariet\u00e0 con il popolo palestinese del 29 novembre.<\/p>\n\n<p>\u00abChiediamo un embargo immediato sulle armi, sanzioni mirate contro Israele, la distribuzione senza ostacoli degli aiuti e la fine dell&#8217;occupazione illegale della Palestina\u00bb, afferma Sofia Basso di Greenpeace Italia. \u00abNon basta una fragile tregua per garantire una pace duratura: servono giustizia e uguaglianza dei diritti per tutti\u00bb.<\/p>\n\n<p>Greenpeace Italia scender\u00e0 in piazza anche per contestare la \u201cmanovra di guerra\u201d del governo Meloni, che aumenta le spese militari e taglia i fondi per i servizi pubblici e la transizione energetica.Proprio su proposta di Greenpeace, PD, M5S e AVS hanno presentato alcuni&nbsp;<a href=\"https:\/\/www.greenpeace.org\/italy\/comunicato-stampa\/29409\/manovra-2026-presentati-emendamenti-promossi-da-greenpeace-per-la-tassazione-straordinaria-dei-comparti-difesa-ed-energetico\/\" target=\"_blank\" rel=\"noreferrer noopener\">emendamenti alla legge di bilancio per chiedere di tassare gli extra profitti dell\u2019industria militare e dei combustibili fossili<\/a>&nbsp;e usare l\u2019extra gettito per finanziare il sistema sanitario nazionale, la messa in sicurezza dei territori e la transizione energetica.<\/p>\n\n<p>Greenpeace parteciper\u00e0 al corteo indetto dai sindacati di base e dai portuali che si terr\u00e0 a Genova il 28 novembre, che ha gi\u00e0 raccolto anche l\u2019adesione della relatrice ONU Francesca Albanese, di Greta Thunberg e Thiago Avila della Global Sumud Flotilla, e del co-fondatore dei Pink Floyd Roger Waters.<\/p>\n\n<p>Il giorno successivo, il 29 novembre, Greenpeace si unir\u00e0 a Roma al concentramento di Parco Schuster delle ore 13:00, assieme al Global Movement to Gaza (che alle ore 10:30 terr\u00e0 un evento con varie personalit\u00e0 all\u2019Aula Magna di Giurisprudenza dell\u2019Universit\u00e0 Roma Tre) e alle associazioni della campagna Stop Rearm Europe, di cui Greenpeace \u00e8 parte, per poi confluire a Porta San Paolo (Piramide) nella manifestazione nazionale di solidariet\u00e0 con il popolo palestinese.<\/p>\n","protected":false},"excerpt":{"rendered":"<p>Greenpeace Italia chiede embargo sulle armi, sanzioni a Israele e fine dell\u2019occupazione di Gaza, contestando anche la \u201cmanovra di guerra\u201d del governo Meloni volta ad aumentare le spese militari.<\/p>\n","protected":false},"author":33,"featured_media":29593,"comment_status":"closed","ping_status":"open","sticky":false,"template":"","format":"standard","meta":{"ep_exclude_from_search":false,"p4_og_title":"","p4_og_description":"","p4_og_image":"","p4_og_image_id":"","p4_seo_canonical_url":"","p4_campaign_name":"","p4_local_project":"","p4_basket_name":"","p4_department":"","footnotes":""},"categories":[20],"tags":[49],"p4-page-type":[23],"class_list":["post-29592","post","type-post","status-publish","format-standard","has-post-thumbnail","hentry","category-denuncia","tag-pace","p4-page-type-comunicato-stampa"],"_links":{"self":[{"href":"https:\/\/www.greenpeace.org\/italy\/wp-json\/wp\/v2\/posts\/29592","targetHints":{"allow":["GET"]}}],"collection":[{"href":"https:\/\/www.greenpeace.org\/italy\/wp-json\/wp\/v2\/posts"}],"about":[{"href":"https:\/\/www.greenpeace.org\/italy\/wp-json\/wp\/v2\/types\/post"}],"author":[{"embeddable":true,"href":"https:\/\/www.greenpeace.org\/italy\/wp-json\/wp\/v2\/users\/33"}],"replies":[{"embeddable":true,"href":"https:\/\/www.greenpeace.org\/italy\/wp-json\/wp\/v2\/comments?post=29592"}],"version-history":[{"count":1,"href":"https:\/\/www.greenpeace.org\/italy\/wp-json\/wp\/v2\/posts\/29592\/revisions"}],"predecessor-version":[{"id":29594,"href":"https:\/\/www.greenpeace.org\/italy\/wp-json\/wp\/v2\/posts\/29592\/revisions\/29594"}],"wp:featuredmedia":[{"embeddable":true,"href":"https:\/\/www.greenpeace.org\/italy\/wp-json\/wp\/v2\/media\/29593"}],"wp:attachment":[{"href":"https:\/\/www.greenpeace.org\/italy\/wp-json\/wp\/v2\/media?parent=29592"}],"wp:term":[{"taxonomy":"category","embeddable":true,"href":"https:\/\/www.greenpeace.org\/italy\/wp-json\/wp\/v2\/categories?post=29592"},{"taxonomy":"post_tag","embeddable":true,"href":"https:\/\/www.greenpeace.org\/italy\/wp-json\/wp\/v2\/tags?post=29592"},{"taxonomy":"p4-page-type","embeddable":true,"href":"https:\/\/www.greenpeace.org\/italy\/wp-json\/wp\/v2\/p4-page-type?post=29592"}],"curies":[{"name":"wp","href":"https:\/\/api.w.org\/{rel}","templated":true}]}}