{"id":30705,"date":"2026-04-30T17:33:59","date_gmt":"2026-04-30T15:33:59","guid":{"rendered":"https:\/\/www.greenpeace.org\/italy\/?p=30705"},"modified":"2026-04-30T17:47:46","modified_gmt":"2026-04-30T15:47:46","slug":"perche-greenpeace-si-e-unita-alla-global-sumud-flotilla-per-portare-aiuti-a-gaza-e-cosa-e-successo","status":"publish","type":"post","link":"https:\/\/www.greenpeace.org\/italy\/storia\/30705\/perche-greenpeace-si-e-unita-alla-global-sumud-flotilla-per-portare-aiuti-a-gaza-e-cosa-e-successo\/","title":{"rendered":"Perch\u00e9 Greenpeace si \u00e8 unita alla Global Sumud Flotilla per portare aiuti a Gaza e cosa \u00e8 successo"},"content":{"rendered":"\n<figure class=\"wp-block-image size-large\"><img loading=\"lazy\" decoding=\"async\" width=\"1024\" height=\"683\" src=\"https:\/\/www.greenpeace.org\/static\/planet4-italy-stateless\/2026\/04\/994afffd-greenpeace-global-sumud-flotilla-1024x683.jpg\" alt=\"\" class=\"wp-image-30709\" srcset=\"https:\/\/www.greenpeace.org\/static\/planet4-italy-stateless\/2026\/04\/994afffd-greenpeace-global-sumud-flotilla-1024x683.jpg 1024w, https:\/\/www.greenpeace.org\/static\/planet4-italy-stateless\/2026\/04\/994afffd-greenpeace-global-sumud-flotilla-300x200.jpg 300w, https:\/\/www.greenpeace.org\/static\/planet4-italy-stateless\/2026\/04\/994afffd-greenpeace-global-sumud-flotilla-768x512.jpg 768w, https:\/\/www.greenpeace.org\/static\/planet4-italy-stateless\/2026\/04\/994afffd-greenpeace-global-sumud-flotilla-510x340.jpg 510w, https:\/\/www.greenpeace.org\/static\/planet4-italy-stateless\/2026\/04\/994afffd-greenpeace-global-sumud-flotilla.jpg 1200w\" sizes=\"auto, (max-width: 1024px) 100vw, 1024px\" \/><figcaption class=\"wp-element-caption\">\u00a9 Max Cavallari \/ Greenpeace<\/figcaption><\/figure>\n\n<p><strong>La nave Arctic Sunrise di Greenpeace sta navigando con la Global Sumud Flotilla<\/strong> per sostenere la missione civile pacifica il cui scopo \u00e8 rompere l\u2019assedio illegale di Gaza e ottenere l\u2019accesso sicuro e senza ostacoli degli aiuti umanitari.<\/p>\n\n<p>Nella notte tra il 29 e il 30 aprile 2026, per\u00f2, <strong>la flottiglia \u00e8 stata intercettata e attaccata dalle forze armate israeliane (IDF) in acque internazionali<\/strong>: diverse imbarcazioni sono state abbordate e circa 180 persone sono state sequestrate dalle forze armate israeliane. Mentre la situazione resta incerta, l\u2019equipaggio della Arctic Sunrise \u00e8 al lavoro per supportare il pi\u00f9 a lungo possibile le operazioni di emergenza.<\/p>\n\n<p class=\"has-text-align-center\"><em>Sostieni la nostra missione con la Global Sumud Flotilla<\/em><\/p>\n\n<div class=\"wp-block-buttons is-layout-flex wp-block-buttons-is-layout-flex\">\n<div class=\"wp-block-button has-custom-width wp-block-button__width-100\"><a class=\"wp-block-button__link has-grey-900-color has-green-500-background-color has-text-color has-background has-link-color wp-element-button\" href=\"https:\/\/donazione.greenpeace.it\/missione-gaza\/~mia-donazione?utm_source=greenpeace.org&amp;utm_medium=sostienici&amp;utm_campaign=pace&amp;utm_content=attacco-flotilla\" target=\"_blank\" rel=\"noreferrer noopener\">DONA ORA <\/a><\/div>\n<\/div>\n\n<h2 class=\"wp-block-heading\">Aggiornamento del 30 aprile 2026<\/h2>\n\n<h3 class=\"wp-block-heading\">Le forze armate israeliane hanno intercettato e minacciato la Global Sumud Flotilla in acque internazionali, sequestrando diversi attivisti e attiviste.&nbsp;<\/h3>\n\n<p>Ieri sera (29 aprile) l&#8217;esercito israeliano ha sferrato contro le imbarcazioni della flottiglia <strong>un violento attacco che \u00e8 proseguito per tutta la notte<\/strong>. Tutto \u00e8 iniziato con messaggi radio di minaccia e interferenze nelle comunicazioni, per poi proseguire con l&#8217;abbordaggio di diverse imbarcazioni e il sequestro delle persone a bordo.<\/p>\n\n<p>Al momento in cui scriviamo i numeri non sono definitivi ma <strong>si contano gi\u00e0 22 imbarcazioni abbordate o danneggiate e approssimativamente 180 persone sequestrate<\/strong>.&nbsp;<\/p>\n\n<p>Il nostro equipaggio e il team a bordo dell\u2019Arctic Sunrise non sono stati intercettati dagli aggressori israeliani e sono tutti al sicuro. Sono stati attivi tutta la notte e stanno ancora lavorando, fino a questa mattina, per guidare le imbarcazioni della flottiglia verso acque pi\u00f9 sicure e per valutare come possiamo contribuire alle ulteriori operazioni di soccorso delle imbarcazioni danneggiate.<\/p>\n\n<figure class=\"wp-block-image size-large\"><img loading=\"lazy\" decoding=\"async\" width=\"1024\" height=\"683\" src=\"https:\/\/www.greenpeace.org\/static\/planet4-italy-stateless\/2026\/04\/fdaf2675-4-greenpeace-global-sumud-flotilla-1024x683.jpg\" alt=\"\" class=\"wp-image-30711\" srcset=\"https:\/\/www.greenpeace.org\/static\/planet4-italy-stateless\/2026\/04\/fdaf2675-4-greenpeace-global-sumud-flotilla-1024x683.jpg 1024w, https:\/\/www.greenpeace.org\/static\/planet4-italy-stateless\/2026\/04\/fdaf2675-4-greenpeace-global-sumud-flotilla-300x200.jpg 300w, https:\/\/www.greenpeace.org\/static\/planet4-italy-stateless\/2026\/04\/fdaf2675-4-greenpeace-global-sumud-flotilla-768x512.jpg 768w, https:\/\/www.greenpeace.org\/static\/planet4-italy-stateless\/2026\/04\/fdaf2675-4-greenpeace-global-sumud-flotilla-1536x1024.jpg 1536w, https:\/\/www.greenpeace.org\/static\/planet4-italy-stateless\/2026\/04\/fdaf2675-4-greenpeace-global-sumud-flotilla-2048x1366.jpg 2048w, https:\/\/www.greenpeace.org\/static\/planet4-italy-stateless\/2026\/04\/fdaf2675-4-greenpeace-global-sumud-flotilla-510x340.jpg 510w\" sizes=\"auto, (max-width: 1024px) 100vw, 1024px\" \/><figcaption class=\"wp-element-caption\">L&#8217;arrivo a Siracusa dell&#8217;Arctic Sunrise, che si unisce alla Global Sumud Flotilla (GSF) per rompere l&#8217;assedio illegale di Gaza da parte di Israele.<div class=\"credit icon-left\"> \u00a9 Max Cavallari \/ Greenpeace<\/div><\/figcaption><\/figure>\n\n<h2 class=\"wp-block-heading\">Aggiornamento del 26 aprile 2026&nbsp;<\/h2>\n\n<h3 class=\"wp-block-heading\">L\u2019Arctic Sunrise \u00e8 salpata da Siracusa (Italia) insieme alla Global Sumud Flotilla<\/h3>\n\n<p>L\u2019Arctic Sunrise \u00e8 salpata da Siracusa (Italia) proseguendo il suo viaggio al fianco della Global Sumud Flotilla mentre la flotta si \u00e8 diretta a Est attraverso il Mediterraneo. <strong>La flottiglia conta ora pi\u00f9 di 50 imbarcazioni<\/strong>, il che la rende la pi\u00f9 grande flotilla mai riunita per tentare di rompere l\u2019assedio a Gaza. Si prevede che altre navi si uniranno in seguito lungo la navigazione.<\/p>\n\n<p>Insieme all&#8217;organizzazione umanitaria Open Arms, il nostro equipaggio lavora 24 ore su 24 per mantenere la flottiglia in movimento, risolvendo problemi ai motori e ai sistemi di propulsione, ripristinando i sistemi elettrici, consegnando rifornimenti alimentari e trasferendo medici da una barca all&#8217;altra. Le nostre squadre sui gommoni sono messe a dura prova dalle impegnative operazioni di rimorchio e di pronto intervento, nel tentativo di portare aiuto dove \u00e8 pi\u00f9 necessario.<\/p>\n\n<p class=\"has-text-align-center\"><em>Sostieni la nostra missione con la Global Sumud Flotilla<\/em><\/p>\n\n<div class=\"wp-block-buttons is-layout-flex wp-block-buttons-is-layout-flex\">\n<div class=\"wp-block-button has-custom-width wp-block-button__width-100\"><a class=\"wp-block-button__link has-grey-900-color has-green-500-background-color has-text-color has-background has-link-color wp-element-button\" href=\"https:\/\/donazione.greenpeace.it\/missione-gaza\/~mia-donazione?utm_source=greenpeace.org&amp;utm_medium=sostienici&amp;utm_campaign=pace&amp;utm_content=attacco-flotilla\" target=\"_blank\" rel=\"noreferrer noopener\">DONA ORA<\/a><\/div>\n<\/div>\n\n<figure class=\"wp-block-image size-large\"><img loading=\"lazy\" decoding=\"async\" width=\"1024\" height=\"683\" src=\"https:\/\/www.greenpeace.org\/static\/planet4-italy-stateless\/2026\/04\/5ef60d95-5-greenpeace-global-sumud-flotilla-1024x683.jpg\" alt=\"\" class=\"wp-image-30712\" srcset=\"https:\/\/www.greenpeace.org\/static\/planet4-italy-stateless\/2026\/04\/5ef60d95-5-greenpeace-global-sumud-flotilla-1024x683.jpg 1024w, https:\/\/www.greenpeace.org\/static\/planet4-italy-stateless\/2026\/04\/5ef60d95-5-greenpeace-global-sumud-flotilla-300x200.jpg 300w, https:\/\/www.greenpeace.org\/static\/planet4-italy-stateless\/2026\/04\/5ef60d95-5-greenpeace-global-sumud-flotilla-768x512.jpg 768w, https:\/\/www.greenpeace.org\/static\/planet4-italy-stateless\/2026\/04\/5ef60d95-5-greenpeace-global-sumud-flotilla-1536x1024.jpg 1536w, https:\/\/www.greenpeace.org\/static\/planet4-italy-stateless\/2026\/04\/5ef60d95-5-greenpeace-global-sumud-flotilla-2048x1366.jpg 2048w, https:\/\/www.greenpeace.org\/static\/planet4-italy-stateless\/2026\/04\/5ef60d95-5-greenpeace-global-sumud-flotilla-510x340.jpg 510w\" sizes=\"auto, (max-width: 1024px) 100vw, 1024px\" \/><figcaption class=\"wp-element-caption\">L\u2019Arctic Sunrise in partenza dalla Sicilia per dirigersi verso Gaza insieme alla Global Sumud Flotilla<div class=\"credit icon-left\"> \u00a9 Max Cavallari \/ Greenpeace<\/div><\/figcaption><\/figure>\n\n<h2 class=\"wp-block-heading\">Perch\u00e9 Greenpeace si \u00e8 unita alla Global Sumud Flotilla<\/h2>\n\n<p>Il ruolo della nostra nave \u00e8 chiaro: <strong>fornire supporto tecnico e operativo <\/strong>in ambito marittimo alla flottiglia e <strong>aiutare le imbarcazioni ad attraversare in sicurezza il Mediterraneo <\/strong>prima che percorrano le ultime 200 miglia nautiche fino alle coste di Gaza<\/p>\n\n<p>Si tratta di <strong>un atto di solidariet\u00e0, di sostegno concreto e di resistenza nonviolenta<\/strong>, guidato dalla convinzione che, quando i governi non riescono a proteggere la vita e a far rispettare il diritto internazionale, le persone si organizzano per agire.<\/p>\n\n<p><strong>Questa missione si basa sulle precedenti iniziative delle flottiglie volte a rompere il silenzio che circonda Gaza<\/strong>. Nel 2024 e nel 2025, le flottiglie precedenti hanno sfidato il blocco e attirato l\u2019attenzione internazionale sulla crisi umanitaria. Nel settembre 2025, la Global Sumud Flotilla ha preso il largo con 42 imbarcazioni e 462 persone a bordo, prima che le forze israeliane intercettassero e abbordassero con la forza e armi automatiche in pugno le imbarcazioni a circa 70 miglia nautiche dalla costa di Gaza, interrompendo le comunicazioni e disturbando i segnali e sequestrando tutti gli equipaggi.&nbsp;<\/p>\n\n<p>La flottiglia del 2026 porta avanti lo stesso spirito di resistenza civile, ma su scala pi\u00f9 ampia e con rinnovata determinazione, per permettere l&#8217;ingresso agli aiuti umanitari e chiedere giustizia.<\/p>\n\n<p class=\"has-text-align-center\"><em>Sostieni la nostra missione con la Global Sumud Flotilla<\/em><\/p>\n\n<div class=\"wp-block-buttons is-layout-flex wp-block-buttons-is-layout-flex\">\n<div class=\"wp-block-button has-custom-width wp-block-button__width-100\"><a class=\"wp-block-button__link has-grey-900-color has-green-500-background-color has-text-color has-background has-link-color wp-element-button\" href=\"https:\/\/donazione.greenpeace.it\/missione-gaza\/~mia-donazione?utm_source=greenpeace.org&amp;utm_medium=sostienici&amp;utm_campaign=pace&amp;utm_content=attacco-flotilla\" target=\"_blank\" rel=\"noreferrer noopener\">DONA ORA<\/a><\/div>\n<\/div>\n\n<figure class=\"wp-block-image size-large\"><img loading=\"lazy\" decoding=\"async\" width=\"1024\" height=\"576\" src=\"https:\/\/www.greenpeace.org\/static\/planet4-italy-stateless\/2026\/02\/900aae20-gaza_1-1024x576.jpg\" alt=\"\" class=\"wp-image-30162\" srcset=\"https:\/\/www.greenpeace.org\/static\/planet4-italy-stateless\/2026\/02\/900aae20-gaza_1-1024x576.jpg 1024w, https:\/\/www.greenpeace.org\/static\/planet4-italy-stateless\/2026\/02\/900aae20-gaza_1-300x169.jpg 300w, https:\/\/www.greenpeace.org\/static\/planet4-italy-stateless\/2026\/02\/900aae20-gaza_1-768x432.jpg 768w, https:\/\/www.greenpeace.org\/static\/planet4-italy-stateless\/2026\/02\/900aae20-gaza_1-1536x864.jpg 1536w, https:\/\/www.greenpeace.org\/static\/planet4-italy-stateless\/2026\/02\/900aae20-gaza_1-510x287.jpg 510w, https:\/\/www.greenpeace.org\/static\/planet4-italy-stateless\/2026\/02\/900aae20-gaza_1.jpg 1920w\" sizes=\"auto, (max-width: 1024px) 100vw, 1024px\" \/><figcaption class=\"wp-element-caption\">Insieme ad Amnesty International abbiamo portato le immagini dei bombardamenti israeliani nella Striscia di Gaza davanti a Palazzo Chigi per denunciare le continue violazioni della tregua e chiedere la fine del genocidio<\/figcaption><\/figure>\n\n<h2 class=\"wp-block-heading\">Il costo umano della guerra a Gaza<\/h2>\n\n<p><strong>Gaza \u00e8 stata sottoposta a un\u2019ondata di morte e distruzione difficile da accettare<\/strong>. Tra il 7 ottobre 2023 e il 22 aprile 2026, <a href=\"https:\/\/www.unrwa.org\/resources\/reports\/unrwa-situation-report-219-humanitarian-crisis-gaza-strip-and-occupied-west-bank\" target=\"_blank\" rel=\"noreferrer noopener\">72.562 palestinesi sono stati uccisi a Gaza e 172.320 sono rimasti feriti<\/a>, secondo i dati del ministero della sanit\u00e0 di Gaza riportati dall\u2019Ufficio delle Nazioni Unite per il coordinamento degli affari umanitari (OCHA).<\/p>\n\n<p><a href=\"https:\/\/www.unrwa.org\/resources\/reports\/unrwa-situation-report-209-humanitarian-crisis-gaza-strip-and-occupied-west-bank\" target=\"_blank\" rel=\"noreferrer noopener\">A met\u00e0 febbraio 2026, circa 1,4 milioni dei 2,1 milioni di abitanti sono fuggiti da Gaza<\/a>, molti dei quali costretti a vivere in circa 1.000 accampamenti di fortuna. Anche dopo l\u2019annuncio del \u201ccessate il fuoco\u201d dell\u2019ottobre 2025, l\u2019OCHA ha riferito che centinaia di altri palestinesi sono stati uccisi: <a href=\"https:\/\/www.ochaopt.org\/content\/humanitarian-situation-report-27-march-2026\" target=\"_blank\" rel=\"noreferrer noopener\">il bilancio delle vittime, dopo l\u2019annuncio del &#8220;cessate il fuoco\u201d \u00e8 salito a 689 alla fine di marzo 2026<\/a>.<\/p>\n\n<p>Il genocidio a Gaza ha fatto vittime anche tra coloro che cercavano di salvare vite umane e di raccontare al mondo ci\u00f2 che sta accadendo: <strong>operatori umanitari e giornalisti<\/strong>.<\/p>\n\n<figure class=\"wp-block-image size-large\"><img loading=\"lazy\" decoding=\"async\" width=\"1024\" height=\"683\" src=\"https:\/\/www.greenpeace.org\/static\/planet4-italy-stateless\/2024\/07\/60d38aa7-nato-aumento-spese-militari-italia-1024x683.jpg\" alt=\"\" class=\"wp-image-24087\" srcset=\"https:\/\/www.greenpeace.org\/static\/planet4-italy-stateless\/2024\/07\/60d38aa7-nato-aumento-spese-militari-italia-1024x683.jpg 1024w, https:\/\/www.greenpeace.org\/static\/planet4-italy-stateless\/2024\/07\/60d38aa7-nato-aumento-spese-militari-italia-300x200.jpg 300w, https:\/\/www.greenpeace.org\/static\/planet4-italy-stateless\/2024\/07\/60d38aa7-nato-aumento-spese-militari-italia-768x512.jpg 768w, https:\/\/www.greenpeace.org\/static\/planet4-italy-stateless\/2024\/07\/60d38aa7-nato-aumento-spese-militari-italia-1536x1024.jpg 1536w, https:\/\/www.greenpeace.org\/static\/planet4-italy-stateless\/2024\/07\/60d38aa7-nato-aumento-spese-militari-italia-2048x1366.jpg 2048w, https:\/\/www.greenpeace.org\/static\/planet4-italy-stateless\/2024\/07\/60d38aa7-nato-aumento-spese-militari-italia-510x340.jpg 510w\" sizes=\"auto, (max-width: 1024px) 100vw, 1024px\" \/><figcaption class=\"wp-element-caption\">Case distrutte in seguito a un attacco aereo israeliano nel campo profughi di Al Maghazi, nella Striscia di Gaza meridionale, l&#8217;11 maggio 2024<\/figcaption><\/figure>\n\n<p><a href=\"https:\/\/www.amnesty.org\/en\/latest\/news\/2025\/04\/israel-opt-investigate-killings-of-paramedics-and-rescue-workers-in-gaza\/\" target=\"_blank\" rel=\"noreferrer noopener\">Amnesty International ha dichiarato che dal 7 ottobre 2023 a Gaza sono stati uccisi almeno 408 operatori umanitar<\/a>i, tra cui almeno 280 membri del personale dell\u2019UNRWA e 34 della Palestine Red Crescent Society. <a href=\"https:\/\/www.thenewhumanitarian.org\/maps-and-graphics\/2024\/03\/21\/behind-numbers-gaza-unprecedented-aid-worker-death-toll\" target=\"_blank\" rel=\"noreferrer noopener\">The New Humanitarian ha definito il bilancio delle vittime tra gli operatori umanitari a Gaza \u00absenza precedenti\u00bb<\/a>, sottolineando che in soli tre mesi il numero di operatori umanitari uccisi in quella zona ha superato quello registrato nell\u2019anno pi\u00f9 letale mai registrato a livello globale per gli operatori umanitari.&nbsp;<\/p>\n\n<p><a href=\"https:\/\/gijn.org\/stories\/unprecedented-killing-palestinian-journalists-gaza-press-freedom\/\" target=\"_blank\" rel=\"noreferrer noopener\">Le organizzazioni per la libert\u00e0 di stampa hanno descritto questo conflitto come il pi\u00f9 letale per i giornalisti<\/a> da quando il CPJ ha iniziato a registrare tali dati nel 1992, e un appello pubblico del giugno 2025 ha affermato che l<a href=\"https:\/\/rsf.org\/en\/gaza-rsf-cpj-and-over-130-media-outlets-call-opening-strip-foreign-journalists-and-protecting\" target=\"_blank\" rel=\"noreferrer noopener\">\u2019esercito israeliano ha ucciso quasi 200 giornalisti in 20 mesi<\/a>.<\/p>\n\n<p>In un territorio piccolo e circoscritto come quello di Gaza, il susseguirsi di uccisioni di civili, sfollamenti, fame e attacchi a medici, operatori umanitari e giornalisti \u00e8 diventata una caratteristica distintiva della guerra. E questa si sta diffondendo.<\/p>\n\n<p>Come afferma <strong>Ghiwa Nakat, direttore esecutivo di Greenpeace Middle East e Nord Africa:<\/strong> \u00abLa devastazione inflitta a Gaza \u00e8 diventata una pericolosa dottrina di impunit\u00e0, che ora si sta diffondendo in Libano attraverso massacri, distruzione e sofferenze umane sempre pi\u00f9 gravi. La nave di Greenpeace si \u00e8 unita a questa missione guidata dal popolo per esigere l\u2019ingresso sicuro e senza ostacoli di aiuti umanitari a Gaza e per contestare il blocco illegale che continua a devastare la vita dei civili. Ci opponiamo fermamente ai crimini di guerra, alla fame provocata deliberatamente, alla pulizia etnica, al genocidio e all\u2019ecocidio. Questa flottiglia \u00e8 un appello ai governi di tutto il mondo affinch\u00e9 rompano il silenzio, proteggano gli aiuti umanitari e agiscano con urgenza e integrit\u00e0 per difendere il diritto internazionale, la dignit\u00e0 umana e la giustizia\u201d.<\/p>\n\n<figure class=\"wp-block-image size-large\"><img loading=\"lazy\" decoding=\"async\" width=\"1024\" height=\"680\" src=\"https:\/\/www.greenpeace.org\/static\/planet4-italy-stateless\/2025\/06\/9a60998f-greenpeacegaza3r-1024x680.jpg\" title=\"Attivisti e attiviste di Greenpeace Italia protestano nella vasca della fontana del Gianicolo a Roma contro la strage in corso a Gaza.\" alt=\"Attivisti e attiviste di Greenpeace Italia protestano nella vasca della fontana del Gianicolo a Roma contro la strage in corso a Gaza.\" class=\"wp-image-27397\"\/><figcaption class=\"wp-element-caption\">Attivisti e attiviste di Greenpeace Italia protestano al Gianicolo contro la strage in corso a Gaza<\/figcaption><\/figure>\n\n<h2 class=\"wp-block-heading\">La guerra sta segnando vite, ecosistemi e un\u2019intera regione<\/h2>\n\n<p><strong>La guerra non distrugge solo case e famiglie<\/strong>. Avvelena la terra e l\u2019acqua, devasta i sistemi alimentari, lascia montagne di macerie tossiche e trasforma la ricostruzione in una lotta che pu\u00f2 durare per generazioni.<\/p>\n\n<p><a href=\"https:\/\/www.qmul.ac.uk\/news\/latest-news\/2024\/hss\/new-study-reveals-substantial-carbon-emissions-from-the-ongoing-israel-gaza-conflict.html\" target=\"_blank\" rel=\"noreferrer noopener\">Secondo le stime, nei primi 120 giorni di guerra sono state generate in media 536.410 tonnellate di anidride carbonica equivalente<\/a>, il 90% delle quali legate ai bombardamenti e all\u2019invasione di terra di Gaza da parte di Israele. La stessa analisi ha evidenziato la <strong>contaminazione da metalli pesanti e gravi danni all\u2019aria, all\u2019acqua e al suolo<\/strong>, rilevando che a maggio 2024 circa il 57% dei terreni coltivabili di Gaza risultava danneggiato.<\/p>\n\n<p>In tutta la regione, la guerra e la militarizzazione stanno devastando gli ecosistemi, i mezzi di sussistenza e la salute pubblica, da Gaza al Libano, all&#8217;Iran e oltre. Ecco perch\u00e9 la pace, la giustizia e la protezione dell&#8217;ambiente non possono essere separate: un futuro vivibile dipende da tutte e tre.<\/p>\n\n<h2 class=\"wp-block-heading\">Sostieni anche tu la nostra missione<\/h2>\n\n<p><strong>Dopo il grave abbordaggio subito dalla Global Sumud Flotilla<\/strong> <strong>abbiamo chiesto un intervento urgente del nostro e altri governi <\/strong>per garantire la sicurezza delle persone sequestrate dalle forze armate israeliane e il rispetto del diritto internazionale.<\/p>\n\n<p><strong>Quanto accaduto non riguarda solo il conflitto in corso a Gaza<\/strong>: \u00e8 avvenuto in acque internazionali, nel contesto europeo, e chiama direttamente in causa la responsabilit\u00e0 politica e diplomatica dell\u2019Europa.<\/p>\n\n<p>Noi, con la nostra nave Arctic Sunrise, continueremo ad offrire supporto tecnico e logistico il pi\u00f9 a lungo possibile: siamo al fianco della Global Sumud Flotilla da quando ha deciso di tornare in mare e continueremo a esserci.&nbsp;<\/p>\n\n<p class=\"has-text-align-center\"><strong>Se vuoi essere anche tu al nostro fianco, puoi fare un gesto concreto per sostenere la nostra missione: aiutaci con una donazione<\/strong><\/p>\n\n<div class=\"wp-block-buttons is-layout-flex wp-block-buttons-is-layout-flex\">\n<div class=\"wp-block-button has-custom-width wp-block-button__width-100\"><a class=\"wp-block-button__link has-grey-900-color has-green-500-background-color has-text-color has-background has-link-color wp-element-button\" href=\"https:\/\/donazione.greenpeace.it\/missione-gaza\/~mia-donazione?utm_source=greenpeace.org&amp;utm_medium=sostienici&amp;utm_campaign=pace&amp;utm_content=attacco-flotilla\" target=\"_blank\" rel=\"noreferrer noopener\">DONA ORA<\/a><\/div>\n<\/div>\n\n<p><\/p>\n","protected":false},"excerpt":{"rendered":"<p>Il racconto della nostra spedizione al fianco della Global Sumud Flotilla per sostenere la missione civile pacifica il cui scopo \u00e8 rompere l\u2019assedio illegale di Gaza.<\/p>\n","protected":false},"author":33,"featured_media":30709,"comment_status":"closed","ping_status":"open","sticky":false,"template":"","format":"standard","meta":{"ep_exclude_from_search":false,"p4_og_title":"Perch\u00e9 Greenpeace si \u00e8 unita alla Global Sumud Flotilla per portare aiuti a Gaza e cosa \u00e8 successo","p4_og_description":"Il racconto della nostra spedizione al fianco della Global Sumud Flotilla per sostenere la missione civile pacifica il cui scopo \u00e8 rompere l\u2019assedio illegale di Gaza","p4_og_image":"","p4_og_image_id":"","p4_seo_canonical_url":"","p4_campaign_name":"","p4_local_project":"","p4_basket_name":"","p4_department":"","footnotes":""},"categories":[20],"tags":[49],"p4-page-type":[19],"class_list":["post-30705","post","type-post","status-publish","format-standard","has-post-thumbnail","hentry","category-denuncia","tag-pace","p4-page-type-storia"],"_links":{"self":[{"href":"https:\/\/www.greenpeace.org\/italy\/wp-json\/wp\/v2\/posts\/30705","targetHints":{"allow":["GET"]}}],"collection":[{"href":"https:\/\/www.greenpeace.org\/italy\/wp-json\/wp\/v2\/posts"}],"about":[{"href":"https:\/\/www.greenpeace.org\/italy\/wp-json\/wp\/v2\/types\/post"}],"author":[{"embeddable":true,"href":"https:\/\/www.greenpeace.org\/italy\/wp-json\/wp\/v2\/users\/33"}],"replies":[{"embeddable":true,"href":"https:\/\/www.greenpeace.org\/italy\/wp-json\/wp\/v2\/comments?post=30705"}],"version-history":[{"count":11,"href":"https:\/\/www.greenpeace.org\/italy\/wp-json\/wp\/v2\/posts\/30705\/revisions"}],"predecessor-version":[{"id":30722,"href":"https:\/\/www.greenpeace.org\/italy\/wp-json\/wp\/v2\/posts\/30705\/revisions\/30722"}],"wp:featuredmedia":[{"embeddable":true,"href":"https:\/\/www.greenpeace.org\/italy\/wp-json\/wp\/v2\/media\/30709"}],"wp:attachment":[{"href":"https:\/\/www.greenpeace.org\/italy\/wp-json\/wp\/v2\/media?parent=30705"}],"wp:term":[{"taxonomy":"category","embeddable":true,"href":"https:\/\/www.greenpeace.org\/italy\/wp-json\/wp\/v2\/categories?post=30705"},{"taxonomy":"post_tag","embeddable":true,"href":"https:\/\/www.greenpeace.org\/italy\/wp-json\/wp\/v2\/tags?post=30705"},{"taxonomy":"p4-page-type","embeddable":true,"href":"https:\/\/www.greenpeace.org\/italy\/wp-json\/wp\/v2\/p4-page-type?post=30705"}],"curies":[{"name":"wp","href":"https:\/\/api.w.org\/{rel}","templated":true}]}}