{"id":31625,"date":"2026-09-02T16:03:00","date_gmt":"2026-09-02T14:03:00","guid":{"rendered":"https:\/\/www.greenpeace.org\/italy\/?p=31625"},"modified":"2026-09-03T11:25:28","modified_gmt":"2026-09-03T09:25:28","slug":"clima-greenpeace-sul-nuovo-rapporto-unep-oltre-15c-ogni-frazione-di-grado-conta","status":"publish","type":"post","link":"https:\/\/www.greenpeace.org\/italy\/comunicato-stampa\/31625\/clima-greenpeace-sul-nuovo-rapporto-unep-oltre-15c-ogni-frazione-di-grado-conta\/","title":{"rendered":"Clima, Greenpeace sul nuovo rapporto UNEP:  \u00abOltre 1,5\u00b0C, ogni frazione di grado conta\u00bb"},"content":{"rendered":"\n<figure class=\"wp-block-image size-full\"><img loading=\"lazy\" decoding=\"async\" width=\"800\" height=\"600\" title=\"Action at Power Plant Niederaussem in GermanyLuftaufnahmen der Protest-Aktion am Kraftwerk Niederausseum bei Koeln\" src=\"https:\/\/www.greenpeace.org\/static\/planet4-italy-stateless\/2023\/08\/69b4af90-gp0stsxnj_web_size_with_credit_line.jpeg\" alt=\"\" class=\"wp-image-18718\" srcset=\"https:\/\/www.greenpeace.org\/static\/planet4-italy-stateless\/2023\/08\/69b4af90-gp0stsxnj_web_size_with_credit_line.jpeg 800w, https:\/\/www.greenpeace.org\/static\/planet4-italy-stateless\/2023\/08\/69b4af90-gp0stsxnj_web_size_with_credit_line-300x225.jpeg 300w, https:\/\/www.greenpeace.org\/static\/planet4-italy-stateless\/2023\/08\/69b4af90-gp0stsxnj_web_size_with_credit_line-768x576.jpeg 768w, https:\/\/www.greenpeace.org\/static\/planet4-italy-stateless\/2023\/08\/69b4af90-gp0stsxnj_web_size_with_credit_line-453x340.jpeg 453w\" sizes=\"auto, (max-width: 800px) 100vw, 800px\" \/><\/figure>\n\n<p class=\"wp-block-paragraph\">\u00abIl superamento della soglia degli 1,5\u00b0C \u00e8 una notizia che nessuno di noi avrebbe voluto apprendere, ma non \u00e8 un motivo per arrendersi, n\u00e9 per rinunciare all\u2019obiettivo: ogni frazione di grado conta e il rapporto dell\u2019UNEP deve rappresentare, ora pi\u00f9 che mai, un richiamo decisivo all\u2019azione\u00bb, cos\u00ec Simona Abbate, della campagna Clima di Greenpeace Italia, commenta il <a href=\"https:\/\/www.unep.org\/news-and-stories\/press-release\/unep-world-set-cross-15degc-global-warming-can-still-limit-adapt-and\" target=\"_blank\" rel=\"noreferrer noopener\">nuovo report del Programma delle Nazioni Unite per l\u2019Ambiente (UNEP)<\/a> che prospetta un imminente superamento degli 1,5 \u00b0C, la soglia di sicurezza entro cui contenere la temperatura media globale rispetto al periodo preindustriale.&nbsp;<\/p>\n\n<p class=\"wp-block-paragraph\">Al contempo, il rapporto UNEP sostiene che l\u2019entit\u00e0 e la durata del superamento degli 1,5\u00b0C possono ancora essere limitate, descrivendo uno scenario di \u201csuperamento, picco e discesa\u201d. Rischi e impatti, si legge nel rapporto, aumenteranno con ogni frazione di grado, e lo scenario pi\u00f9 ottimista sar\u00e0 il raggiungimento di un picco di 1,8\u00b0C di aumento della temperatura media, a patto che la comunit\u00e0 internazionale riesca collettivamente a rispettare e a superare gli impegni climatici gi\u00e0 assunti. Anche il migliore degli scenari, tuttavia, non metter\u00e0 al riparo da rischi significativi, inclusa la possibilit\u00e0 di raggiungere punti di non ritorno irreversibili nei sistemi globali.&nbsp;<\/p>\n\n<p class=\"wp-block-paragraph\">\u00abL\u2019obiettivo degli 1,5 \u00b0C non \u00e8 soltanto una soglia giuridica, politica e morale &#8211; prosegue Abbate &#8211; ma un riferimento necessario per evitare catastrofi sempre pi\u00f9 gravi, e ci\u00f2 che facciamo oggi e domani determiner\u00e0 il nostro destino. I governi devono accelerare la transizione e riconoscere le responsabilit\u00e0 delle aziende del petrolio e del gas. L&#8217;introduzione di una tassa sui profitti di queste industrie \u00e8 il primo passo per garantire una giusta ed equa transizione: chi inquina paga, e quei fondi servono per riparare i danni e avviare la transizione\u00bb.<\/p>\n\n<p class=\"wp-block-paragraph\">In vista dell\u2019Assemblea generale delle Nazioni Unite e della conferenza sul clima COP31, i leader mondiali dovranno alzare il livello dell\u2019azione climatica. Limitare il riscaldamento globale entro 1,5\u00b0C, ricorda ancora l\u2019organizzazione ambientalista, costituisce un obbligo giuridico per tutti gli Stati, sancito anche dalla Corte internazionale di giustizia: i Paesi con le maggiori emissioni di carbonio, in particolare, hanno una responsabilit\u00e0 storica e devono agire pi\u00f9 rapidamente e con maggiore incisivit\u00e0 per proteggere le comunit\u00e0 pi\u00f9 vulnerabili.<\/p>\n","protected":false},"excerpt":{"rendered":"<p>L&#8217;organizzazione ambientalista commenta le ultime previsioni delle Nazioni Unite sull&#8217;aumento delle temperature globali e rinnova il suo appello per una rapida e giusta transizione. <\/p>\n","protected":false},"author":33,"featured_media":18718,"comment_status":"closed","ping_status":"open","sticky":false,"template":"","format":"standard","meta":{"ep_exclude_from_search":false,"p4_og_title":"","p4_og_description":"","p4_og_image":"","p4_og_image_id":"","p4_seo_canonical_url":"","p4_campaign_name":"","p4_local_project":"","p4_basket_name":"","p4_department":"","footnotes":""},"categories":[24],"tags":[29],"p4-page-type":[23],"class_list":["post-31625","post","type-post","status-publish","format-standard","has-post-thumbnail","hentry","category-scegli","tag-clima","p4-page-type-comunicato-stampa"],"_links":{"self":[{"href":"https:\/\/www.greenpeace.org\/italy\/wp-json\/wp\/v2\/posts\/31625","targetHints":{"allow":["GET"]}}],"collection":[{"href":"https:\/\/www.greenpeace.org\/italy\/wp-json\/wp\/v2\/posts"}],"about":[{"href":"https:\/\/www.greenpeace.org\/italy\/wp-json\/wp\/v2\/types\/post"}],"author":[{"embeddable":true,"href":"https:\/\/www.greenpeace.org\/italy\/wp-json\/wp\/v2\/users\/33"}],"replies":[{"embeddable":true,"href":"https:\/\/www.greenpeace.org\/italy\/wp-json\/wp\/v2\/comments?post=31625"}],"version-history":[{"count":3,"href":"https:\/\/www.greenpeace.org\/italy\/wp-json\/wp\/v2\/posts\/31625\/revisions"}],"predecessor-version":[{"id":31629,"href":"https:\/\/www.greenpeace.org\/italy\/wp-json\/wp\/v2\/posts\/31625\/revisions\/31629"}],"wp:featuredmedia":[{"embeddable":true,"href":"https:\/\/www.greenpeace.org\/italy\/wp-json\/wp\/v2\/media\/18718"}],"wp:attachment":[{"href":"https:\/\/www.greenpeace.org\/italy\/wp-json\/wp\/v2\/media?parent=31625"}],"wp:term":[{"taxonomy":"category","embeddable":true,"href":"https:\/\/www.greenpeace.org\/italy\/wp-json\/wp\/v2\/categories?post=31625"},{"taxonomy":"post_tag","embeddable":true,"href":"https:\/\/www.greenpeace.org\/italy\/wp-json\/wp\/v2\/tags?post=31625"},{"taxonomy":"p4-page-type","embeddable":true,"href":"https:\/\/www.greenpeace.org\/italy\/wp-json\/wp\/v2\/p4-page-type?post=31625"}],"curies":[{"name":"wp","href":"https:\/\/api.w.org\/{rel}","templated":true}]}}