{"id":3559,"date":"2011-05-12T12:40:44","date_gmt":"2011-05-12T12:40:44","guid":{"rendered":"https:\/\/www.greenpeace.org\/italy\/?p=3559"},"modified":"2025-07-02T09:31:24","modified_gmt":"2025-07-02T07:31:24","slug":"i-pazzi-siete-voi","status":"publish","type":"post","link":"https:\/\/www.greenpeace.org\/italy\/storia\/3559\/i-pazzi-siete-voi\/","title":{"rendered":"I pazzi siete voi"},"content":{"rendered":"<p><strong>Giorgio<\/strong>,\u00a0<strong>Alessandra<\/strong>,\u00a0<strong>Pierpaolo<\/strong>\u00a0e\u00a0<strong>Luca<\/strong>\u00a0vivranno sulla propria pelle l\u2019esperienza di un rifugio anti-radiazioni, come succede ai loro coetanei nel distretto di <strong>Fukushima<\/strong>. Seguiranno precise regole di radioprotezione: porte e finestre sigillate, niente insalata, niente latte, formaggio, carne o pesce freschi. Solo internet.<\/p>\n<p>\u00c8 un atto estremo per difendere il proprio futuro. Non usciranno fino al giorno del Referendum, quando il nucleare potr\u00e0 essere bloccato per sempre dalla volont\u00e0 dei cittadini.<\/p>\n<p>&#8220;<em>Voi che minimizzate il disastro di Fukushima. Voi che pensate al vostro tornaconto personale &#8211;\u00a0<\/em><a class=\"zoom\" href=\"http:\/\/www.youtube.com\/watch?v=_QS2EjeCtqM&amp;feature=channel_video_title\" target=\"_blank\" rel=\"noopener noreferrer\">dicono i ragazzi nel loro video manifesto<\/a><em>\u00a0&#8211; alla faccia dell\u2019interesse della comunit\u00e0. Siete pazzi pericolosi. [\u2026] Vogliamo parlare ai ragazzi come noi\u2026 questa battaglia riguarda tutti. Diffondete i nostri messaggi, organizzatevi, inventatevi una vostra azione. La nostra protesta dovr\u00e0 crescere ogni giorno di pi\u00f9<\/em>.&#8221;<\/p>\n<p><iframe loading=\"lazy\" src=\"https:\/\/www.youtube.com\/embed\/0DlrudOWM3U\" width=\"100%\" height=\"315\" frameborder=\"0\" allowfullscreen=\"allowfullscreen\"><span data-mce-type=\"bookmark\" style=\"display: inline-block; width: 0px; overflow: hidden; line-height: 0;\" class=\"mce_SELRES_start\">\ufeff<\/span><\/iframe><\/p>\n<p>I ragazzi comunicheranno con l\u2019esterno tramite il sito web\u00a0<a class=\"zoom\" href=\"http:\/\/www.ipazzisietevoi.org\/\" target=\"_blank\" rel=\"noopener noreferrer\">www.ipazzisietevoi.org<\/a>, i propri profili Facebook, video messaggi su Youtube e Twitter.\u00a0<strong>Racconteranno giorno dopo giorno la loro vita da rinchiusi<\/strong>: divisione dei compiti, problemi, paure, discussioni. Ci sar\u00e0 un streaming dal rifugio 24 ore su 24.<\/p>\n<p><a class=\"zoom\" href=\"http:\/\/www.ipazzisietevoi.org\/public\/page\/referendum\" target=\"_blank\" rel=\"noopener noreferrer\">Chiederanno a tutti i visitatori del sito di firmare il proprio impegno contro il nucleare, partecipando alla petizione &#8220;Io non sono pazzo. Voto S\u00ec&#8221;.<\/a><\/p>\n<p>Greenpeace sostiene questi ragazzi e gli ha fornito tutti gli strumenti per organizzare la loro protesta.\u00a0<strong>Di fronte a un governo che vuole rubarci il referendum e toglierci la possibilit\u00e0 di scegliere un atto estremo come quello di rinchiudersi in un rifugio \u00e8 pi\u00f9 che mai necessario<\/strong>.<\/p>\n<p>I pazzi non sono loro, i pazzi sono quelli che dopo Cernobyl e Fukushima continuano a vedere il futuro nel nucleare.<\/p>\n<div class=\"EmptyMessage\">Block content is empty. Check the block&#8217;s settings or remove it.<\/div>","protected":false},"excerpt":{"rendered":"<p>Si priveranno per un mese della loro libert\u00e0. Vivranno rinchiusi in un rifugio come se fosse esplosa una centrale nucleare. Al chiuso, niente cibi freschi, solo internet per comunicare. Sono un gruppo di ragazzi e ragazze con un obiettivo: convincere le persone a votare S\u00ec al Referendum del 12 e 13 giugno. La loro protesta ha un nome: &#8220;I pazzi siete voi&#8221;<\/p>\n","protected":false},"author":33,"featured_media":3563,"comment_status":"closed","ping_status":"open","sticky":false,"template":"","format":"standard","meta":{"ep_exclude_from_search":false,"p4_og_title":"","p4_og_description":"","p4_og_image":"","p4_og_image_id":"","p4_seo_canonical_url":"","p4_campaign_name":"","p4_local_project":"","p4_basket_name":"","p4_department":"","footnotes":""},"categories":[20,17,24],"tags":[21,29,32],"p4-page-type":[19],"class_list":["post-3559","post","type-post","status-publish","format-standard","has-post-thumbnail","hentry","category-denuncia","category-proteggi","category-scegli","tag-inquinamento","tag-clima","tag-energia","p4-page-type-storia"],"_links":{"self":[{"href":"https:\/\/www.greenpeace.org\/italy\/wp-json\/wp\/v2\/posts\/3559","targetHints":{"allow":["GET"]}}],"collection":[{"href":"https:\/\/www.greenpeace.org\/italy\/wp-json\/wp\/v2\/posts"}],"about":[{"href":"https:\/\/www.greenpeace.org\/italy\/wp-json\/wp\/v2\/types\/post"}],"author":[{"embeddable":true,"href":"https:\/\/www.greenpeace.org\/italy\/wp-json\/wp\/v2\/users\/33"}],"replies":[{"embeddable":true,"href":"https:\/\/www.greenpeace.org\/italy\/wp-json\/wp\/v2\/comments?post=3559"}],"version-history":[{"count":5,"href":"https:\/\/www.greenpeace.org\/italy\/wp-json\/wp\/v2\/posts\/3559\/revisions"}],"predecessor-version":[{"id":28243,"href":"https:\/\/www.greenpeace.org\/italy\/wp-json\/wp\/v2\/posts\/3559\/revisions\/28243"}],"wp:featuredmedia":[{"embeddable":true,"href":"https:\/\/www.greenpeace.org\/italy\/wp-json\/wp\/v2\/media\/3563"}],"wp:attachment":[{"href":"https:\/\/www.greenpeace.org\/italy\/wp-json\/wp\/v2\/media?parent=3559"}],"wp:term":[{"taxonomy":"category","embeddable":true,"href":"https:\/\/www.greenpeace.org\/italy\/wp-json\/wp\/v2\/categories?post=3559"},{"taxonomy":"post_tag","embeddable":true,"href":"https:\/\/www.greenpeace.org\/italy\/wp-json\/wp\/v2\/tags?post=3559"},{"taxonomy":"p4-page-type","embeddable":true,"href":"https:\/\/www.greenpeace.org\/italy\/wp-json\/wp\/v2\/p4-page-type?post=3559"}],"curies":[{"name":"wp","href":"https:\/\/api.w.org\/{rel}","templated":true}]}}