{"id":3639,"date":"2016-09-26T14:58:40","date_gmt":"2016-09-26T14:58:40","guid":{"rendered":"https:\/\/www.greenpeace.org\/italy\/?p=3639"},"modified":"2021-12-01T13:46:23","modified_gmt":"2021-12-01T12:46:23","slug":"the-potential-for-energy-citizens-in-the-european-union","status":"publish","type":"post","link":"https:\/\/www.greenpeace.org\/italy\/rapporto\/3639\/the-potential-for-energy-citizens-in-the-european-union\/","title":{"rendered":"The Potential for Energy Citizens in the European Union"},"content":{"rendered":"<div class=\"leader\">\n<div>La met\u00e0 dei cittadini dell\u2019Unione europea potrebbe produrre la propria elettricit\u00e0 autonomamente e da fonti rinnovabili entro il 2050, soddisfacendo cos\u00ec il 45 per cento della domanda di energia dell\u2019Ue.<\/div>\n<p>\u00c8 quanto dimostra il report scientifico \u201c<a class=\"pdf\" href=\"http:\/\/www.greenpeace.org\/italy\/Global\/italy\/report\/2016\/clima\/CE_Delft_The_potential_of_energy_citizens_in_the_EU.pdf\" target=\"_blank\" rel=\"noopener noreferrer\">The Potential for Energy Citizens in the European Union<\/a>\u201d, redatto dall\u2019istituto di ricerca ambientale CE Delft per conto di Greenpeace, Federazione Europea per le Energie Rinnovabili (EREF), Friends of the Earth Europe e REScoop.eu.<\/p>\n<p>Il mercato dell\u2019energia si sta muovendo dalle fonti fossili e il nucleare verso le energie rinnovabili, ma sta anche cambiando il sistema produttivo. Al vecchio modello centralizzato dominato dalle grandi aziende sta subentrando un modello in cui i cosiddetti\u00a0<em>energy citizens<\/em>\u00a0possono produrre la propria energia e collaborare anche nella gestione della domanda.<\/p>\n<p>Per\u00a0<em>energy citizens<\/em>\u00a0si intendono gli individui o le famiglie che producono energia o gestiscono in maniera flessibile, individuale o collettiva, la propria domanda di energia. Una definizione valida anche per enti pubblici come citt\u00e0 e edifici comunali, scuole, ospedali o edifici di propriet\u00e0 del governo, cos\u00ec come le piccole e medie imprese con meno di 50 dipendenti.<\/p>\n<p>Senza l\u2019apporto di questi attori, la transizione verso un sistema 100 per cento rinnovabile non sar\u00e0 possibile.<\/p>\n<p>Leggi il report \u201c<a class=\"pdf\" title=\"http:\/\/www.greenpeace.org\/italy\/Global\/italy\/report\/2016\/clima\/CE_Delft_The_potential_of_energy_citizens_in_the_EU.pdf\" href=\"http:\/\/www.greenpeace.org\/italy\/Global\/italy\/report\/2016\/clima\/CE_Delft_The_potential_of_energy_citizens_in_the_EU.pdf\" target=\"_blank\" rel=\"noopener noreferrer\">The Potential for Energy Citizens in the European Union<\/a>\u201d (in inglese)<\/p>\n<p>Leggi il\u00a0<a class=\"pdf\" href=\"http:\/\/www.greenpeace.org\/italy\/Global\/italy\/report\/2016\/clima\/Media_briefing_energy-citizens.pdf\" target=\"_blank\" rel=\"noopener noreferrer\">riassunto<\/a>\u00a0(in italiano)<\/p>\n<p>Guarda le infografiche<\/p>\n<p><a href=\"http:\/\/www.greenpeace.org\/italy\/Global\/italy\/report\/2016\/clima\/Infografica_Italia_1.png\">Infografica 1\/Italia<\/a><\/p>\n<p><a href=\"http:\/\/www.greenpeace.org\/italy\/Global\/italy\/report\/2016\/clima\/Infografica_Italia_2.png\">Infografica_2\/Italia\u00a0<\/a><\/p>\n<p><a href=\"http:\/\/www.greenpeace.org\/italy\/Global\/italy\/report\/2016\/clima\/Infografica_UE.png\">Infografica_3\/Unione_europea<\/a><\/p>\n<\/div>\n<p><img decoding=\"async\" class=\"alignnone size-full wp-image-4273\" src=\"https:\/\/www.greenpeace.org\/static\/planet4-italy-stateless\/2016\/09\/26995950-ce_delft_the_potential_of_energy_citizens_in_the_eu-001.jpg\" alt=\"\" width=\"100%\" height=\"1684\" srcset=\"https:\/\/www.greenpeace.org\/static\/planet4-italy-stateless\/2016\/09\/26995950-ce_delft_the_potential_of_energy_citizens_in_the_eu-001.jpg 1191w, https:\/\/www.greenpeace.org\/static\/planet4-italy-stateless\/2016\/09\/26995950-ce_delft_the_potential_of_energy_citizens_in_the_eu-001-212x300.jpg 212w, https:\/\/www.greenpeace.org\/static\/planet4-italy-stateless\/2016\/09\/26995950-ce_delft_the_potential_of_energy_citizens_in_the_eu-001-768x1086.jpg 768w, https:\/\/www.greenpeace.org\/static\/planet4-italy-stateless\/2016\/09\/26995950-ce_delft_the_potential_of_energy_citizens_in_the_eu-001-724x1024.jpg 724w, https:\/\/www.greenpeace.org\/static\/planet4-italy-stateless\/2016\/09\/26995950-ce_delft_the_potential_of_energy_citizens_in_the_eu-001-966x1366.jpg 966w, https:\/\/www.greenpeace.org\/static\/planet4-italy-stateless\/2016\/09\/26995950-ce_delft_the_potential_of_energy_citizens_in_the_eu-001-240x340.jpg 240w\" sizes=\"(max-width: 1191px) 100vw, 1191px\" \/><\/p>\n<div class=\"EmptyMessage\">Block content is empty. Check the block&#8217;s settings or remove it.<\/div>","protected":false},"excerpt":{"rendered":"<p>La met\u00e0 dei cittadini dell\u2019Unione europea potrebbe produrre la propria elettricit\u00e0 autonomamente e da fonti rinnovabili entro il 2050<\/p>\n","protected":false},"author":33,"featured_media":4273,"comment_status":"closed","ping_status":"open","sticky":false,"template":"","format":"standard","meta":{"ep_exclude_from_search":false,"p4_og_title":"","p4_og_description":"","p4_og_image":"","p4_og_image_id":"","p4_seo_canonical_url":"","p4_campaign_name":"","p4_local_project":"","p4_basket_name":"","p4_department":"","footnotes":""},"categories":[17,24],"tags":[29,32],"p4-page-type":[34],"class_list":["post-3639","post","type-post","status-publish","format-standard","has-post-thumbnail","hentry","category-proteggi","category-scegli","tag-clima","tag-energia","p4-page-type-rapporto"],"_links":{"self":[{"href":"https:\/\/www.greenpeace.org\/italy\/wp-json\/wp\/v2\/posts\/3639","targetHints":{"allow":["GET"]}}],"collection":[{"href":"https:\/\/www.greenpeace.org\/italy\/wp-json\/wp\/v2\/posts"}],"about":[{"href":"https:\/\/www.greenpeace.org\/italy\/wp-json\/wp\/v2\/types\/post"}],"author":[{"embeddable":true,"href":"https:\/\/www.greenpeace.org\/italy\/wp-json\/wp\/v2\/users\/33"}],"replies":[{"embeddable":true,"href":"https:\/\/www.greenpeace.org\/italy\/wp-json\/wp\/v2\/comments?post=3639"}],"version-history":[{"count":4,"href":"https:\/\/www.greenpeace.org\/italy\/wp-json\/wp\/v2\/posts\/3639\/revisions"}],"predecessor-version":[{"id":15261,"href":"https:\/\/www.greenpeace.org\/italy\/wp-json\/wp\/v2\/posts\/3639\/revisions\/15261"}],"wp:featuredmedia":[{"embeddable":true,"href":"https:\/\/www.greenpeace.org\/italy\/wp-json\/wp\/v2\/media\/4273"}],"wp:attachment":[{"href":"https:\/\/www.greenpeace.org\/italy\/wp-json\/wp\/v2\/media?parent=3639"}],"wp:term":[{"taxonomy":"category","embeddable":true,"href":"https:\/\/www.greenpeace.org\/italy\/wp-json\/wp\/v2\/categories?post=3639"},{"taxonomy":"post_tag","embeddable":true,"href":"https:\/\/www.greenpeace.org\/italy\/wp-json\/wp\/v2\/tags?post=3639"},{"taxonomy":"p4-page-type","embeddable":true,"href":"https:\/\/www.greenpeace.org\/italy\/wp-json\/wp\/v2\/p4-page-type?post=3639"}],"curies":[{"name":"wp","href":"https:\/\/api.w.org\/{rel}","templated":true}]}}