{"id":3934,"date":"2009-07-10T12:37:22","date_gmt":"2009-07-10T12:37:22","guid":{"rendered":"https:\/\/www.greenpeace.org\/italy\/?p=3934"},"modified":"2019-11-06T09:54:17","modified_gmt":"2019-11-06T08:54:17","slug":"il-g8-rinvia-lazione-sul-clima-al-2050-fallendo-la-sua-missione","status":"publish","type":"post","link":"https:\/\/www.greenpeace.org\/italy\/comunicato-stampa\/3934\/il-g8-rinvia-lazione-sul-clima-al-2050-fallendo-la-sua-missione\/","title":{"rendered":"Il G8 rinvia l&#8217;azione sul clima al 2050 fallendo la sua missione"},"content":{"rendered":"<div class=\"leader\">\n<div>Mentre il G8 dell\u2019Aquila si conclude con miseri progressi sul clima, Greenpeace invita l\u2019opinione pubblica mondiale a fare pressione sui governi delle nazioni pi\u00f9 ricche perch\u00e9 prendano misure decisive sui cambiamenti climatici.<\/div>\n<\/div>\n<div>\n<p>Le azioni in Italia<\/p>\n<p>Questa mattina, attivisti di Greenpeace a bordo di gommoni hanno avvicinato una nave carboniera in rada a Civitavecchia, dipingendo sulla sua fiancata il messaggio &#8220;<strong>G8: FAILED&#8221; (&#8220;G8: fallito&#8221;<\/strong>). Questa attivit\u00e0 segna il culmine di una settimana di proteste di Greenpeace in tutto il mondo: dagli Stati Uniti alla Russia, dalla Francia all&#8217;Italia, gli attivisti hanno chiesto in diversi modi al G8 di porre le condizioni per un accordo importante alla Conferenza Onu di Copenhagen del prossimo dicembre sul clima. Sulla ciminiera di Brindisi \u00e8 stato scritto &#8220;STUPIDS&#8221;, rivolto ai capi di governo riuniti all&#8217;Aquila.<\/p>\n<p>In Italia, pi\u00f9 di cento attivisti hanno occupato, scalato e dipinto ciminiere, gru e nastri trasportatori in cinque centrali a carbone (o in via di trasformazione), sottolineando come il <strong>carbone<\/strong> sia il principale &#8220;killer del clima&#8221; a livello mondiale. Dall&#8217;alto delle centrali di Brindisi, Fusina\/Marghera, Porto Tolle, Vado Ligure e Civitavecchia, Greenpeace ha chiesto ai governi del G8 di prendere la leadership della lotta ai cambiamenti climatici. Gli attivisti stanno ancora occupando due centrali -Brindisi e Porto Tolle &#8211; dalla quale discenderanno in contemporanea con la fine del meeting dell&#8217;Aquila, concludendo la protesta.<\/p>\n<p>&#8220;<em>Mentre Greenpeace sta dimostrando cosa significa agire per difendere il clima, l&#8217;inazione del G8 ha portato il mondo un passo ancora pi\u00f9 vicino a cambiamenti climatici catastrofici<\/em>&#8220;, \u00e8 il messaggio di Simona Fausto, attivista di Greenpeace, dall&#8217;alto della ciminiera di Brindisi: &#8220;<em>I governi del G8 stanno nascondendo la loro mancanza di leadership dietro parole vuote e gesti vani. Invitiamo le persone di tutto il mondo a intraprendere ogni azione pacifica per domandare ai propri governi di stabilire obiettivi chiari di taglio alle emissioni di gas serra, prima che il trattato sul clima sia negoziato in dicembre<\/em>&#8220;.<\/p>\n<p>Il summit del G8 all&#8217;Aquila<\/p>\n<p>I leader del G8 hanno rinviato l&#8217;azione sul clima alle future generazioni. E hanno abbandonato le popolazioni pi\u00f9 vulnerabili agli effetti, sempre pi\u00f9 devastanti, dei cambiamenti climatici. &#8220;<em>I governi delle nazioni pi\u00f9 ricche hanno avuto un&#8217;opportunit\u00e0 storica ma l&#8217;hanno sprecata<\/em>&#8220;, commenta Giuseppe Onufrio, direttore di Greenpeace Italia, dall&#8217;Aquila, &#8220;<em>fallendo nello stabilire obiettivi di medio termine (2020, ndr) e rinviando al G20 la discussione sugli investimenti che serviranno alle nazioni in via di sviluppo per combattere i cambiamenti climatici. Oggi, i capi di governo del G8 hanno mostrato a tutti di essere dei semplici politici che parlano e non dei leader che prendono le azioni necessarie per il Pianeta<\/em>&#8220;.<\/p>\n<p>&#8220;<em>Il G8 ha abdicato, in modo disgustoso, dalle proprie responsabilit\u00e0&#8221;, continua Onufrio: &#8220;Invece di affrontare i cambiamenti climatici e di salvare le nazioni pi\u00f9 vulnerabili del Pianeta, a partire da quelle dell&#8217;Africa, dagli impatti devastanti gi\u00e0 in atto, hanno rinviato questa responsabilit\u00e0 a i governi futuri e alle prossime generazioni. La loro eredit\u00e0 e, cosa pi\u00f9 importante, il nostro futuro sono ora sospesi sul filo<\/em>&#8220;.<\/p>\n<p>Sebbene abbiano finalmente ammesso che l&#8217;aumento della temperatura media del Pianeta dovr\u00e0 essere contenuto sotto i 2 gradi, il G8 non ha indicato come raggiungere questo obiettivo. &#8220;<em>Quando le Nazioni Unite terranno una sessione sui cambiamenti climatici, il prossimo 22 settembre, questi capi di governo dovranno essere pronti: il tempo per l&#8217;azione \u00e8 ora<\/em>&#8220;, conclude Onufrio.<\/p>\n<\/div>\n","protected":false},"excerpt":{"rendered":"<p>Mentre il G8 dell\u2019Aquila si conclude con miseri progressi sul clima, Greenpeace invita l\u2019opinione pubblica mondiale a fare pressione sui governi delle nazioni pi\u00f9 ricche perch\u00e9 prendano misure decisive sui cambiamenti climatici.<\/p>\n","protected":false},"author":33,"featured_media":3936,"comment_status":"closed","ping_status":"open","sticky":false,"template":"","format":"standard","meta":{"ep_exclude_from_search":false,"p4_og_title":"","p4_og_description":"","p4_og_image":"","p4_og_image_id":"","p4_seo_canonical_url":"","p4_campaign_name":"","p4_local_project":"","p4_basket_name":"","p4_department":"","footnotes":""},"categories":[17,24],"tags":[29,32],"p4-page-type":[23],"class_list":["post-3934","post","type-post","status-publish","format-standard","has-post-thumbnail","hentry","category-proteggi","category-scegli","tag-clima","tag-energia","p4-page-type-comunicato-stampa"],"_links":{"self":[{"href":"https:\/\/www.greenpeace.org\/italy\/wp-json\/wp\/v2\/posts\/3934","targetHints":{"allow":["GET"]}}],"collection":[{"href":"https:\/\/www.greenpeace.org\/italy\/wp-json\/wp\/v2\/posts"}],"about":[{"href":"https:\/\/www.greenpeace.org\/italy\/wp-json\/wp\/v2\/types\/post"}],"author":[{"embeddable":true,"href":"https:\/\/www.greenpeace.org\/italy\/wp-json\/wp\/v2\/users\/33"}],"replies":[{"embeddable":true,"href":"https:\/\/www.greenpeace.org\/italy\/wp-json\/wp\/v2\/comments?post=3934"}],"version-history":[{"count":1,"href":"https:\/\/www.greenpeace.org\/italy\/wp-json\/wp\/v2\/posts\/3934\/revisions"}],"predecessor-version":[{"id":3937,"href":"https:\/\/www.greenpeace.org\/italy\/wp-json\/wp\/v2\/posts\/3934\/revisions\/3937"}],"wp:featuredmedia":[{"embeddable":true,"href":"https:\/\/www.greenpeace.org\/italy\/wp-json\/wp\/v2\/media\/3936"}],"wp:attachment":[{"href":"https:\/\/www.greenpeace.org\/italy\/wp-json\/wp\/v2\/media?parent=3934"}],"wp:term":[{"taxonomy":"category","embeddable":true,"href":"https:\/\/www.greenpeace.org\/italy\/wp-json\/wp\/v2\/categories?post=3934"},{"taxonomy":"post_tag","embeddable":true,"href":"https:\/\/www.greenpeace.org\/italy\/wp-json\/wp\/v2\/tags?post=3934"},{"taxonomy":"p4-page-type","embeddable":true,"href":"https:\/\/www.greenpeace.org\/italy\/wp-json\/wp\/v2\/p4-page-type?post=3934"}],"curies":[{"name":"wp","href":"https:\/\/api.w.org\/{rel}","templated":true}]}}