{"id":4526,"date":"2018-12-13T17:21:24","date_gmt":"2018-12-13T17:21:24","guid":{"rendered":"https:\/\/www.greenpeace.org\/italy\/?p=4526"},"modified":"2021-12-01T13:42:30","modified_gmt":"2021-12-01T12:42:30","slug":"abbiamo-camminato-per-il-clima-per-1500-km-ecco-perche","status":"publish","type":"post","link":"https:\/\/www.greenpeace.org\/italy\/storia\/4526\/abbiamo-camminato-per-il-clima-per-1500-km-ecco-perche\/","title":{"rendered":"Abbiamo camminato per il clima per 1500 km. Ecco perch\u00e9"},"content":{"rendered":"<p>Dal 4 ottobre sono in cammino i Climate Pilgrims, un gruppo di pellegrini guidato da Yeb Sa\u00f1o, ex negoziatore sui cambiamenti climatici della Repubblica delle Filippine, per chiedere di agire sui cambiamenti climatici e giustizia per il clima in vista della Conferenza delle Nazioni Unite (COP24).<\/p>\n<p>&nbsp;<\/p>\n<p>Il <strong>Climate Pilgrimage<\/strong> \u00e8 partito dal Vaticano, con la benedizione di Papa Francesco, verso Katowice, in Polonia, dove dal 3 al 14 dicembre si sta svolgendo la COP24. Come gi\u00e0 accaduto tre anni fa per il summit di Parigi, questo pellegrinaggio vuole richiamare l\u2019attenzione dei governi ad impegnarsi a mantenere un aumento della temperatura al di sotto di 1,5 \u00b0C. I destinatari del messaggio non sono solo i vertici della politica, bens\u00ec le comunit\u00e0 locali e tutti i territori che vengono attraversati dai pellegrini: da Roma passando per Slovenia, Austria, Slovacchia, Repubblica Ceca e, infine, Polonia. In questo percorso di 1500 km, sono passati pure per Trieste, ed \u00e8 qui che inizia la nostra storia.<\/p>\n<p>Siamo Riccardo ed Ylenia e, come volontari del Gruppo Locale Greenpeace di Trieste, abbiamo accolto a braccia aperte i pellegrini nella loro ultima tappa italiana nei primi giorni di novembre.<\/p>\n<p>Fin da subito c\u2019\u00e8 stata sintonia con loro: persone stimolanti, umili e simpatiche, vogliose di condividere il loro messaggio e le personali esperienze. Non potevamo che rimanerne colpiti e la motivazione a dare un nostro contributo si \u00e8 concretizzata aggiungendoci al Climate Pilgrimage da Vienna. Vogliamo anche noi chiedere a gran voce un impegno immediato in occasione della <strong>COP24<\/strong> perch\u00e8 \u00e8 inaccettabile che i negoziati sul <strong>clima<\/strong> siano iniziati prima della nostra nascita e ancor oggi non si siano presi impegni sufficienti per far fronte a una situazione sempre pi\u00f9 allarmante!<\/p>\n<p><img decoding=\"async\" class=\"alignnone size-full wp-image-4527\" src=\"https:\/\/www.greenpeace.org\/static\/planet4-italy-stateless\/2018\/12\/Border-Austria-Slovacchia-2.jpg\" alt=\"\" width=\"100%\" height=\"640\" srcset=\"https:\/\/www.greenpeace.org\/static\/planet4-italy-stateless\/2018\/12\/Border-Austria-Slovacchia-2.jpg 1136w, https:\/\/www.greenpeace.org\/static\/planet4-italy-stateless\/2018\/12\/Border-Austria-Slovacchia-2-300x169.jpg 300w, https:\/\/www.greenpeace.org\/static\/planet4-italy-stateless\/2018\/12\/Border-Austria-Slovacchia-2-768x433.jpg 768w, https:\/\/www.greenpeace.org\/static\/planet4-italy-stateless\/2018\/12\/Border-Austria-Slovacchia-2-1024x577.jpg 1024w, https:\/\/www.greenpeace.org\/static\/planet4-italy-stateless\/2018\/12\/Border-Austria-Slovacchia-2-510x287.jpg 510w\" sizes=\"(max-width: 1136px) 100vw, 1136px\" \/><\/p>\n<p>Marciare ci sembra la pi\u00f9 adatta azione non violenta: ogni passo \u00e9 simbolo di speranza, pace e solidariet\u00e0 per le popolazioni pi\u00f9 vulnerabili al<strong> cambiamento climatico<\/strong>. Un esempio \u00e8 l\u2019esperienza di Yeb e suo fratello AG che hanno vissuto in prima persona gli effetti del tifone Haiyan del 2013, il pi\u00f9 forte della storia, che ha causato la morte di molti loro cari nelle Filippine. Loro sono stati colpiti in maniera drammatica dai <strong>cambiamenti climatici<\/strong>, ma noi camminiamo tutti insieme in questa famiglia di pellegrini, formata da 20 nazionalit\u00e0 e fedi diverse, per una causa comune e in nome di una giustizia climatica. \u00c8 esemplare il murales che abbiamo dipinto insieme a Trieste, che rappresenta un momento di amicizia e di condivisione del messaggio \u201cLaudato S\u00ec\u201d, l\u2019Enciclica di Papa Francesco sul rispetto dell\u2019<strong>ambiente<\/strong>.<\/p>\n<p><img decoding=\"async\" class=\"alignnone size-full wp-image-4528\" src=\"https:\/\/www.greenpeace.org\/static\/planet4-italy-stateless\/2018\/12\/649e9b13-murales-ts.jpg\" alt=\"\" width=\"100%\" height=\"1192\" srcset=\"https:\/\/www.greenpeace.org\/static\/planet4-italy-stateless\/2018\/12\/649e9b13-murales-ts.jpg 2048w, https:\/\/www.greenpeace.org\/static\/planet4-italy-stateless\/2018\/12\/649e9b13-murales-ts-300x175.jpg 300w, https:\/\/www.greenpeace.org\/static\/planet4-italy-stateless\/2018\/12\/649e9b13-murales-ts-768x447.jpg 768w, https:\/\/www.greenpeace.org\/static\/planet4-italy-stateless\/2018\/12\/649e9b13-murales-ts-1024x596.jpg 1024w, https:\/\/www.greenpeace.org\/static\/planet4-italy-stateless\/2018\/12\/649e9b13-murales-ts-510x297.jpg 510w\" sizes=\"(max-width: 2048px) 100vw, 2048px\" \/><\/p>\n<p>Una persona incontrata in Austria all\u2019inizio del nostro percorso ci ha detto a proposito dell&#8217;urgenza climatica: &#8220;<em>Se agiamo come individui, non ci sar\u00e0 tempo sufficiente; se aspettiamo che i politici agiscano, sar\u00e0 troppo tardi; ma se agiamo collettivamente, siamo ancora in tempo<\/em>&#8220;. E noi ci crediamo, perch\u00e9 vediamo il concretizzarsi di una collaborazione tra persone e comunit\u00e0 per un futuro sostenibile: le associazioni cooperano assieme, come nel caso dell&#8217;accoglienza per i pellegrini a Trieste tra Greenpeace, ACCRI, Legambiente e NoPlanetB, grazie alla quale sono nati progetti congiunti e la volont\u00e0, per esempio, di camminare insieme per la locale Marcia Mondiale per il Clima in occasione della COP24.<\/p>\n<p>Anche le comunit\u00e0 parrocchiali si interessano a promuovere l&#8217;Enciclica dedicandovi una messa o supportando il disinvestimento della Chiesa dai combustibili fossili, come nel caso della pellegrina Jane, coinvolta nel gruppo Laudato S\u00ec in Irlanda.<\/p>\n<p>Persino le aziende hanno un grande ruolo e pure in quest\u2019occasione il <strong>Climate Pilgrimage<\/strong> non \u00e8 passato inosservato: ad esempio, durante il viaggio, ogni pellegrino ha consegnato ad Assicurazioni Generali una cartolina di una calamit\u00e0 naturale legata al cambiamento climatico accaduta nel proprio Paese d\u2019origine e, pochi giorni dopo l\u2019incontro, il colosso assicurativo ha migliorato la sua strategia sul cambiamento climatico distanziandosi dal carbone.<\/p>\n<p><img decoding=\"async\" class=\"alignnone size-full wp-image-4529\" src=\"https:\/\/www.greenpeace.org\/static\/planet4-italy-stateless\/2018\/12\/Italia-Slovenia-border.jpg\" alt=\"\" width=\"100%\" height=\"540\" srcset=\"https:\/\/www.greenpeace.org\/static\/planet4-italy-stateless\/2018\/12\/Italia-Slovenia-border.jpg 720w, https:\/\/www.greenpeace.org\/static\/planet4-italy-stateless\/2018\/12\/Italia-Slovenia-border-300x225.jpg 300w, https:\/\/www.greenpeace.org\/static\/planet4-italy-stateless\/2018\/12\/Italia-Slovenia-border-453x340.jpg 453w\" sizes=\"(max-width: 720px) 100vw, 720px\" \/><\/p>\n<p>Durante la tappa a Vienna, quando il presidente austriaco Alexander Van der Bellen ha scoperto che saremmo passati per la sua citt\u00e0, ha deciso di marciare con noi sotto la neve per poi accoglierci nella sua residenza e offrirci ristoro. Lui, come tutti i genitilissimi anfitrioni che ci accolgono nelle loro comunit\u00e0 locali e che si aggiungono a camminare con noi, rafforzano la nostra motivazione a continuare passo dopo passo nel freddo inverno dell\u2019Europa Centrale questo pellegrinaggio.<\/p>\n<p>Riceviamo l\u2019energia soprattutto dai giovani che incontriamo, una generazione ingiustamente vulnerabile ai futuri <strong>cambiamenti climatici<\/strong> se non agiamo subito. Incontriamo nelle scuole ragazzi di tutte le et\u00e0 e stiamo portando le loro preghiere e le loro proposte scritte su delle bandiere colorate attaccate ai nostri zaini fino a Katowice. Ogni bambino, in questa maniera, pu\u00f2 portare il suo messaggio anche ai piani pi\u00f9 alti e apparentemente lontani dei negoziati e pu\u00f2 credere in un mondo migliore.<\/p>\n<p>\u201c<em>Non possiamo immaginare di superare la crisi ambientale attuale se non siamo pronti a un cambiamento che \u00e8, prima di tutto, spirituale<\/em>.\u201d Con queste parole, durante un incontro con dei cittadini slovacchi, Yeb Sa\u00f1o ha invitato ognuno di noi ad agire concretamente verso un cambiamento.<\/p>\n<p>Anche se a volte ci sentiamo impotenti per combattere una causa grande come quella della<strong> giustizia climatica<\/strong>, possiamo fare molto, anche individualmente: spostarsi usando i mezzi di trasporto pubblici e sostenibili; mangiare alimenti locali e di stagione; votare chi promuove una politica green; scegliere un fornitore energetico, o magari una cooperativa, che utilizza solo fonti rinnovabili; essere un consumatore consapevole, cercando di ridurre gli acquisti e gli imballaggi; riusare e riciclare, evitando ogni forma di spreco.<br \/>\nL\u2019esperienza che stiamo vivendo con il Climate Pilgrimage ci insegna che dovremmo pensare alla nostra vita come a un pellegrinaggio, vivendo consapevolmente su questo Pianeta; e ci dimostra che ogni azione, sia individuale che collettiva, verso il cambiamento, conta, perch\u00e8 ogni nostro passo ha un impronta ben pi\u00f9 grande nel cammino che percorriamo.<\/p>\n<p><img decoding=\"async\" class=\"alignnone size-full wp-image-4530\" src=\"https:\/\/www.greenpeace.org\/static\/planet4-italy-stateless\/2018\/12\/e95f031a-s\u030cas\u030cti\u0301n-bazilika-slovacchia.jpg\" alt=\"\" width=\"100%\" height=\"1536\" srcset=\"https:\/\/www.greenpeace.org\/static\/planet4-italy-stateless\/2018\/12\/e95f031a-s\u030cas\u030cti\u0301n-bazilika-slovacchia.jpg 2048w, https:\/\/www.greenpeace.org\/static\/planet4-italy-stateless\/2018\/12\/e95f031a-s\u030cas\u030cti\u0301n-bazilika-slovacchia-300x225.jpg 300w, https:\/\/www.greenpeace.org\/static\/planet4-italy-stateless\/2018\/12\/e95f031a-s\u030cas\u030cti\u0301n-bazilika-slovacchia-768x576.jpg 768w, https:\/\/www.greenpeace.org\/static\/planet4-italy-stateless\/2018\/12\/e95f031a-s\u030cas\u030cti\u0301n-bazilika-slovacchia-1024x768.jpg 1024w, https:\/\/www.greenpeace.org\/static\/planet4-italy-stateless\/2018\/12\/e95f031a-s\u030cas\u030cti\u0301n-bazilika-slovacchia-1821x1366.jpg 1821w, https:\/\/www.greenpeace.org\/static\/planet4-italy-stateless\/2018\/12\/e95f031a-s\u030cas\u030cti\u0301n-bazilika-slovacchia-453x340.jpg 453w\" sizes=\"(max-width: 2048px) 100vw, 2048px\" \/><\/p>\n<div class=\"EmptyMessage\">Block content is empty. Check the block&#8217;s settings or remove it.<\/div>","protected":false},"excerpt":{"rendered":"<p>Ogni nostro passo ha un\u2019impronta ben pi\u00f9 grande nel cammino che percorriamo<\/p>\n","protected":false},"author":33,"featured_media":4527,"comment_status":"closed","ping_status":"open","sticky":false,"template":"","format":"standard","meta":{"ep_exclude_from_search":false,"p4_og_title":"","p4_og_description":"","p4_og_image":"","p4_og_image_id":"","p4_seo_canonical_url":"","p4_campaign_name":"","p4_local_project":"","p4_basket_name":"","p4_department":"","footnotes":""},"categories":[17,24],"tags":[32,31,29],"p4-page-type":[19],"class_list":["post-4526","post","type-post","status-publish","format-standard","has-post-thumbnail","hentry","category-proteggi","category-scegli","tag-energia","tag-volontariato","tag-clima","p4-page-type-storia"],"_links":{"self":[{"href":"https:\/\/www.greenpeace.org\/italy\/wp-json\/wp\/v2\/posts\/4526","targetHints":{"allow":["GET"]}}],"collection":[{"href":"https:\/\/www.greenpeace.org\/italy\/wp-json\/wp\/v2\/posts"}],"about":[{"href":"https:\/\/www.greenpeace.org\/italy\/wp-json\/wp\/v2\/types\/post"}],"author":[{"embeddable":true,"href":"https:\/\/www.greenpeace.org\/italy\/wp-json\/wp\/v2\/users\/33"}],"replies":[{"embeddable":true,"href":"https:\/\/www.greenpeace.org\/italy\/wp-json\/wp\/v2\/comments?post=4526"}],"version-history":[{"count":2,"href":"https:\/\/www.greenpeace.org\/italy\/wp-json\/wp\/v2\/posts\/4526\/revisions"}],"predecessor-version":[{"id":15035,"href":"https:\/\/www.greenpeace.org\/italy\/wp-json\/wp\/v2\/posts\/4526\/revisions\/15035"}],"wp:featuredmedia":[{"embeddable":true,"href":"https:\/\/www.greenpeace.org\/italy\/wp-json\/wp\/v2\/media\/4527"}],"wp:attachment":[{"href":"https:\/\/www.greenpeace.org\/italy\/wp-json\/wp\/v2\/media?parent=4526"}],"wp:term":[{"taxonomy":"category","embeddable":true,"href":"https:\/\/www.greenpeace.org\/italy\/wp-json\/wp\/v2\/categories?post=4526"},{"taxonomy":"post_tag","embeddable":true,"href":"https:\/\/www.greenpeace.org\/italy\/wp-json\/wp\/v2\/tags?post=4526"},{"taxonomy":"p4-page-type","embeddable":true,"href":"https:\/\/www.greenpeace.org\/italy\/wp-json\/wp\/v2\/p4-page-type?post=4526"}],"curies":[{"name":"wp","href":"https:\/\/api.w.org\/{rel}","templated":true}]}}