{"id":4641,"date":"2019-01-26T16:37:07","date_gmt":"2019-01-26T16:37:07","guid":{"rendered":"https:\/\/www.greenpeace.org\/italy\/?p=4641"},"modified":"2021-12-01T13:42:21","modified_gmt":"2021-12-01T12:42:21","slug":"migranti-greenpeace-rispettare-le-leggi-del-mare-e-degli-uomini","status":"publish","type":"post","link":"https:\/\/www.greenpeace.org\/italy\/comunicato-stampa\/4641\/migranti-greenpeace-rispettare-le-leggi-del-mare-e-degli-uomini\/","title":{"rendered":"Migranti, Greenpeace: \u00abRispettare le leggi del mare e degli uomini\u00bb"},"content":{"rendered":"<p>Greenpeace esprime sconcerto e disgusto per la vicenda che oggi vede 47 persone intrappolate sulla nave Sea Watch appena fuori il porto di Siracusa. La nostra solidariet\u00e0 va a queste ennesime vittime della crudele avventura di chi, per bieco tornaconto elettorale, alimenta odio e paura invece di coltivare e rispettare le tradizioni di accoglienza e solidariet\u00e0 degli uomini di mare, in tutto il mondo e in particolare in Italia.<\/p>\n<p>\u00c8 triste invece verificare che oggi l\u2019Italia sta violando questi principii e una fondamentale legge del mare come la Convenzione di Amburgo sul\u00a0salvataggio marittimo del 1979,\u00a0che obbliga gli Stati firmatari (tra cui l\u2019Italia che ha aderito alla Convenzione con la Legge n.147 del 3 aprile 1989) a \u201c&#8230;garantire che sia prestata assistenza ad ogni persona in pericolo in mare&#8230; senza distinzioni relative alla nazionalita\u0300 o allo status di tale persona o alle circostanze nelle quali tale persona viene trovata\u201d (Capitolo 2.1.10), nonch\u00e9 a \u201c&#8230; fornirle le prime cure mediche o di altro genere ed a trasferirla in un luogo sicuro\u201d (Capitolo 1.3.2).<\/p>\n<p>Greenpeace \u00e8 nata e opera sul mare e sa bene cosa vuol dire trovarsi in difficolt\u00e0 in mezzo alle onde. Quello che invece non riusciamo facilmente a immaginare \u00e8 la paura, il terrore di chi deve fuggire dal suo mondo, dalla sua casa, per poter sperare in un futuro appena decente affrontando prove agghiaccianti.<\/p>\n<p>La fuga dei migranti che rischiano la vita per attraversare un deserto prima e il Mediterraneo dopo impone una riflessione alle nostre coscienze. Sappiamo infatti che gli interessi dei Paesi ricchi del \u201cNord\u201d sono dietro i conflitti e i disastri ambientali che sono spesso la causa \u2013 diretta o indiretta \u2013 di flussi migratori che fatalmente aumenteranno se noi &#8211; che possiamo &#8211; non interverremo.<\/p>\n<p>Aiutare queste persone \u00e8 nel nostro interesse. Costruire muri, e criminalizzare chi generosamente interviene per prestare soccorso ai migranti, ci condanna a un futuro di conflitti insostenibili. Anche per questo, Greenpeace Italia ha deciso di sostenere l\u2019appello per il Premio Nobel a Riace: un esempio di integrazione e accoglienza.<\/p>\n<p>&nbsp;<\/p>\n<div class=\"EmptyMessage\">Block content is empty. Check the block&#8217;s settings or remove it.<\/div>","protected":false},"excerpt":{"rendered":"<p>Greenpeace esprime sconcerto e disgusto per la vicenda che oggi vede 47 persone intrappolate sulla nave Sea Watch appena fuori il porto di Siracusa<\/p>\n","protected":false},"author":33,"featured_media":2902,"comment_status":"closed","ping_status":"open","sticky":false,"template":"","format":"standard","meta":{"ep_exclude_from_search":false,"p4_og_title":"","p4_og_description":"","p4_og_image":"","p4_og_image_id":"","p4_seo_canonical_url":"","p4_campaign_name":"","p4_local_project":"","p4_basket_name":"","p4_department":"","footnotes":""},"categories":[24],"tags":[31],"p4-page-type":[23],"class_list":["post-4641","post","type-post","status-publish","format-standard","has-post-thumbnail","hentry","category-scegli","tag-volontariato","p4-page-type-comunicato-stampa"],"_links":{"self":[{"href":"https:\/\/www.greenpeace.org\/italy\/wp-json\/wp\/v2\/posts\/4641","targetHints":{"allow":["GET"]}}],"collection":[{"href":"https:\/\/www.greenpeace.org\/italy\/wp-json\/wp\/v2\/posts"}],"about":[{"href":"https:\/\/www.greenpeace.org\/italy\/wp-json\/wp\/v2\/types\/post"}],"author":[{"embeddable":true,"href":"https:\/\/www.greenpeace.org\/italy\/wp-json\/wp\/v2\/users\/33"}],"replies":[{"embeddable":true,"href":"https:\/\/www.greenpeace.org\/italy\/wp-json\/wp\/v2\/comments?post=4641"}],"version-history":[{"count":2,"href":"https:\/\/www.greenpeace.org\/italy\/wp-json\/wp\/v2\/posts\/4641\/revisions"}],"predecessor-version":[{"id":15019,"href":"https:\/\/www.greenpeace.org\/italy\/wp-json\/wp\/v2\/posts\/4641\/revisions\/15019"}],"wp:featuredmedia":[{"embeddable":true,"href":"https:\/\/www.greenpeace.org\/italy\/wp-json\/wp\/v2\/media\/2902"}],"wp:attachment":[{"href":"https:\/\/www.greenpeace.org\/italy\/wp-json\/wp\/v2\/media?parent=4641"}],"wp:term":[{"taxonomy":"category","embeddable":true,"href":"https:\/\/www.greenpeace.org\/italy\/wp-json\/wp\/v2\/categories?post=4641"},{"taxonomy":"post_tag","embeddable":true,"href":"https:\/\/www.greenpeace.org\/italy\/wp-json\/wp\/v2\/tags?post=4641"},{"taxonomy":"p4-page-type","embeddable":true,"href":"https:\/\/www.greenpeace.org\/italy\/wp-json\/wp\/v2\/p4-page-type?post=4641"}],"curies":[{"name":"wp","href":"https:\/\/api.w.org\/{rel}","templated":true}]}}