{"id":4769,"date":"2019-02-22T09:50:42","date_gmt":"2019-02-22T08:50:42","guid":{"rendered":"https:\/\/www.greenpeace.org\/italy\/?p=4769"},"modified":"2021-12-01T13:42:11","modified_gmt":"2021-12-01T12:42:11","slug":"fridaysforfuture-ecco-chi-sono-gli-studenti-per-il-clima","status":"publish","type":"post","link":"https:\/\/www.greenpeace.org\/italy\/storia\/4769\/fridaysforfuture-ecco-chi-sono-gli-studenti-per-il-clima\/","title":{"rendered":"#FridaysForFuture: ecco chi sono gli studenti per il clima"},"content":{"rendered":"<p>Sono persone di ogni et\u00e0, per la maggior parte studenti, di ogni provenienza, ordine e grado. In comune hanno una preoccupazione legittima e motivata: i loro governi non stanno facendo abbastanza per salvare questa terra dalle minacce del <strong>riscaldamento globale<\/strong>.<\/p>\n<p>La prima a lanciare l\u2019appello \u00e8 stata <strong>Greta Thunberg<\/strong>, 16 anni, studentessa svedese, che da agosto 2018 &#8211; ogni venerd\u00ec- manifesta davanti al Parlamento svedese con lo slogan <strong>Skolstrejk f\u00f6r klimatet<\/strong> (<strong>Sciopero della scuola per il clima<\/strong>).<\/p>\n<p>Il volto e la storia di Greta hanno fatto il giro del mondo, ma quel che \u00e8 importante \u00e8 che la sua determinazione \u00e8 stata efficace: tantissimi studenti hanno solidarizzato con la sua causa e hanno cominciato a scioperare in un effetto domino spontaneo, appassionato, diffuso. Anche in Italia ormai o<strong>gni Venerd\u00ec si manifesta per il clima.<\/strong><\/p>\n<h3>Ma chi sono questi \u201c<strong>scioperanti del clima<\/strong>\u201d e come si fa a sapere dove sono?<\/h3>\n<p>Qui c\u2019\u00e8 la loro <a href=\"https:\/\/www.facebook.com\/fridaysforfutureitaly\">pagina Facebook<\/a> e il loro <a href=\"https:\/\/www.fridaysforfuture.it\/\">sito<\/a> e una mappa facilmente consultabile.<\/p>\n<p><iframe loading=\"lazy\" src=\"https:\/\/www.google.com\/maps\/d\/embed?mid=1xsUCSYLnm8d6iFJ2Mt7_kAlv9xULqRQf\" width=\"640\" height=\"480\"><\/iframe><\/p>\n<p>Questi studenti, che ogni venerd\u00ec popolano le strade di Forl\u00ec, Como, Pisa, Livorno, Trieste, Napoli, Brindisi, Messina, e tante altre citt\u00e0, parlano di fatti concreti: se pensiamo che sia normale che migliaia di ettari di bosco vengano distrutti con venti a 180 km\/h orari in provincia di Belluno, se pensiamo che sia normale che la Basilicata si stia trasformando in un deserto e che le alluvioni in Liguria si possano fermare con dighe sempre pi\u00f9 alte, siamo fuori strada.<\/p>\n<p>Non sono semplici episodi di <strong>maltempo<\/strong>.<\/p>\n<p>Gli studenti come Greta lo stanno dicendo dai loro megafoni e i media di tutto il mondo li stanno rincorrendo.<\/p>\n<p>La loro voce partita \u201cdal basso\u201d, in modo democratico, sincero e cos\u00ec appassionato, va ascoltata.<\/p>\n<p>Tutti possiamo aderire e scioperare con loro in solidariet\u00e0. Fatelo anche voi!<\/p>\n<p><img decoding=\"async\" class=\"alignnone size-full wp-image-4770\" src=\"https:\/\/www.greenpeace.org\/static\/planet4-italy-stateless\/2019\/02\/1515afb7-50835162_563245960806852_7322280157136289792_o.jpg\" alt=\"\" width=\"100%\" height=\"768\" srcset=\"https:\/\/www.greenpeace.org\/static\/planet4-italy-stateless\/2019\/02\/1515afb7-50835162_563245960806852_7322280157136289792_o.jpg 1024w, https:\/\/www.greenpeace.org\/static\/planet4-italy-stateless\/2019\/02\/1515afb7-50835162_563245960806852_7322280157136289792_o-300x225.jpg 300w, https:\/\/www.greenpeace.org\/static\/planet4-italy-stateless\/2019\/02\/1515afb7-50835162_563245960806852_7322280157136289792_o-768x576.jpg 768w, https:\/\/www.greenpeace.org\/static\/planet4-italy-stateless\/2019\/02\/1515afb7-50835162_563245960806852_7322280157136289792_o-453x340.jpg 453w\" sizes=\"(max-width: 1024px) 100vw, 1024px\" \/><\/p>\n<div class=\"EmptyMessage\">Block content is empty. Check the block&#8217;s settings or remove it.<\/div>","protected":false},"excerpt":{"rendered":"<p>Ogni venerd\u00ec scioperano perch\u00e9 nessuno difende il Pianeta dai cambiamenti climatici<\/p>\n","protected":false},"author":33,"featured_media":4770,"comment_status":"closed","ping_status":"open","sticky":false,"template":"","format":"standard","meta":{"ep_exclude_from_search":false,"p4_og_title":"","p4_og_description":"","p4_og_image":"","p4_og_image_id":"","p4_seo_canonical_url":"","p4_campaign_name":"","p4_local_project":"","p4_basket_name":"","p4_department":"","footnotes":""},"categories":[17,24],"tags":[31,29],"p4-page-type":[19],"class_list":["post-4769","post","type-post","status-publish","format-standard","has-post-thumbnail","hentry","category-proteggi","category-scegli","tag-volontariato","tag-clima","p4-page-type-storia"],"_links":{"self":[{"href":"https:\/\/www.greenpeace.org\/italy\/wp-json\/wp\/v2\/posts\/4769","targetHints":{"allow":["GET"]}}],"collection":[{"href":"https:\/\/www.greenpeace.org\/italy\/wp-json\/wp\/v2\/posts"}],"about":[{"href":"https:\/\/www.greenpeace.org\/italy\/wp-json\/wp\/v2\/types\/post"}],"author":[{"embeddable":true,"href":"https:\/\/www.greenpeace.org\/italy\/wp-json\/wp\/v2\/users\/33"}],"replies":[{"embeddable":true,"href":"https:\/\/www.greenpeace.org\/italy\/wp-json\/wp\/v2\/comments?post=4769"}],"version-history":[{"count":4,"href":"https:\/\/www.greenpeace.org\/italy\/wp-json\/wp\/v2\/posts\/4769\/revisions"}],"predecessor-version":[{"id":15002,"href":"https:\/\/www.greenpeace.org\/italy\/wp-json\/wp\/v2\/posts\/4769\/revisions\/15002"}],"wp:featuredmedia":[{"embeddable":true,"href":"https:\/\/www.greenpeace.org\/italy\/wp-json\/wp\/v2\/media\/4770"}],"wp:attachment":[{"href":"https:\/\/www.greenpeace.org\/italy\/wp-json\/wp\/v2\/media?parent=4769"}],"wp:term":[{"taxonomy":"category","embeddable":true,"href":"https:\/\/www.greenpeace.org\/italy\/wp-json\/wp\/v2\/categories?post=4769"},{"taxonomy":"post_tag","embeddable":true,"href":"https:\/\/www.greenpeace.org\/italy\/wp-json\/wp\/v2\/tags?post=4769"},{"taxonomy":"p4-page-type","embeddable":true,"href":"https:\/\/www.greenpeace.org\/italy\/wp-json\/wp\/v2\/p4-page-type?post=4769"}],"curies":[{"name":"wp","href":"https:\/\/api.w.org\/{rel}","templated":true}]}}