{"id":4903,"date":"2019-03-14T10:55:52","date_gmt":"2019-03-14T09:55:52","guid":{"rendered":"https:\/\/www.greenpeace.org\/italy\/?p=4903"},"modified":"2024-02-23T09:58:33","modified_gmt":"2024-02-23T08:58:33","slug":"cambiamenti-climatici-governo-bocciato","status":"publish","type":"post","link":"https:\/\/www.greenpeace.org\/italy\/storia\/4903\/cambiamenti-climatici-governo-bocciato\/","title":{"rendered":"Cambiamenti climatici: Governo bocciato!"},"content":{"rendered":"<p><img decoding=\"async\" class=\"size-full wp-image-4904\" src=\"https:\/\/www.greenpeace.org\/static\/planet4-italy-stateless\/2019\/03\/7b722399-09_dji_0002.jpg\" alt=\"\" width=\"100%\" height=\"538\" srcset=\"https:\/\/www.greenpeace.org\/static\/planet4-italy-stateless\/2019\/03\/7b722399-09_dji_0002.jpg 807w, https:\/\/www.greenpeace.org\/static\/planet4-italy-stateless\/2019\/03\/7b722399-09_dji_0002-300x200.jpg 300w, https:\/\/www.greenpeace.org\/static\/planet4-italy-stateless\/2019\/03\/7b722399-09_dji_0002-768x512.jpg 768w, https:\/\/www.greenpeace.org\/static\/planet4-italy-stateless\/2019\/03\/7b722399-09_dji_0002-510x340.jpg 510w\" sizes=\"(max-width: 807px) 100vw, 807px\" \/><\/p>\n<p>Vi ricordate quando lo scorso ottobre milioni di alberi vennero distrutti dalla furia del vento in provincia di Belluno? \u00c8 proprio da l\u00ec che abbiamo lanciato in queste ore un messaggio al Governo, che non sta facendo abbastanza per difendere i cittadini dai <strong>cambiamenti climatici<\/strong>.<\/p>\n<p>I nostri attivisti hanno composto la gigantesca scritta \u201c<strong><em>Cambiamenti climatici: governo bocciato<\/em><\/strong>\u201d ed aperto uno striscione \u201c<em>Governo del cambiamento climatico<\/em>\u201d raffigurante i volti di Conte, Salvini e Di Maio.<\/p>\n<p>La nostra protesta ha un obiettivo ben preciso: rendere pi\u00f9 ambiziosa l\u2019attuale bozza di <em>Piano Nazionale Integrato Energia e Clima<\/em> (<em>PNIEC<\/em>), recentemente presentato dal Governo, che in buona sostanza replica le insufficienti strategie dei precedenti esecutivi, puntando tutto sul <strong>gas<\/strong> e ignorando lo sviluppo delle <strong>rinnovabili<\/strong>. Un documento in cui non sono nemmeno menzionati gli obiettivi di completa de-carbonizzazione dell\u2019Italia entro il 2050.<\/p>\n<p>Insomma, nonostante gli annunci, il <strong>governo Conte<\/strong> ha presentato un piano in sostanziale continuit\u00e0 con la Strategia Energetica Nazionale presentata dal governo Gentiloni e redatta da Calenda!<\/p>\n<p>Il gas resta il centro del modello energetico nazionale, a scapito delle rinnovabili, del territorio e soprattutto della salute dei cittadini, che sempre pi\u00f9 subiscono le conseguenze dei cambiamenti climatici.<\/p>\n<p>Ma \u00e8 deludente che proprio il Movimento 5 Stelle, che a suo tempo aveva apostrofato la Strategia Energetica del governo Gentiloni come vecchia e inadeguata, ora presenti un piano sostanzialmente identico in moltissimi suoi punti.<\/p>\n<p>E non \u00e8 altrettanto folle il progetto di voler trasformare l\u2019Italia in un hub del gas?<\/p>\n<p>\u00c8 vero che il <strong>Piano Energia e Clima del Governo<\/strong> non \u00e8 ancora nella sua forma definitiva, ma \u00e8 proprio per questo che stiamo chiedendo ADESSO una correzione di rotta: vogliamo che il nostro Paese sia dotato di un progetto ambizioso e sostenibile e faccia la sua parte per contrastare i cambiamenti climatici con misure concrete.<\/p>\n<p>Qualcuno dovr\u00e0 pur ricordare a Palazzo Chigi che l\u2019obiettivo attuale di riduzione delle emissioni di CO2 \u00e8 insufficiente e si riveler\u00e0 presto inferiore anche a quello europeo, dal momento che il Parlamento Ue ha votato per innalzare l\u2019obiettivo comunitario!<\/p>\n<p>\u00c8 la scienza a dirci che dobbiamo attivarci se vogliamo che questo Pianeta resti cos\u00ec come lo conosciamo oggi: dobbiamo arrivare a emissioni nette zero massimo entro il 2050, e abbiamo la tecnologia per farlo. Quello che manca \u00e8 la volont\u00e0 politica, come testimonia purtroppo anche il piano presentato da questo governo che rallenta di fatto la crescita delle rinnovabili elettriche, confermando la linea imposta dai governi Monti, Letta, Renzi e Gentiloni che ha gi\u00e0 portato alla perdita di decine di migliaia di posti di lavoro nel settore.<\/p>\n<p>Proprio domani &#8211; in Italia e in tutto il mondo &#8211; <a href=\"https:\/\/www.google.com\/maps\/d\/viewer?mid=1mR8VJ1-YUmUG5wP_FDmM4FRbQ_4cQ2AQ&amp;ll=41.95372905611205%2C12.92736775000003&amp;z=6&amp;fbclid=IwAR1bEiq_6Nut2TI1lR-xoL5apGfVF620DGX-SgQOa5xOAG_PI2f6hVKZrZg\">ci saranno <strong>scioperi per il clima<\/strong><\/a>. Il tema \u00e8 ormai al centro delle proteste degli studenti e dell\u2019opinione pubblica e chi \u00e8 chiamato a decidere non pu\u00f2 pi\u00f9 tirarsi indietro: i cambiamenti climatici non aspettano e le loro conseguenze le subiamo tutti!<\/p>\n<p><img decoding=\"async\" class=\"size-full wp-image-4905\" src=\"https:\/\/www.greenpeace.org\/static\/planet4-italy-stateless\/2019\/03\/374e0370-14_qk0a9321.jpg\" alt=\"\" width=\"100%\" height=\"922\" srcset=\"https:\/\/www.greenpeace.org\/static\/planet4-italy-stateless\/2019\/03\/374e0370-14_qk0a9321.jpg 1382w, https:\/\/www.greenpeace.org\/static\/planet4-italy-stateless\/2019\/03\/374e0370-14_qk0a9321-300x200.jpg 300w, https:\/\/www.greenpeace.org\/static\/planet4-italy-stateless\/2019\/03\/374e0370-14_qk0a9321-768x512.jpg 768w, https:\/\/www.greenpeace.org\/static\/planet4-italy-stateless\/2019\/03\/374e0370-14_qk0a9321-1024x683.jpg 1024w, https:\/\/www.greenpeace.org\/static\/planet4-italy-stateless\/2019\/03\/374e0370-14_qk0a9321-510x340.jpg 510w\" sizes=\"(max-width: 1382px) 100vw, 1382px\" \/><\/p>\n<div class=\"EmptyMessage\">Block content is empty. Check the block&#8217;s settings or remove it.<\/div>","protected":false},"excerpt":{"rendered":"<p>Il nostro messaggio all\u2019Esecutivo dai boschi devastati del Veneto<\/p>\n","protected":false},"author":33,"featured_media":4904,"comment_status":"closed","ping_status":"open","sticky":false,"template":"","format":"standard","meta":{"ep_exclude_from_search":false,"p4_og_title":"","p4_og_description":"","p4_og_image":"","p4_og_image_id":"","p4_seo_canonical_url":"","p4_campaign_name":"","p4_local_project":"","p4_basket_name":"","p4_department":"","footnotes":""},"categories":[20,17,24],"tags":[29,33,32],"p4-page-type":[19],"class_list":["post-4903","post","type-post","status-publish","format-standard","has-post-thumbnail","hentry","category-denuncia","category-proteggi","category-scegli","tag-clima","tag-azioni","tag-energia","p4-page-type-storia"],"_links":{"self":[{"href":"https:\/\/www.greenpeace.org\/italy\/wp-json\/wp\/v2\/posts\/4903","targetHints":{"allow":["GET"]}}],"collection":[{"href":"https:\/\/www.greenpeace.org\/italy\/wp-json\/wp\/v2\/posts"}],"about":[{"href":"https:\/\/www.greenpeace.org\/italy\/wp-json\/wp\/v2\/types\/post"}],"author":[{"embeddable":true,"href":"https:\/\/www.greenpeace.org\/italy\/wp-json\/wp\/v2\/users\/33"}],"replies":[{"embeddable":true,"href":"https:\/\/www.greenpeace.org\/italy\/wp-json\/wp\/v2\/comments?post=4903"}],"version-history":[{"count":3,"href":"https:\/\/www.greenpeace.org\/italy\/wp-json\/wp\/v2\/posts\/4903\/revisions"}],"predecessor-version":[{"id":14984,"href":"https:\/\/www.greenpeace.org\/italy\/wp-json\/wp\/v2\/posts\/4903\/revisions\/14984"}],"wp:featuredmedia":[{"embeddable":true,"href":"https:\/\/www.greenpeace.org\/italy\/wp-json\/wp\/v2\/media\/4904"}],"wp:attachment":[{"href":"https:\/\/www.greenpeace.org\/italy\/wp-json\/wp\/v2\/media?parent=4903"}],"wp:term":[{"taxonomy":"category","embeddable":true,"href":"https:\/\/www.greenpeace.org\/italy\/wp-json\/wp\/v2\/categories?post=4903"},{"taxonomy":"post_tag","embeddable":true,"href":"https:\/\/www.greenpeace.org\/italy\/wp-json\/wp\/v2\/tags?post=4903"},{"taxonomy":"p4-page-type","embeddable":true,"href":"https:\/\/www.greenpeace.org\/italy\/wp-json\/wp\/v2\/p4-page-type?post=4903"}],"curies":[{"name":"wp","href":"https:\/\/api.w.org\/{rel}","templated":true}]}}