{"id":5209,"date":"2019-04-16T11:29:48","date_gmt":"2019-04-16T09:29:48","guid":{"rendered":"https:\/\/www.greenpeace.org\/italy\/?p=5209"},"modified":"2021-12-01T13:41:36","modified_gmt":"2021-12-01T12:41:36","slug":"attivisti-di-greenpeace-con-un-mostro-di-plastica-davanti-alla-fabbrica-di-nestle","status":"publish","type":"post","link":"https:\/\/www.greenpeace.org\/italy\/comunicato-stampa\/5209\/attivisti-di-greenpeace-con-un-mostro-di-plastica-davanti-alla-fabbrica-di-nestle\/","title":{"rendered":"Attivisti di Greenpeace con un mostro di plastica davanti alla fabbrica di Nestl\u00e9"},"content":{"rendered":"<p><img decoding=\"async\" class=\"alignnone size-full wp-image-5212\" src=\"https:\/\/www.greenpeace.org\/static\/planet4-italy-stateless\/2019\/04\/294b8ac2-020_gp_sanpellegrino_mg_8865.jpg\" alt=\"\" width=\"100%\" height=\"533\" srcset=\"https:\/\/www.greenpeace.org\/static\/planet4-italy-stateless\/2019\/04\/294b8ac2-020_gp_sanpellegrino_mg_8865.jpg 800w, https:\/\/www.greenpeace.org\/static\/planet4-italy-stateless\/2019\/04\/294b8ac2-020_gp_sanpellegrino_mg_8865-300x200.jpg 300w, https:\/\/www.greenpeace.org\/static\/planet4-italy-stateless\/2019\/04\/294b8ac2-020_gp_sanpellegrino_mg_8865-768x512.jpg 768w, https:\/\/www.greenpeace.org\/static\/planet4-italy-stateless\/2019\/04\/294b8ac2-020_gp_sanpellegrino_mg_8865-510x340.jpg 510w\" sizes=\"(max-width: 800px) 100vw, 800px\" \/><\/p>\n<p style=\"font-weight: 400;\">Questa mattina gli attivisti di Greenpeace si sono incatenati davanti all\u2019ingresso della fabbrica di imbottigliamento di Nestl\u00e9\/San Pellegrino in localit\u00e0 Ruspino (Bergamo). Mentre un gruppo si disponeva all\u2019ingresso con bidoni etichettati con il famoso brand di acqua in bottiglia, un altro, appendendosi a due silos della fabbrica, apriva due grandi striscioni: uno con scritto \u201cNestl\u00e9, Basta Plastica Usa e Getta\u201d e l\u2019altro raffigurante il \u201cPlastic Monster\u201d, il mostro simbolico del danno inestimabile che la produzione indiscriminata di plastica produce al Pianeta.<\/p>\n<p style=\"font-weight: 400;\">L\u2019iniziativa si inquadra nella giornata globale di azioni condotte da Greenpeace, e dalle altre organizzazioni della coalizione Break Free From Plastic, presso il quartiere generale della multinazionale a Vevey, in Svizzera, e presso gli uffici e siti produttivi di Nestl\u00e9 in Slovenia, Kenya, Germania e Filippine.<\/p>\n<p style=\"font-weight: 400;\">\u00abMentre i mari soffocano, Nestl\u00e9 continua a fare enormi profitti inondando il mercato globale con enormi quantitativi di plastica usa e getta.\u00a0Lo scorso anno la multinazionale sosteneva di prendere sul serio il problema e, invece, ha prodotto 1,7 milioni di tonnellate di plastica, il 13 per cento in pi\u00f9 rispetto al 2017. Di fronte a questi dati non possiamo fidarci delle promesse di Nestl\u00e9 che, da irresponsabile, produce ogni anno sempre pi\u00f9 imballaggi e contenitori in plastica usati per pochi secondi ma che inquinano il Pianeta per secoli\u00bb,\u00a0dichiara Giuseppe Ungherese, responsabile Campagna Inquinamento di Greenpeace Italia.<\/p>\n<p><img decoding=\"async\" class=\"alignnone size-full wp-image-5213\" src=\"https:\/\/www.greenpeace.org\/static\/planet4-italy-stateless\/2019\/04\/67669846-016_gp_sanpellegrino_mg_8833.jpg\" alt=\"\" width=\"100%\" height=\"533\" srcset=\"https:\/\/www.greenpeace.org\/static\/planet4-italy-stateless\/2019\/04\/67669846-016_gp_sanpellegrino_mg_8833.jpg 800w, https:\/\/www.greenpeace.org\/static\/planet4-italy-stateless\/2019\/04\/67669846-016_gp_sanpellegrino_mg_8833-300x200.jpg 300w, https:\/\/www.greenpeace.org\/static\/planet4-italy-stateless\/2019\/04\/67669846-016_gp_sanpellegrino_mg_8833-768x512.jpg 768w, https:\/\/www.greenpeace.org\/static\/planet4-italy-stateless\/2019\/04\/67669846-016_gp_sanpellegrino_mg_8833-510x340.jpg 510w\" sizes=\"(max-width: 800px) 100vw, 800px\" \/><\/p>\n<p style=\"font-weight: 400;\">\u00abLe persone in tutto il mondo si stanno attivando insieme a Greenpeace per chiedere a Nestl\u00e9 di ridurre immediatamente la sua produzione di imballaggi in plastica monouso, investendo in sistemi di consegna alternativi basati sullo sfuso e sul riutilizzo\u00bb, conclude.<\/p>\n<p style=\"font-weight: 400;\">Lo scorso anno le operazioni di pulizia e catalogazione dei rifiuti lungo i litorali, condotte in 42 nazioni di 6 continenti, hanno identificato Nestl\u00e9 come uno dei tre marchi pi\u00f9 inquinanti a causa dei suoi imballaggi di plastica. Risultati analoghi sono stati riscontrati da Greenpeace Italia con Plastic Radar, che ha raccolto le segnalazioni fotografiche dei cittadini sulla presenza dei rifiuti sulle spiagge della nostra penisola. Anche in questo caso Nestl\u00e9 \u00e8 risultata tra le aziende pi\u00f9 segnalate con i marchi Acqua Vera, Levissima, Motta e San Pellegrino.<\/p>\n<p style=\"font-weight: 400;\">Greenpeace nei mesi scorsi ha lanciato una\u00a0<a href=\"https:\/\/attivati.greenpeace.it\/petizioni\/no-plastica-aziende\/\" data-saferedirecturl=\"https:\/\/www.google.com\/url?q=https:\/\/attivati.greenpeace.it\/petizioni\/no-plastica-aziende\/&amp;source=gmail&amp;ust=1555492812406000&amp;usg=AFQjCNEUw0JVg1hUba4qMIQ_aGXkNteWMA\">petizione<\/a>, sottoscritta da pi\u00f9 di tre milioni di persone in tutto il mondo, con cui chiede ai grandi marchi come Nestl\u00e8\u00a0di pubblicare dati chiari su quanta plastica immettono sul mercato ogni anno e di proporre piani d&#8217;azione concreti, con scadenze e obiettivi ambiziosi, per ridurre\u00a0la produzione di plastica e investire in sistemi di consegna alternativi.<\/p>\n<p><img decoding=\"async\" class=\"alignnone size-full wp-image-5214\" src=\"https:\/\/www.greenpeace.org\/static\/planet4-italy-stateless\/2019\/04\/1bee5214-006_gp_sanpellegrino_mg_8796.jpg\" alt=\"\" width=\"100%\" height=\"533\" srcset=\"https:\/\/www.greenpeace.org\/static\/planet4-italy-stateless\/2019\/04\/1bee5214-006_gp_sanpellegrino_mg_8796.jpg 800w, https:\/\/www.greenpeace.org\/static\/planet4-italy-stateless\/2019\/04\/1bee5214-006_gp_sanpellegrino_mg_8796-300x200.jpg 300w, https:\/\/www.greenpeace.org\/static\/planet4-italy-stateless\/2019\/04\/1bee5214-006_gp_sanpellegrino_mg_8796-768x512.jpg 768w, https:\/\/www.greenpeace.org\/static\/planet4-italy-stateless\/2019\/04\/1bee5214-006_gp_sanpellegrino_mg_8796-510x340.jpg 510w\" sizes=\"(max-width: 800px) 100vw, 800px\" \/><\/p>\n\t\t\t<section\n\t\t\tclass=\"boxout post-2625 \"\n\t\t\t\n\t\t>\n\t\t\t<a\n\t\t\t\tdata-ga-category=\"Take Action Boxout\"\n\t\t\t\tdata-ga-action=\"Image\"\n\t\t\t\tdata-ga-label=\"n\/a\"\n\t\t\t\tclass=\"cover-card-overlay\"\n\t\t\t\thref=\"https:\/\/www.greenpeace.org\/italy\/attivati\/piu-mare-meno-plastica\/\" \n\t\t\t><\/a>\n\t\t\t\t\t\t\t<img\n\t\t\t\t\t\tsrc=\"https:\/\/www.greenpeace.org\/static\/planet4-italy-stateless\/2018\/11\/460ec95d-gp0strf5f_medium_res-1024x683.jpg\"\n\t\t\t\t\t\tsrcset=\"https:\/\/www.greenpeace.org\/static\/planet4-italy-stateless\/2018\/11\/460ec95d-gp0strf5f_medium_res-300x200.jpg 300w, https:\/\/www.greenpeace.org\/static\/planet4-italy-stateless\/2018\/11\/460ec95d-gp0strf5f_medium_res-768x512.jpg 768w, https:\/\/www.greenpeace.org\/static\/planet4-italy-stateless\/2018\/11\/460ec95d-gp0strf5f_medium_res-1024x683.jpg 1024w, https:\/\/www.greenpeace.org\/static\/planet4-italy-stateless\/2018\/11\/460ec95d-gp0strf5f_medium_res-510x340.jpg 510w, https:\/\/www.greenpeace.org\/static\/planet4-italy-stateless\/2018\/11\/460ec95d-gp0strf5f_medium_res.jpg 1200w\"\n\t\t\t\t\t\tsizes=\"(min-width: 1000px) 358px, (min-width: 780px) 313px, 88px\"\n\t\t\t\t\t\talt=\"\" title=\"\"\n\t\t\t\t\/>\n            \t\t\t<div class=\"boxout-content\">\n\t\t\t\t\t\t\t\t\t<a\n\t\t\t\t\t\tclass=\"boxout-heading medium\"\n\t\t\t\t\t\tdata-ga-category=\"Take Action Boxout\"\n\t\t\t\t\t\tdata-ga-action=\"Title\"\n\t\t\t\t\t\tdata-ga-label=\"n\/a\"\n\t\t\t\t\t\thref=\"https:\/\/www.greenpeace.org\/italy\/attivati\/piu-mare-meno-plastica\/\"\n\t\t\t\t\t\t\n\t\t\t\t\t>\n\t\t\t\t\t\tPi\u00f9 mare, meno plastica!\n\t\t\t\t\t<\/a>\n\t\t\t\t\t\t\t\t\t\t\t\t\t<p class=\"boxout-excerpt\">Il mare non \u00e8 una discarica: chiedi alle aziende di abbandonare l\u2019usa e getta.<\/p>\n\t\t\t\t                                    <a\n                        class=\"btn btn-primary\"\n                        data-ga-category=\"Take Action Boxout\"\n                        data-ga-action=\"Call to Action\"\n                        data-ga-label=\"n\/a\"\n                        href=\"https:\/\/www.greenpeace.org\/italy\/attivati\/piu-mare-meno-plastica\/\"\n                        \n                    >\n                        Partecipa\n                    <\/a>\n                \t\t\t<\/div>\n\t\t\t\t\t<\/section>\n\t","protected":false},"excerpt":{"rendered":"<p>In azione davanti alla fabbrica di imbottigliamento di Nestl\u00e9\/San Pellegrino vicino Bergamo contro la produzione di plastica usa e getta.<\/p>\n","protected":false},"author":33,"featured_media":5212,"comment_status":"closed","ping_status":"open","sticky":false,"template":"","format":"standard","meta":{"ep_exclude_from_search":false,"p4_og_title":"","p4_og_description":"","p4_og_image":"","p4_og_image_id":"","p4_seo_canonical_url":"","p4_campaign_name":"","p4_local_project":"","p4_basket_name":"","p4_department":"","footnotes":""},"categories":[20,17],"tags":[21,25,33],"p4-page-type":[23],"class_list":["post-5209","post","type-post","status-publish","format-standard","has-post-thumbnail","hentry","category-denuncia","category-proteggi","tag-inquinamento","tag-consumi","tag-azioni","p4-page-type-comunicato-stampa"],"_links":{"self":[{"href":"https:\/\/www.greenpeace.org\/italy\/wp-json\/wp\/v2\/posts\/5209","targetHints":{"allow":["GET"]}}],"collection":[{"href":"https:\/\/www.greenpeace.org\/italy\/wp-json\/wp\/v2\/posts"}],"about":[{"href":"https:\/\/www.greenpeace.org\/italy\/wp-json\/wp\/v2\/types\/post"}],"author":[{"embeddable":true,"href":"https:\/\/www.greenpeace.org\/italy\/wp-json\/wp\/v2\/users\/33"}],"replies":[{"embeddable":true,"href":"https:\/\/www.greenpeace.org\/italy\/wp-json\/wp\/v2\/comments?post=5209"}],"version-history":[{"count":2,"href":"https:\/\/www.greenpeace.org\/italy\/wp-json\/wp\/v2\/posts\/5209\/revisions"}],"predecessor-version":[{"id":14946,"href":"https:\/\/www.greenpeace.org\/italy\/wp-json\/wp\/v2\/posts\/5209\/revisions\/14946"}],"wp:featuredmedia":[{"embeddable":true,"href":"https:\/\/www.greenpeace.org\/italy\/wp-json\/wp\/v2\/media\/5212"}],"wp:attachment":[{"href":"https:\/\/www.greenpeace.org\/italy\/wp-json\/wp\/v2\/media?parent=5209"}],"wp:term":[{"taxonomy":"category","embeddable":true,"href":"https:\/\/www.greenpeace.org\/italy\/wp-json\/wp\/v2\/categories?post=5209"},{"taxonomy":"post_tag","embeddable":true,"href":"https:\/\/www.greenpeace.org\/italy\/wp-json\/wp\/v2\/tags?post=5209"},{"taxonomy":"p4-page-type","embeddable":true,"href":"https:\/\/www.greenpeace.org\/italy\/wp-json\/wp\/v2\/p4-page-type?post=5209"}],"curies":[{"name":"wp","href":"https:\/\/api.w.org\/{rel}","templated":true}]}}