{"id":5241,"date":"2019-04-23T11:10:05","date_gmt":"2019-04-23T09:10:05","guid":{"rendered":"https:\/\/www.greenpeace.org\/italy\/?p=5241"},"modified":"2021-12-01T13:41:32","modified_gmt":"2021-12-01T12:41:32","slug":"altro-che-riciclo-ecco-dove-vanno-a-finire-i-nostri-rifiuti-di-plastica","status":"publish","type":"post","link":"https:\/\/www.greenpeace.org\/italy\/storia\/5241\/altro-che-riciclo-ecco-dove-vanno-a-finire-i-nostri-rifiuti-di-plastica\/","title":{"rendered":"Altro che riciclo, ecco dove vanno a finire i nostri rifiuti di plastica"},"content":{"rendered":"<p>A un anno dal <strong>blocco cinese sull\u2019importazione dei rifiuti<\/strong>, l\u2019Occidente rischia di trovarsi sommerso da un mare di plastica e, anche in <strong>Italia<\/strong>, iniziano ad accumularsi <strong>rifiuti in plastica<\/strong> che in Oriente non vogliono pi\u00f9 ricevere.<\/p>\n<p><iframe title=\"Dove va a finire la nostra plastica?\" aria-label=\"Bar Chart\"id=\"datawrapper-chart-bupSO\" src=\"\/\/datawrapper.dwcdn.net\/bupSO\/1\/\" scrolling=\"no\"frameborder=\"0\" style=\"width: 0; min-width: 100% !important;\" height=\"571\"><\/iframe><script type=\"text\/javascript\">!function(){\"usestrict\";window.addEventListener(\"message\",function(a){if(void0!==a.data[\"datawrapper-height\"])for(var e in a.data[\"datawrapper-height\"]){vart=document.getElementById(\"datawrapper-chart-\"+e)||document.querySelector(\"iframe[src*='\"+e+\"']\");t&&(t.style.height=a.data[\"datawrapper-height\"][e]+\"px\")}})}();<\/script><\/p>\n<p>Un problema per nulla secondario per il nostro Paese. <a href=\"https:\/\/www.greenpeace.org\/italy\/rapporto\/5246\/le-rotte-globali-e-italiane-dei-rifiuti-in-plastica\/\">Secondo il nostro ultimo report internazionale<\/a>, infatti, l\u2019Italia \u00e8 all\u2019undicesimo posto tra i <strong>principali esportatori di rifiuti plastici al mondo<\/strong>: solo nel 2018, ne abbiamo spediti all\u2019estero 197mila tonnellate, per un giro d\u2019affari di 58,9 milioni di euro. Per avere un\u2019idea chiara del nostro export, si tratta di <strong>un peso pari a 445 Boeing 747 a pieno carico, passeggeri compresi<\/strong>.<\/p>\n<h3><strong>Nuove rotte verso Malesia, Turchia e Vietnam <\/strong><\/h3>\n<p>Un meccanismo che, fino ad una manciata di mesi fa, vedeva come partner privilegiato la Cina, dove finiva <strong>in media il 42%<\/strong> dei nostri rifiuti plastici. Contenitori, pellicole industriali e residui plastici di ogni sorta, dall\u2019Italia erano inviati \u00ab<em>in impianti fatiscenti, spesso inesistenti, e ancor pi\u00f9 spesso privi dei sistemi di sanificazione e di lavaggio<\/em>\u00bb racconta <strong>Claudia Salvestrin<\/strong><strong>i, direttrice di Polieco<\/strong>, consorzio nazionale per il riciclaggio dei rifiuti dei beni a base di polietilene.<br \/>\n<iframe title=\"Le spedizioni di rifiuti plastici fuori dall'Europa\" aria-label=\"Interactive donut chart\"id=\"datawrapper-chart-VwDFH\" src=\"\/\/datawrapper.dwcdn.net\/VwDFH\/2\/\" scrolling=\"no\"frameborder=\"0\" style=\"width: 0; min-width: 100% !important;\" height=\"392\"><\/iframe><script type=\"text\/javascript\">!function(){\"usestrict\";window.addEventListener(\"message\",function(a){if(void0!==a.data[\"datawrapper-height\"])for(var e in a.data[\"datawrapper-height\"]){vart=document.getElementById(\"datawrapper-chart-\"+e)||document.querySelector(\"iframe[src*='\"+e+\"']\");t&&(t.style.height=a.data[\"datawrapper-height\"][e]+\"px\")}})}();<\/script><br \/>\nOra il giocattolo s\u2019\u00e8 rotto. Nel 2018, rispetto al 2016, <strong>la Cina ha ridotto dell\u201983,5% il volume di rifiuti italiani<\/strong> importati, accogliendo di fatto solo 2,8% dei nostri scarti plastici. \u00ab<em>Tuttavia, le aziende avvezze ad esportare continuano a farlo, <strong>hanno solo cambiato indirizzi<\/strong>. Ora le mete sono <strong>Malesia e Vietnam<\/strong><\/em>\u00bb, continua Salvestrini che \u00e8 spesso stata costretta a mettere il naso nell\u2019<strong>esportazione illegale di rifiuti<\/strong>. In Malesia, in effetti, le importazioni nel 2018 sono aumentate del 195,4% rispetto al 2017, segue <strong>Turchia<\/strong> (+191,5% rispetto al 2017), <strong>Vietnam<\/strong> (in leggera decrescita rispetto al 2017 ma aumentato del 153% rispetto al 2016), Yemen, Usa e <strong>Thailandia<\/strong> (+770%).<\/p>\n<h3><strong>DNA: \u00abRischi che la plastica non sia trattata correttamente\u00bb<\/strong><\/h3>\n<p>Stando ai dati di Eurostat, da anni l\u2019Italia invia <strong>fuori dall\u2019Ue un terzo dei suoi rifiuti in plastica<\/strong>, teoricamente per essere riciclati. La normativa a cui fare riferimento \u00e8 <strong>il <\/strong><a href=\"https:\/\/eur-lex.europa.eu\/legal-content\/it\/TXT\/?uri=CELEX:32006R1013\"><strong>Regolamento del Parlamento europeo e del Consiglio del 14 giugno 2006, n.1013<\/strong><\/a>. Il principio \u00e8 semplice: i rifiuti che escono dall\u2019Europa possono essere esportati solo in Paesi in cui saranno trattati secondo norme equivalenti a quelle europee in merito al rispetto dell\u2019ambiente e della salute umana.<\/p>\n<p><iframe title=\"Un terzo della plastica italiana esce dall'Ue\" aria-label=\"Interactive donut chart\"id=\"datawrapper-chart-wtzee\" src=\"\/\/datawrapper.dwcdn.net\/wtzee\/1\/\" scrolling=\"no\"frameborder=\"0\" style=\"width: 0; min-width: 100% !important;\" height=\"452\"><\/iframe><script type=\"text\/javascript\">!function(){\"usestrict\";window.addEventListener(\"message\",function(a){if(void0!==a.data[\"datawrapper-height\"])for(var e in a.data[\"datawrapper-height\"]){vart=document.getElementById(\"datawrapper-chart-\"+e)||document.querySelector(\"iframe[src*='\"+e+\"']\");t&&(t.style.height=a.data[\"datawrapper-height\"][e]+\"px\")}})}();<\/script><\/p>\n<p>Tuttavia, ci sono dei <strong>dubbi sul fatto che questo accada sempre nella maniera pi\u00f9 corretta<\/strong>. Quando gli scarti erano esportati in Cina, per esempio, false certificazioni raccontavano del corretto trattamento dei rifiuti, nonch\u00e9 dei pieni requisiti dei destinatari su territorio cinese. \u00ab<em>Si trattava di un vero e proprio delitto di <strong>attivit\u00e0 organizzata finalizzata al traffico illecito dei rifiuti<\/strong><\/em>\u00bb, precisa Roberto Pennisi, <strong>Sostituto procuratore della Direzione nazionale antimafia<\/strong>. \u00ab<em>E anche nei flussi attuali, potrebbe esserci il rischio che parte del materiale <strong>non sia riciclato seguendo i corretti standard<\/strong><\/em>\u00bb.<\/p>\n<p>Inoltre, guardando al contesto europeo, negli ultimi anni si nota un aumento dell\u2019export verso \u00ab<em><strong>Paesi entrati da poco in Ue<\/strong>, dove i controlli sono meno accurati<\/em>\u00bb, continua\u00a0 <strong>Pennisi. <\/strong>Stando a Eurostat, infatti, \u00e8 in aumento l\u2019export verso la <strong>Romania<\/strong> (+385% di variazione tra il 2017 e il 2018) mentre resta costante il ruolo della\u00a0 <strong>Slovenia<\/strong>, che lo scorso anno ha importato ben l\u20198% dei nostri scarti plastici, per un valore di 3,7 milioni di euro.<\/p>\n<p>\u00ab<em>Slovenia e Croazia hanno ripreso un ruolo importantissimo<\/em> &#8211; continua la direttrice di Polieco &#8211;<em> In particolare, molti italiani che esportavano verso la Cina in modo non corretto, ora hanno aperto impianti in Slovenia e da qui poi esportano nel resto del mondo<\/em>\u00bb. Quindi, \u00e8 cambiata la modalit\u00e0, ma \u00ab<em>siamo comunque di fronte alle condizioni per un perfetto <strong>traffico internazionale illecito di rifiuti<\/strong><\/em>\u00bb.<\/p>\n<h3><strong>Interventi urgenti per l\u2019usa e getta<\/strong><\/h3>\n<p>Come abbiamo evidenziato <a href=\"https:\/\/www.greenpeace.org\/italy\/rapporto\/484\/plastica-il-riciclo-non-basta\/\">in <\/a><a href=\"https:\/\/www.greenpeace.org\/italy\/rapporto\/484\/plastica-il-riciclo-non-basta\/\">Plastica: il riciclo non basta<\/a><a href=\"https:\/\/www.greenpeace.org\/italy\/rapporto\/484\/plastica-il-riciclo-non-basta\/\">, <\/a>\u00ab<em>l\u2019unica via per <strong>non venire sommersi dalla plastica<\/strong> resta il riuso, la riprogettazione per la riduzione e la durevolezza<\/em> &#8211; precisa <strong>Enzo Favoino,<\/strong> ricercatore presso la <strong>Scuola Agraria del Parco di Monza<\/strong> &#8211; <em>nonch\u00e9 l\u2019adozione di tutti gli strumenti tecnologici e normativi che possano portare l\u2019Europa a potere definirsi realmente con un modello di economia circolare<\/em>\u00bb.<\/p>\n<p>Con una produzione di plastica che raddoppier\u00e0 le quantit\u00e0 del 2015 entro il 2025 per quadruplicarle entro il 2050, il nostro Pianeta rischia di essere sommerso da rifiuti in plastica. Sono necessari interventi urgenti, soprattutto per l\u2019<strong>usa e getta, <\/strong>che oggi costituisce il 40% della produzione globale di plastica.<\/p>\n<p>\u00ab<em>Dobbiamo renderci conto che il problema \u00e8 mondiale<\/em> &#8211; afferma il sostituto procuratore Pennisi &#8211; <em><strong>Pensavamo che per risolvere il problema bastasse spedire il rifiuto in terre lontane<\/strong>. Ma non \u00e8 cos\u00ec, non pu\u00f2 essere cos\u00ec, non deve essere cos\u00ec<\/em>\u00bb.<\/p>\n<p><iframe title=\"Ecco a chi esportiamo i nostri rifiuti di plastica\" aria-label=\"Long Table\"id=\"datawrapper-chart-J5lNc\" src=\"\/\/datawrapper.dwcdn.net\/J5lNc\/3\/\" scrolling=\"no\"frameborder=\"0\" style=\"width: 0; min-width: 100% !important;\" height=\"591\"><\/iframe><script type=\"text\/javascript\">!function(){\"usestrict\";window.addEventListener(\"message\",function(a){if(void0!==a.data[\"datawrapper-height\"])for(var e in a.data[\"datawrapper-height\"]){vart=document.getElementById(\"datawrapper-chart-\"+e)||document.querySelector(\"iframe[src*='\"+e+\"']\");t&&(t.style.height=a.data[\"datawrapper-height\"][e]+\"px\")}})}();<\/script><\/p>\n\t\t\t<section\n\t\t\tclass=\"boxout post-2625 \"\n\t\t\t\n\t\t>\n\t\t\t<a\n\t\t\t\tdata-ga-category=\"Take Action Boxout\"\n\t\t\t\tdata-ga-action=\"Image\"\n\t\t\t\tdata-ga-label=\"n\/a\"\n\t\t\t\tclass=\"cover-card-overlay\"\n\t\t\t\thref=\"https:\/\/www.greenpeace.org\/italy\/attivati\/piu-mare-meno-plastica\/\" \n\t\t\t><\/a>\n\t\t\t\t\t\t\t<img\n\t\t\t\t\t\tsrc=\"https:\/\/www.greenpeace.org\/static\/planet4-italy-stateless\/2018\/11\/460ec95d-gp0strf5f_medium_res-1024x683.jpg\"\n\t\t\t\t\t\tsrcset=\"https:\/\/www.greenpeace.org\/static\/planet4-italy-stateless\/2018\/11\/460ec95d-gp0strf5f_medium_res-300x200.jpg 300w, https:\/\/www.greenpeace.org\/static\/planet4-italy-stateless\/2018\/11\/460ec95d-gp0strf5f_medium_res-768x512.jpg 768w, https:\/\/www.greenpeace.org\/static\/planet4-italy-stateless\/2018\/11\/460ec95d-gp0strf5f_medium_res-1024x683.jpg 1024w, https:\/\/www.greenpeace.org\/static\/planet4-italy-stateless\/2018\/11\/460ec95d-gp0strf5f_medium_res-510x340.jpg 510w, https:\/\/www.greenpeace.org\/static\/planet4-italy-stateless\/2018\/11\/460ec95d-gp0strf5f_medium_res.jpg 1200w\"\n\t\t\t\t\t\tsizes=\"(min-width: 1000px) 358px, (min-width: 780px) 313px, 88px\"\n\t\t\t\t\t\talt=\"\" title=\"\"\n\t\t\t\t\/>\n            \t\t\t<div class=\"boxout-content\">\n\t\t\t\t\t\t\t\t\t<a\n\t\t\t\t\t\tclass=\"boxout-heading medium\"\n\t\t\t\t\t\tdata-ga-category=\"Take Action Boxout\"\n\t\t\t\t\t\tdata-ga-action=\"Title\"\n\t\t\t\t\t\tdata-ga-label=\"n\/a\"\n\t\t\t\t\t\thref=\"https:\/\/www.greenpeace.org\/italy\/attivati\/piu-mare-meno-plastica\/\"\n\t\t\t\t\t\t\n\t\t\t\t\t>\n\t\t\t\t\t\tPi\u00f9 mare, meno plastica!\n\t\t\t\t\t<\/a>\n\t\t\t\t\t\t\t\t\t\t\t\t\t<p class=\"boxout-excerpt\">Il mare non \u00e8 una discarica: chiedi alle aziende di abbandonare l\u2019usa e getta.<\/p>\n\t\t\t\t                                    <a\n                        class=\"btn btn-primary\"\n                        data-ga-category=\"Take Action Boxout\"\n                        data-ga-action=\"Call to Action\"\n                        data-ga-label=\"n\/a\"\n                        href=\"https:\/\/www.greenpeace.org\/italy\/attivati\/piu-mare-meno-plastica\/\"\n                        \n                    >\n                        Partecipa\n                    <\/a>\n                \t\t\t<\/div>\n\t\t\t\t\t<\/section>\n\t","protected":false},"excerpt":{"rendered":"<p>L&#8217;Italia tra i maxi esportatori di plastica nel mondo <\/p>\n","protected":false},"author":42,"featured_media":5245,"comment_status":"closed","ping_status":"open","sticky":false,"template":"","format":"standard","meta":{"ep_exclude_from_search":false,"p4_og_title":"","p4_og_description":"","p4_og_image":"","p4_og_image_id":"","p4_seo_canonical_url":"","p4_campaign_name":"","p4_local_project":"","p4_basket_name":"","p4_department":"","footnotes":""},"categories":[20,17,24],"tags":[18,21,25],"p4-page-type":[19],"class_list":["post-5241","post","type-post","status-publish","format-standard","has-post-thumbnail","hentry","category-denuncia","category-proteggi","category-scegli","tag-mare","tag-inquinamento","tag-consumi","p4-page-type-storia"],"_links":{"self":[{"href":"https:\/\/www.greenpeace.org\/italy\/wp-json\/wp\/v2\/posts\/5241","targetHints":{"allow":["GET"]}}],"collection":[{"href":"https:\/\/www.greenpeace.org\/italy\/wp-json\/wp\/v2\/posts"}],"about":[{"href":"https:\/\/www.greenpeace.org\/italy\/wp-json\/wp\/v2\/types\/post"}],"author":[{"embeddable":true,"href":"https:\/\/www.greenpeace.org\/italy\/wp-json\/wp\/v2\/users\/42"}],"replies":[{"embeddable":true,"href":"https:\/\/www.greenpeace.org\/italy\/wp-json\/wp\/v2\/comments?post=5241"}],"version-history":[{"count":15,"href":"https:\/\/www.greenpeace.org\/italy\/wp-json\/wp\/v2\/posts\/5241\/revisions"}],"predecessor-version":[{"id":14941,"href":"https:\/\/www.greenpeace.org\/italy\/wp-json\/wp\/v2\/posts\/5241\/revisions\/14941"}],"wp:featuredmedia":[{"embeddable":true,"href":"https:\/\/www.greenpeace.org\/italy\/wp-json\/wp\/v2\/media\/5245"}],"wp:attachment":[{"href":"https:\/\/www.greenpeace.org\/italy\/wp-json\/wp\/v2\/media?parent=5241"}],"wp:term":[{"taxonomy":"category","embeddable":true,"href":"https:\/\/www.greenpeace.org\/italy\/wp-json\/wp\/v2\/categories?post=5241"},{"taxonomy":"post_tag","embeddable":true,"href":"https:\/\/www.greenpeace.org\/italy\/wp-json\/wp\/v2\/tags?post=5241"},{"taxonomy":"p4-page-type","embeddable":true,"href":"https:\/\/www.greenpeace.org\/italy\/wp-json\/wp\/v2\/p4-page-type?post=5241"}],"curies":[{"name":"wp","href":"https:\/\/api.w.org\/{rel}","templated":true}]}}