{"id":5341,"date":"2019-05-15T16:00:09","date_gmt":"2019-05-15T14:00:09","guid":{"rendered":"https:\/\/www.greenpeace.org\/italy\/?p=5341"},"modified":"2021-12-01T13:41:27","modified_gmt":"2021-12-01T12:41:27","slug":"greenpeace-nellartico-concerto-con-strumenti-di-ghiaccio-per-supportare-la-creazione-di-santuari-oceanici","status":"publish","type":"post","link":"https:\/\/www.greenpeace.org\/italy\/comunicato-stampa\/5341\/greenpeace-nellartico-concerto-con-strumenti-di-ghiaccio-per-supportare-la-creazione-di-santuari-oceanici\/","title":{"rendered":"Greenpeace, nell\u2019Artico concerto con strumenti di ghiaccio per supportare la creazione di santuari oceanici"},"content":{"rendered":"<div class=\"mceTemp\"><\/div>\n<p>Greenpeace diffonde oggi il video di un concerto tenutosi nel profondo nord dell\u2019Artico, con strumenti realizzati scolpendo ghiaccio raccolto nelle acque del Polo Nord. Nel video, i musicisti con cui ha collaborato l\u2019organizzazione ambientalista si esibiscono suonando \u201cOcean memories\u201d, pezzo composto per l\u2019occasione.<\/p>\n<p>Girato con temperature inferiori ai -12 gradi Celsius, il video cattura la fusione dei ritmi di carillon, clacson, percussioni di ghiaccio e violoncello: un messaggio in musica sulla necessit\u00e0 di proteggere almeno il 30 per cento dei nostri oceani a livello globale entro il 2030. La performance si \u00e8 svolta il 2 maggio e il video \u00e8 stato rilasciato oggi.<\/p>\n<p>\u00abAccendendo i riflettori sull&#8217;oceano\u00a0Artico\u00a0e sulla perdita di ghiaccio, vogliamo sottolineare l&#8217;immediata necessit\u00e0 di santuari oceanici non solo per il Polo Nord, ma per l&#8217;intero Pianeta\u00bb, dichiara Halvard Raavand, della campagna oceani di Greenpeace Nordic. \u00abI governi si accingono a negoziare presso le Nazioni Unite un trattato globale sugli oceani che potrebbe aprire la strada alla creazione di una rete di santuari oceanici. Un&#8217;opportunit\u00e0 unica per i governi per lavorare insieme e puntare ad avere oceani sani, ovvero i nostri migliori alleati contro il clima che cambia. La scienza \u00e8 chiara, i nostri oceani sono in crisi. E tutto ci\u00f2 di cui abbiamo bisogno \u00e8 la volont\u00e0 politica di proteggerli\u00bb, conclude.<\/p>\n<p>Quest&#8217;anno l&#8217;Artico\u00a0sta facendo registrare una perdita di ghiacci da record e nello scorso aprile la temperatura media \u00e8 stata di 8 gradi sopra la norma. Per denunciare le numerose minacce che affliggono i mari e lanciare la propria campagna per un Trattato globale sugli oceani che copra tutti i mari al di fuori delle acque nazionali, Greenpeace ha lanciato la campagna Proteggi gli oceani e fatto partire dall\u2019Artico\u00a0la sua spedizione pi\u00f9 ambiziosa di sempre: un viaggio da polo a polo, dalla durata di quasi un anno. In questa prima tappa, due navi di Greenpeace \u2013 la Esperanza e la Arctic Sunrise &#8211; si sono mosse fino al limite settentrionale dei ghiacci, per far luce sulle enormi minacce rappresentate dall\u2019emergenza climatica, dalla pesca eccessiva e dall&#8217;inquinamento da plastica nell\u2019oceano\u00a0Artico.<\/p>\n\t\t\t<section\n\t\t\tclass=\"boxout post-5144 \"\n\t\t\t\n\t\t>\n\t\t\t<a\n\t\t\t\tdata-ga-category=\"Take Action Boxout\"\n\t\t\t\tdata-ga-action=\"Image\"\n\t\t\t\tdata-ga-label=\"n\/a\"\n\t\t\t\tclass=\"cover-card-overlay\"\n\t\t\t\thref=\"https:\/\/www.greenpeace.org\/italy\/attivati\/proteggi-gli-oceani\/\" \n\t\t\t><\/a>\n\t\t\t\t\t\t\t<img\n\t\t\t\t\t\tsrc=\"https:\/\/www.greenpeace.org\/static\/planet4-italy-stateless\/2019\/04\/9b422b65-proteggiamo-gli-oceani-1024x557.jpg\"\n\t\t\t\t\t\tsrcset=\"https:\/\/www.greenpeace.org\/static\/planet4-italy-stateless\/2019\/04\/9b422b65-proteggiamo-gli-oceani-300x163.jpg 300w, https:\/\/www.greenpeace.org\/static\/planet4-italy-stateless\/2019\/04\/9b422b65-proteggiamo-gli-oceani-768x418.jpg 768w, https:\/\/www.greenpeace.org\/static\/planet4-italy-stateless\/2019\/04\/9b422b65-proteggiamo-gli-oceani-1024x557.jpg 1024w, https:\/\/www.greenpeace.org\/static\/planet4-italy-stateless\/2019\/04\/9b422b65-proteggiamo-gli-oceani-510x278.jpg 510w, https:\/\/www.greenpeace.org\/static\/planet4-italy-stateless\/2019\/04\/9b422b65-proteggiamo-gli-oceani.jpg 1200w\"\n\t\t\t\t\t\tsizes=\"(min-width: 1000px) 358px, (min-width: 780px) 313px, 88px\"\n\t\t\t\t\t\talt=\"\" title=\"\"\n\t\t\t\t\/>\n            \t\t\t<div class=\"boxout-content\">\n\t\t\t\t\t\t\t\t\t<a\n\t\t\t\t\t\tclass=\"boxout-heading medium\"\n\t\t\t\t\t\tdata-ga-category=\"Take Action Boxout\"\n\t\t\t\t\t\tdata-ga-action=\"Title\"\n\t\t\t\t\t\tdata-ga-label=\"n\/a\"\n\t\t\t\t\t\thref=\"https:\/\/www.greenpeace.org\/italy\/attivati\/proteggi-gli-oceani\/\"\n\t\t\t\t\t\t\n\t\t\t\t\t>\n\t\t\t\t\t\tProteggi gli Oceani\n\t\t\t\t\t<\/a>\n\t\t\t\t\t\t\t\t\t\t\t\t\t<p class=\"boxout-excerpt\">Cambiamenti climatici, pesca eccessiva, estrazioni minerarie, trivellazioni, plastica: i nostri oceani subiscono di tutto per colpa dell\u2019avidit\u00e0 umana. Spesso sono proprio le zone d\u2019Alto Mare, al di fuori della giurisdizione degli Stati costieri,  a diventare prede degli interessi di pochi Stati ricchi e potenti o di aziende spregiudicate. Lontano dagli occhi, lontano dal cuore? Non possiamo accettarlo: per difendere il fragile e meraviglioso ecosistema marino, serve creare una rete di Santuari d\u2019Alto mare su scala planetaria.<\/p>\n\t\t\t\t                                    <a\n                        class=\"btn btn-primary\"\n                        data-ga-category=\"Take Action Boxout\"\n                        data-ga-action=\"Call to Action\"\n                        data-ga-label=\"n\/a\"\n                        href=\"https:\/\/www.greenpeace.org\/italy\/attivati\/proteggi-gli-oceani\/\"\n                        \n                    >\n                        Partecipa\n                    <\/a>\n                \t\t\t<\/div>\n\t\t\t\t\t<\/section>\n\t","protected":false},"excerpt":{"rendered":"<p>Greenpeace diffonde oggi il video di un concerto tenutosi nel profondo nord dell\u2019Artico, con strumenti realizzati scolpendo ghiaccio raccolto nelle acque del Polo Nord<\/p>\n","protected":false},"author":33,"featured_media":5343,"comment_status":"closed","ping_status":"open","sticky":false,"template":"","format":"standard","meta":{"ep_exclude_from_search":false,"p4_og_title":"","p4_og_description":"","p4_og_image":"","p4_og_image_id":"","p4_seo_canonical_url":"","p4_campaign_name":"","p4_local_project":"","p4_basket_name":"","p4_department":"","footnotes":""},"categories":[20,17],"tags":[18,22,29],"p4-page-type":[23],"class_list":["post-5341","post","type-post","status-publish","format-standard","has-post-thumbnail","hentry","category-denuncia","category-proteggi","tag-mare","tag-biodiversita","tag-clima","p4-page-type-comunicato-stampa"],"_links":{"self":[{"href":"https:\/\/www.greenpeace.org\/italy\/wp-json\/wp\/v2\/posts\/5341","targetHints":{"allow":["GET"]}}],"collection":[{"href":"https:\/\/www.greenpeace.org\/italy\/wp-json\/wp\/v2\/posts"}],"about":[{"href":"https:\/\/www.greenpeace.org\/italy\/wp-json\/wp\/v2\/types\/post"}],"author":[{"embeddable":true,"href":"https:\/\/www.greenpeace.org\/italy\/wp-json\/wp\/v2\/users\/33"}],"replies":[{"embeddable":true,"href":"https:\/\/www.greenpeace.org\/italy\/wp-json\/wp\/v2\/comments?post=5341"}],"version-history":[{"count":2,"href":"https:\/\/www.greenpeace.org\/italy\/wp-json\/wp\/v2\/posts\/5341\/revisions"}],"predecessor-version":[{"id":14933,"href":"https:\/\/www.greenpeace.org\/italy\/wp-json\/wp\/v2\/posts\/5341\/revisions\/14933"}],"wp:featuredmedia":[{"embeddable":true,"href":"https:\/\/www.greenpeace.org\/italy\/wp-json\/wp\/v2\/media\/5343"}],"wp:attachment":[{"href":"https:\/\/www.greenpeace.org\/italy\/wp-json\/wp\/v2\/media?parent=5341"}],"wp:term":[{"taxonomy":"category","embeddable":true,"href":"https:\/\/www.greenpeace.org\/italy\/wp-json\/wp\/v2\/categories?post=5341"},{"taxonomy":"post_tag","embeddable":true,"href":"https:\/\/www.greenpeace.org\/italy\/wp-json\/wp\/v2\/tags?post=5341"},{"taxonomy":"p4-page-type","embeddable":true,"href":"https:\/\/www.greenpeace.org\/italy\/wp-json\/wp\/v2\/p4-page-type?post=5341"}],"curies":[{"name":"wp","href":"https:\/\/api.w.org\/{rel}","templated":true}]}}