{"id":5374,"date":"2019-05-21T11:50:49","date_gmt":"2019-05-21T09:50:49","guid":{"rendered":"https:\/\/www.greenpeace.org\/italy\/?p=5374"},"modified":"2021-12-01T13:41:23","modified_gmt":"2021-12-01T12:41:23","slug":"parte-il-nostro-tour-mayday-sos-plastica","status":"publish","type":"post","link":"https:\/\/www.greenpeace.org\/italy\/storia\/5374\/parte-il-nostro-tour-mayday-sos-plastica\/","title":{"rendered":"Parte il nostro tour \u201cMAYDAY SOS Plastica\u201d"},"content":{"rendered":"<div id=\"attachment_5378\" style=\"width: 1610px\" class=\"wp-caption alignnone\"><img loading=\"lazy\" decoding=\"async\" aria-describedby=\"caption-attachment-5378\" class=\"wp-image-5378 size-full\" src=\"https:\/\/www.greenpeace.org\/static\/planet4-italy-stateless\/2019\/05\/33bb198c-img-20190520-wa0010.jpg\" alt=\"Capodoglio spiaggiato a Palermo - @Giulia Massa\" width=\"1600\" height=\"1200\" srcset=\"https:\/\/www.greenpeace.org\/static\/planet4-italy-stateless\/2019\/05\/33bb198c-img-20190520-wa0010.jpg 1600w, https:\/\/www.greenpeace.org\/static\/planet4-italy-stateless\/2019\/05\/33bb198c-img-20190520-wa0010-300x225.jpg 300w, https:\/\/www.greenpeace.org\/static\/planet4-italy-stateless\/2019\/05\/33bb198c-img-20190520-wa0010-768x576.jpg 768w, https:\/\/www.greenpeace.org\/static\/planet4-italy-stateless\/2019\/05\/33bb198c-img-20190520-wa0010-1024x768.jpg 1024w, https:\/\/www.greenpeace.org\/static\/planet4-italy-stateless\/2019\/05\/33bb198c-img-20190520-wa0010-453x340.jpg 453w\" sizes=\"auto, (max-width: 1600px) 100vw, 1600px\" \/><p id=\"caption-attachment-5378\" class=\"wp-caption-text\">Capodoglio spiaggiato a Palermo &#8211; Foto: @Giulia Massa<\/p><\/div>\n<p>Parte ufficialmente oggi il nostro tour \u00a0<strong>\u201c<a href=\"http:\/\/bit.ly\/2w7jJV5\">MAYDAY SOS Plastica<\/a>\u201d <\/strong>con <em>The Blue Dream Project<\/em> &#8211; associazione no profit nata con lo scopo di preservare l\u2019ambiente marino dall\u2019<strong>inquinamento da plastica<\/strong>: con loro porteremo avanti una spedizione di ricerca, monitoraggio e documentazione sull\u2019inquinamento da plastica per rispondere all\u2019allarme lanciato dal mare e dalle sue creature.<\/p>\n<h3>LE TAPPE<\/h3>\n<p>Il tour si concentrer\u00e0 nel Mar Tirreno Centrale, area marina di particolare importanza per il patrimonio di biodiversit\u00e0. La spedizione, della durata di tre settimane, toccher\u00e0 sia alcune aree marine protette (<strong>Ventotene, il Regno di Nettuno-Ischia, Tavolara-Punta Coda Cavallo, Arcipelago Toscano<\/strong>) che zone fortemente colpite dall\u2019inquinamento e si concluder\u00e0 l\u20198 giugno all\u2019Argentario, in occasione della Giornata mondiale degli Oceani.<\/p>\n<p>Non nascondiamoci che l\u2019inquinamento da plastica ha raggiunto proporzioni ormai inaccettabili nel nostro Paese. Nelle prossime settimane navigheremo per monitorare il suo impatto sugli ecosistemi marini: dalla foce dei fiumi, come Tevere e Sarno, ormai quasi autostrade dei rifiuti verso il mare, seguiremo le rotte dei cetacei, particolarmente abbondanti nell\u2019area e sempre pi\u00f9 colpiti dall\u2019inquinamento da plastica, fino ai potenziali vortici di accumulo generati dalle correnti marine.<\/p>\n<h3>LA SITUAZIONE IN ITALIA<\/h3>\n<p>In occasione del lancio del nostro tour, i ricercatori del Dipartimento di Biomedicina Comparata e Alimentazione dell\u2019Universit\u00e0 degli Studi di Padova,<a href=\"https:\/\/www.greenpeace.org\/italy\/rapporto\/5359\/report-preliminare-degli-spiaggiamenti-di-cetacei-lungo-le-coste-italiane-dal-1998-al-2018\/\"> hanno presentato uno studio preliminare da cui emerge che in Italia si spiaggiano in media 150-160 cetacei l\u2019anno<\/a>. Per un 30% dei soggetti le cause di morte sono direttamente legate ad attivit\u00e0 umane, soprattutto il traffico marittimo e la pesca, ma sono in aumento le evidenze della contaminazione da plastica, che pu\u00f2 compromettere seriamente la salute degli animali. Particolarmente sensibili specie come il capodoglio: negli ultimi dieci anni nel 33 per cento degli spiaggiamenti i cetacei sono stati ritrovati con frammenti di plastica nello stomaco e nel 4 per cento dei casi avvolti dai resti di reti abbandonate.<\/p>\n<p>A confermare tali dati lo spiaggiamento di pochi giorni fa a Cefal\u00f9 di un capodoglio di 7 anni con lo stomaco pieno di plastica e \u00a0il caso della femmina di capodoglio gravida spiaggiata a fine marzo a Porto Cervo con ben 22 chili di plastica nello stomaco.<\/p>\n<h3>I NOSTRI PARTNER<\/h3>\n<p><a href=\"https:\/\/www.greenpeace.org\/static\/planet4-italy-stateless\/2019\/05\/14a0211e-the-blue-dream-project.pdf\"><em>The Blue Dream Project<\/em><\/a> ha messo a disposizione la propria imbarcazione <em>(&#8220;Mahayana<\/em>&#8221; &#8211; Grande Veicolo), costruita in maniera ecosostenibile secondo gli antichi dettami dei maestri d\u2019ascia del Nord America, e alla spedizione parteciperanno ricercatori del CNR-IAS (Consiglio Nazionale delle Ricerche, Istituto per lo studio degli Impatti Antropici e Sostenibilit\u00e0 in ambiente marino) di Genova e dell\u2019Universit\u00e0 Politecnica delle Marche.<\/p>\n\t\t\t<section\n\t\t\tclass=\"boxout post-2625 \"\n\t\t\t\n\t\t>\n\t\t\t<a\n\t\t\t\tdata-ga-category=\"Take Action Boxout\"\n\t\t\t\tdata-ga-action=\"Image\"\n\t\t\t\tdata-ga-label=\"n\/a\"\n\t\t\t\tclass=\"cover-card-overlay\"\n\t\t\t\thref=\"https:\/\/www.greenpeace.org\/italy\/attivati\/piu-mare-meno-plastica\/\" \n\t\t\t><\/a>\n\t\t\t\t\t\t\t<img\n\t\t\t\t\t\tsrc=\"https:\/\/www.greenpeace.org\/static\/planet4-italy-stateless\/2018\/11\/460ec95d-gp0strf5f_medium_res-1024x683.jpg\"\n\t\t\t\t\t\tsrcset=\"https:\/\/www.greenpeace.org\/static\/planet4-italy-stateless\/2018\/11\/460ec95d-gp0strf5f_medium_res-300x200.jpg 300w, https:\/\/www.greenpeace.org\/static\/planet4-italy-stateless\/2018\/11\/460ec95d-gp0strf5f_medium_res-768x512.jpg 768w, https:\/\/www.greenpeace.org\/static\/planet4-italy-stateless\/2018\/11\/460ec95d-gp0strf5f_medium_res-1024x683.jpg 1024w, https:\/\/www.greenpeace.org\/static\/planet4-italy-stateless\/2018\/11\/460ec95d-gp0strf5f_medium_res-510x340.jpg 510w, https:\/\/www.greenpeace.org\/static\/planet4-italy-stateless\/2018\/11\/460ec95d-gp0strf5f_medium_res.jpg 1200w\"\n\t\t\t\t\t\tsizes=\"(min-width: 1000px) 358px, (min-width: 780px) 313px, 88px\"\n\t\t\t\t\t\talt=\"\" title=\"\"\n\t\t\t\t\/>\n            \t\t\t<div class=\"boxout-content\">\n\t\t\t\t\t\t\t\t\t<a\n\t\t\t\t\t\tclass=\"boxout-heading medium\"\n\t\t\t\t\t\tdata-ga-category=\"Take Action Boxout\"\n\t\t\t\t\t\tdata-ga-action=\"Title\"\n\t\t\t\t\t\tdata-ga-label=\"n\/a\"\n\t\t\t\t\t\thref=\"https:\/\/www.greenpeace.org\/italy\/attivati\/piu-mare-meno-plastica\/\"\n\t\t\t\t\t\t\n\t\t\t\t\t>\n\t\t\t\t\t\tPi\u00f9 mare, meno plastica!\n\t\t\t\t\t<\/a>\n\t\t\t\t\t\t\t\t\t\t\t\t\t<p class=\"boxout-excerpt\">Il mare non \u00e8 una discarica: chiedi alle aziende di abbandonare l\u2019usa e getta.<\/p>\n\t\t\t\t                                    <a\n                        class=\"btn btn-primary\"\n                        data-ga-category=\"Take Action Boxout\"\n                        data-ga-action=\"Call to Action\"\n                        data-ga-label=\"n\/a\"\n                        href=\"https:\/\/www.greenpeace.org\/italy\/attivati\/piu-mare-meno-plastica\/\"\n                        \n                    >\n                        Partecipa\n                    <\/a>\n                \t\t\t<\/div>\n\t\t\t\t\t<\/section>\n\t","protected":false},"excerpt":{"rendered":"<p>Insieme a The Blue Dream Project in soccorso del Tirreno<\/p>\n","protected":false},"author":33,"featured_media":5378,"comment_status":"closed","ping_status":"open","sticky":false,"template":"","format":"standard","meta":{"ep_exclude_from_search":false,"p4_og_title":"","p4_og_description":"","p4_og_image":"","p4_og_image_id":"","p4_seo_canonical_url":"","p4_campaign_name":"","p4_local_project":"","p4_basket_name":"","p4_department":"","footnotes":""},"categories":[20,17,24],"tags":[18,21,25],"p4-page-type":[19],"class_list":["post-5374","post","type-post","status-publish","format-standard","has-post-thumbnail","hentry","category-denuncia","category-proteggi","category-scegli","tag-mare","tag-inquinamento","tag-consumi","p4-page-type-storia"],"_links":{"self":[{"href":"https:\/\/www.greenpeace.org\/italy\/wp-json\/wp\/v2\/posts\/5374","targetHints":{"allow":["GET"]}}],"collection":[{"href":"https:\/\/www.greenpeace.org\/italy\/wp-json\/wp\/v2\/posts"}],"about":[{"href":"https:\/\/www.greenpeace.org\/italy\/wp-json\/wp\/v2\/types\/post"}],"author":[{"embeddable":true,"href":"https:\/\/www.greenpeace.org\/italy\/wp-json\/wp\/v2\/users\/33"}],"replies":[{"embeddable":true,"href":"https:\/\/www.greenpeace.org\/italy\/wp-json\/wp\/v2\/comments?post=5374"}],"version-history":[{"count":3,"href":"https:\/\/www.greenpeace.org\/italy\/wp-json\/wp\/v2\/posts\/5374\/revisions"}],"predecessor-version":[{"id":14926,"href":"https:\/\/www.greenpeace.org\/italy\/wp-json\/wp\/v2\/posts\/5374\/revisions\/14926"}],"wp:featuredmedia":[{"embeddable":true,"href":"https:\/\/www.greenpeace.org\/italy\/wp-json\/wp\/v2\/media\/5378"}],"wp:attachment":[{"href":"https:\/\/www.greenpeace.org\/italy\/wp-json\/wp\/v2\/media?parent=5374"}],"wp:term":[{"taxonomy":"category","embeddable":true,"href":"https:\/\/www.greenpeace.org\/italy\/wp-json\/wp\/v2\/categories?post=5374"},{"taxonomy":"post_tag","embeddable":true,"href":"https:\/\/www.greenpeace.org\/italy\/wp-json\/wp\/v2\/tags?post=5374"},{"taxonomy":"p4-page-type","embeddable":true,"href":"https:\/\/www.greenpeace.org\/italy\/wp-json\/wp\/v2\/p4-page-type?post=5374"}],"curies":[{"name":"wp","href":"https:\/\/api.w.org\/{rel}","templated":true}]}}