{"id":5453,"date":"2019-05-28T14:28:52","date_gmt":"2019-05-28T12:28:52","guid":{"rendered":"https:\/\/www.greenpeace.org\/italy\/?p=5453"},"modified":"2021-12-01T13:41:17","modified_gmt":"2021-12-01T12:41:17","slug":"inquinamento-da-plastica-greenpeace-alla-foce-del-sarno-una-situazione-scioccante","status":"publish","type":"post","link":"https:\/\/www.greenpeace.org\/italy\/comunicato-stampa\/5453\/inquinamento-da-plastica-greenpeace-alla-foce-del-sarno-una-situazione-scioccante\/","title":{"rendered":"Inquinamento da plastica. Greenpeace: alla foce del Sarno una situazione scioccante"},"content":{"rendered":"<p>Bottiglie, flaconi, bicchieri, buste, confezioni per alimenti e tanti altri contenitori e imballaggi in plastica usa e getta sommergono l\u2019area marina in prossimit\u00e0 della foce del fiume Sarno in Campania. \u00c8 quanto emerge dalle attivit\u00e0 di ricerca e documentazione svolte da Greenpeace e Castalia nell\u2019ambito del Tour MayDaySOSPlastica.<\/p>\n<p>\u00abUno scenario scioccante con enormi quantit\u00e0 di rifiuti che invadono spiaggia e fondali, figlio inevitabile del modello di consumo basato sull\u2019impiego di grandi quantit\u00e0 di plastica usa e getta. Come se non bastasse dobbiamo ricordare che quella documentata \u00e8 solo la parte visibile del problema, i fiumi possono portare in mare anche grandi quantit\u00e0 di microplastiche non individuabili a prima vista\u00bb, dichiara Giuseppe Ungherese, responsabile Campagna Inquinamento di Greenpeace Italia.<\/p>\n<p>Secondo studi recenti l\u201980 per cento delle microplastiche &#8211; particelle inferiori ai 5 millimetri di dimensioni \u2013 ha origine in ambienti terrestri e da l\u00ec, trasportata principalmente dai fiumi, arriva nei mari di tutto il mondo. I fiumi, quindi, sono dei veri e propri nastri trasportatori di rifiuti plastici dai centri urbani fino a quella che sta ormai diventando la pi\u00f9 grande discarica del Pianeta: il mare.<\/p>\n<p>L\u2019associazione ambientalista sta effettuando, in collaborazione con The Blue Dream Project e i ricercatori dell\u2019Universit\u00e0 Politecnica delle Marche e CNR-IAS, il giro del Tirreno Centrale a bordo della Mahayana per monitorare l\u2019impatto dell\u2019inquinamento da plastica nei nostri mari. Dalle indagini svolte nei giorni scorsi emerge che la situazione alla foce del fiume Sarno \u00e8 davvero allarmante.<\/p>\n<p>Il Tour MayDaySOSPlastica si concluder\u00e0 l\u20198 giugno, Giornata mondiale degli Oceani, all\u2019Argentario.<\/p>\n<p>&nbsp;<\/p>\n\t\t\t<section\n\t\t\tclass=\"boxout post-2625 \"\n\t\t\t\n\t\t>\n\t\t\t<a\n\t\t\t\tdata-ga-category=\"Take Action Boxout\"\n\t\t\t\tdata-ga-action=\"Image\"\n\t\t\t\tdata-ga-label=\"n\/a\"\n\t\t\t\tclass=\"cover-card-overlay\"\n\t\t\t\thref=\"https:\/\/www.greenpeace.org\/italy\/attivati\/piu-mare-meno-plastica\/\" \n\t\t\t><\/a>\n\t\t\t\t\t\t\t<img\n\t\t\t\t\t\tsrc=\"https:\/\/www.greenpeace.org\/static\/planet4-italy-stateless\/2018\/11\/460ec95d-gp0strf5f_medium_res-1024x683.jpg\"\n\t\t\t\t\t\tsrcset=\"https:\/\/www.greenpeace.org\/static\/planet4-italy-stateless\/2018\/11\/460ec95d-gp0strf5f_medium_res-300x200.jpg 300w, https:\/\/www.greenpeace.org\/static\/planet4-italy-stateless\/2018\/11\/460ec95d-gp0strf5f_medium_res-768x512.jpg 768w, https:\/\/www.greenpeace.org\/static\/planet4-italy-stateless\/2018\/11\/460ec95d-gp0strf5f_medium_res-1024x683.jpg 1024w, https:\/\/www.greenpeace.org\/static\/planet4-italy-stateless\/2018\/11\/460ec95d-gp0strf5f_medium_res-510x340.jpg 510w, https:\/\/www.greenpeace.org\/static\/planet4-italy-stateless\/2018\/11\/460ec95d-gp0strf5f_medium_res.jpg 1200w\"\n\t\t\t\t\t\tsizes=\"(min-width: 1000px) 358px, (min-width: 780px) 313px, 88px\"\n\t\t\t\t\t\talt=\"\" title=\"\"\n\t\t\t\t\/>\n            \t\t\t<div class=\"boxout-content\">\n\t\t\t\t\t\t\t\t\t<a\n\t\t\t\t\t\tclass=\"boxout-heading medium\"\n\t\t\t\t\t\tdata-ga-category=\"Take Action Boxout\"\n\t\t\t\t\t\tdata-ga-action=\"Title\"\n\t\t\t\t\t\tdata-ga-label=\"n\/a\"\n\t\t\t\t\t\thref=\"https:\/\/www.greenpeace.org\/italy\/attivati\/piu-mare-meno-plastica\/\"\n\t\t\t\t\t\t\n\t\t\t\t\t>\n\t\t\t\t\t\tPi\u00f9 mare, meno plastica!\n\t\t\t\t\t<\/a>\n\t\t\t\t\t\t\t\t\t\t\t\t\t<p class=\"boxout-excerpt\">Il mare non \u00e8 una discarica: chiedi alle aziende di abbandonare l\u2019usa e getta.<\/p>\n\t\t\t\t                                    <a\n                        class=\"btn btn-primary\"\n                        data-ga-category=\"Take Action Boxout\"\n                        data-ga-action=\"Call to Action\"\n                        data-ga-label=\"n\/a\"\n                        href=\"https:\/\/www.greenpeace.org\/italy\/attivati\/piu-mare-meno-plastica\/\"\n                        \n                    >\n                        Partecipa\n                    <\/a>\n                \t\t\t<\/div>\n\t\t\t\t\t<\/section>\n\t","protected":false},"excerpt":{"rendered":"<p>Bottiglie, flaconi, bicchieri, buste, confezioni per alimenti e tanti altri contenitori e imballaggi in plastica usa e getta sommergono l\u2019area marina in prossimit\u00e0 della foce del fiume Sarno, in Campania<\/p>\n","protected":false},"author":33,"featured_media":5454,"comment_status":"closed","ping_status":"open","sticky":false,"template":"","format":"standard","meta":{"ep_exclude_from_search":false,"p4_og_title":"","p4_og_description":"","p4_og_image":"","p4_og_image_id":"","p4_seo_canonical_url":"","p4_campaign_name":"","p4_local_project":"","p4_basket_name":"","p4_department":"","footnotes":""},"categories":[20,17,24],"tags":[18,21,25],"p4-page-type":[23],"class_list":["post-5453","post","type-post","status-publish","format-standard","has-post-thumbnail","hentry","category-denuncia","category-proteggi","category-scegli","tag-mare","tag-inquinamento","tag-consumi","p4-page-type-comunicato-stampa"],"_links":{"self":[{"href":"https:\/\/www.greenpeace.org\/italy\/wp-json\/wp\/v2\/posts\/5453","targetHints":{"allow":["GET"]}}],"collection":[{"href":"https:\/\/www.greenpeace.org\/italy\/wp-json\/wp\/v2\/posts"}],"about":[{"href":"https:\/\/www.greenpeace.org\/italy\/wp-json\/wp\/v2\/types\/post"}],"author":[{"embeddable":true,"href":"https:\/\/www.greenpeace.org\/italy\/wp-json\/wp\/v2\/users\/33"}],"replies":[{"embeddable":true,"href":"https:\/\/www.greenpeace.org\/italy\/wp-json\/wp\/v2\/comments?post=5453"}],"version-history":[{"count":2,"href":"https:\/\/www.greenpeace.org\/italy\/wp-json\/wp\/v2\/posts\/5453\/revisions"}],"predecessor-version":[{"id":14918,"href":"https:\/\/www.greenpeace.org\/italy\/wp-json\/wp\/v2\/posts\/5453\/revisions\/14918"}],"wp:featuredmedia":[{"embeddable":true,"href":"https:\/\/www.greenpeace.org\/italy\/wp-json\/wp\/v2\/media\/5454"}],"wp:attachment":[{"href":"https:\/\/www.greenpeace.org\/italy\/wp-json\/wp\/v2\/media?parent=5453"}],"wp:term":[{"taxonomy":"category","embeddable":true,"href":"https:\/\/www.greenpeace.org\/italy\/wp-json\/wp\/v2\/categories?post=5453"},{"taxonomy":"post_tag","embeddable":true,"href":"https:\/\/www.greenpeace.org\/italy\/wp-json\/wp\/v2\/tags?post=5453"},{"taxonomy":"p4-page-type","embeddable":true,"href":"https:\/\/www.greenpeace.org\/italy\/wp-json\/wp\/v2\/p4-page-type?post=5453"}],"curies":[{"name":"wp","href":"https:\/\/api.w.org\/{rel}","templated":true}]}}