{"id":5650,"date":"2019-06-27T09:40:08","date_gmt":"2019-06-27T07:40:08","guid":{"rendered":"https:\/\/www.greenpeace.org\/italy\/?p=5650"},"modified":"2024-02-23T10:09:07","modified_gmt":"2024-02-23T09:09:07","slug":"in-azione-su-una-piattaforma-in-sicilia-basta-bruciarci-il-futuro","status":"publish","type":"post","link":"https:\/\/www.greenpeace.org\/italy\/storia\/5650\/in-azione-su-una-piattaforma-in-sicilia-basta-bruciarci-il-futuro\/","title":{"rendered":"In azione su una piattaforma in Sicilia: basta bruciarci il futuro!"},"content":{"rendered":"<p><img decoding=\"async\" class=\"size-full wp-image-5651\" src=\"https:\/\/www.greenpeace.org\/static\/planet4-italy-stateless\/2019\/06\/ffff050c-061_s7a2480.jpg\" alt=\"\" width=\"100%\" height=\"800\" srcset=\"https:\/\/www.greenpeace.org\/static\/planet4-italy-stateless\/2019\/06\/ffff050c-061_s7a2480.jpg 1200w, https:\/\/www.greenpeace.org\/static\/planet4-italy-stateless\/2019\/06\/ffff050c-061_s7a2480-300x200.jpg 300w, https:\/\/www.greenpeace.org\/static\/planet4-italy-stateless\/2019\/06\/ffff050c-061_s7a2480-768x512.jpg 768w, https:\/\/www.greenpeace.org\/static\/planet4-italy-stateless\/2019\/06\/ffff050c-061_s7a2480-1024x683.jpg 1024w, https:\/\/www.greenpeace.org\/static\/planet4-italy-stateless\/2019\/06\/ffff050c-061_s7a2480-510x340.jpg 510w\" sizes=\"(max-width: 1200px) 100vw, 1200px\" \/> In azione sulla Prezioso &#8211; @Francesco Alesi \/ Greenpeace<\/p>\n<p>Siamo in azione da questa mattina all\u2019alba sulla <strong>piattaforma di estrazione Prezioso<\/strong>, al largo dello Stretto di Sicilia, per denunciare che il governo non sta facendo abbastanza \u00a0per contrastare l\u2019emergenza climatica. Partiti con i gommoni dalla <strong>Rainbow Warrior<\/strong> &#8211; attualmente nel <strong>Mediterraneo<\/strong> per una campagna sul clima \u2013 i nostri attivisti hanno aperto un banner con il messaggio \u201c<em>Ci state bruciando il futuro<\/em>\u201d.<\/p>\n<p>Abbiamo \u201csintetizzato\u201d inoltre su degli striscioni alcuni dei provvedimenti pi\u00f9 importanti che i governi, sia a livello nazionale che internazionale, dovrebbero prendere nei prossimi anni per contenere l\u2019aumento della <strong>temperatura media entro 1,5 gradi<\/strong> ed evitare cos\u00ec impatti ancora peggiori dei <strong>cambiamenti climatici,<\/strong> come indicato dalla scienza.<\/p>\n<p><img decoding=\"async\" class=\"size-full wp-image-5652\" src=\"https:\/\/www.greenpeace.org\/static\/planet4-italy-stateless\/2019\/06\/fba5625f-040_s7a2266.jpg\" alt=\"\" width=\"100%\" height=\"800\" srcset=\"https:\/\/www.greenpeace.org\/static\/planet4-italy-stateless\/2019\/06\/fba5625f-040_s7a2266.jpg 1200w, https:\/\/www.greenpeace.org\/static\/planet4-italy-stateless\/2019\/06\/fba5625f-040_s7a2266-300x200.jpg 300w, https:\/\/www.greenpeace.org\/static\/planet4-italy-stateless\/2019\/06\/fba5625f-040_s7a2266-768x512.jpg 768w, https:\/\/www.greenpeace.org\/static\/planet4-italy-stateless\/2019\/06\/fba5625f-040_s7a2266-1024x683.jpg 1024w, https:\/\/www.greenpeace.org\/static\/planet4-italy-stateless\/2019\/06\/fba5625f-040_s7a2266-510x340.jpg 510w\" sizes=\"(max-width: 1200px) 100vw, 1200px\" \/> In azione sulla Prezioso &#8211; @Francesco Alesi \/ Greenpeace<\/p>\n<p>Oggi insomma siamo in azione su una<strong> piattaforma di petrolio e gas<\/strong> \u201csimbolica\u201d, che si vuole addirittura ampliare per aumentarne le attivit\u00e0 estrattive.<\/p>\n<p>Bisogna essere chiari: <strong>gas e petrolio<\/strong> sono parte del problema, non della soluzione ai cambiamenti climatici. Per questo il governo dovrebbe rivedere i propri piani di espansione delle attivit\u00e0 estrattive, e puntare invece su rinnovabili ed efficienza per arrivare a<strong> zero emissioni entro il 2040<\/strong>.<\/p>\n<p>Recentemente la Commissione Europea ha pubblicato i commenti al <strong>Piano Nazionale Integrato Energia e Clima<\/strong> redatto dal governo italiano, e si legge chiaramente che l\u2019enorme sviluppo del gas va in senso contrario rispetto agli obiettivi di <strong>decarbonizzazione<\/strong>.<\/p>\n<p>Il <strong>gas<\/strong> non \u00e8 affatto un combustibile pulito come vogliono farci credere, ma \u00e8 una fonte fossile che emette CO2. E\u2019 un\u2019energia che dovrebbe servire per accompagnare temporaneamente la <strong>transizione energetica<\/strong>, non rallentarla o bloccarla per decenni, come rischia di accadere in Italia. Anche per questa ragione progetti come<strong> Offshore Ibleo<\/strong>, che prevedono l\u2019apertura di <strong>nuovi pozzi<\/strong> per estrarre ulteriore <strong>gas<\/strong>, dovrebbero essere fermati immediatamente. Diversamente da quanto ci raccontano, il <strong>gas<\/strong> \u00e8 parte del problema!<\/p>\n<p>Nelle ultime settimane abbiamo tenuto ferma per dodici giorni una <strong>piattaforma petrolifera <\/strong>di BP destinata a nuove trivellazioni nel mare della Scozia, abbiamo manifestato contro il <strong>carbone<\/strong> della compagnia tedesca RWE, la pi\u00f9 inquinante di Europa in termini di emissioni di CO2, e oggi stiamo manifestando pacificamente contro nuove estrazioni di gas in Italia da parte di <strong>Eni ed Edison<\/strong>.<\/p>\n<p>L\u2019<strong>emergenza climatica<\/strong> \u00e8 sotto gli occhi di tutti. Dopo un maggio stranamente freddo ora ci sono le ondate di calore, e questi sono solo alcuni sintomi delle conseguenze dei <strong>cambiamenti climatici<\/strong>. Cos\u00ec come alluvioni, siccit\u00e0, bombe d\u2019acqua ed altri fenomeni estremi.<\/p>\n<p>Non c\u2019\u00e8 pi\u00f9 tempo da perdere, se vogliamo davvero salvare il <strong>clima<\/strong> e noi stessi, dobbiamo fermare nuovi progetti di estrazioni e accelerare la<strong> transizione energetica<\/strong> verso un mondo <strong>100% rinnovabile.<\/strong> E\u2019 tecnicamente possibile. E dobbiamo farlo!<\/p>\n<div id=\"attachment_5653\" style=\"width: 1210px\" class=\"wp-caption alignnone\"><img loading=\"lazy\" decoding=\"async\" aria-describedby=\"caption-attachment-5653\" class=\"wp-image-5653 size-full\" src=\"https:\/\/www.greenpeace.org\/static\/planet4-italy-stateless\/2019\/06\/3a68defd-048_s7a2352.jpg\" alt=\"In azione sulla Prezioso\" width=\"1200\" height=\"800\" srcset=\"https:\/\/www.greenpeace.org\/static\/planet4-italy-stateless\/2019\/06\/3a68defd-048_s7a2352.jpg 1200w, https:\/\/www.greenpeace.org\/static\/planet4-italy-stateless\/2019\/06\/3a68defd-048_s7a2352-300x200.jpg 300w, https:\/\/www.greenpeace.org\/static\/planet4-italy-stateless\/2019\/06\/3a68defd-048_s7a2352-768x512.jpg 768w, https:\/\/www.greenpeace.org\/static\/planet4-italy-stateless\/2019\/06\/3a68defd-048_s7a2352-1024x683.jpg 1024w, https:\/\/www.greenpeace.org\/static\/planet4-italy-stateless\/2019\/06\/3a68defd-048_s7a2352-510x340.jpg 510w\" sizes=\"auto, (max-width: 1200px) 100vw, 1200px\" \/><p id=\"caption-attachment-5653\" class=\"wp-caption-text\">In azione sulla Prezioso &#8211; @Francesco Alesi \/ Greenpeace<\/p><\/div>\n<div class=\"EmptyMessage\">Block content is empty. Check the block&#8217;s settings or remove it.<\/div>","protected":false},"excerpt":{"rendered":"<p>\u00c8 ora di chiudere con le fossili, la transizione energetica ha bisogno di pi\u00f9 rinnovabili, non di pi\u00f9 gas<\/p>\n","protected":false},"author":33,"featured_media":5651,"comment_status":"closed","ping_status":"open","sticky":false,"template":"","format":"standard","meta":{"ep_exclude_from_search":false,"p4_og_title":"","p4_og_description":"","p4_og_image":"","p4_og_image_id":"","p4_seo_canonical_url":"","p4_campaign_name":"","p4_local_project":"","p4_basket_name":"","p4_department":"","footnotes":""},"categories":[20,17,24],"tags":[18,29,33,32],"p4-page-type":[19],"class_list":["post-5650","post","type-post","status-publish","format-standard","has-post-thumbnail","hentry","category-denuncia","category-proteggi","category-scegli","tag-mare","tag-clima","tag-azioni","tag-energia","p4-page-type-storia"],"_links":{"self":[{"href":"https:\/\/www.greenpeace.org\/italy\/wp-json\/wp\/v2\/posts\/5650","targetHints":{"allow":["GET"]}}],"collection":[{"href":"https:\/\/www.greenpeace.org\/italy\/wp-json\/wp\/v2\/posts"}],"about":[{"href":"https:\/\/www.greenpeace.org\/italy\/wp-json\/wp\/v2\/types\/post"}],"author":[{"embeddable":true,"href":"https:\/\/www.greenpeace.org\/italy\/wp-json\/wp\/v2\/users\/33"}],"replies":[{"embeddable":true,"href":"https:\/\/www.greenpeace.org\/italy\/wp-json\/wp\/v2\/comments?post=5650"}],"version-history":[{"count":2,"href":"https:\/\/www.greenpeace.org\/italy\/wp-json\/wp\/v2\/posts\/5650\/revisions"}],"predecessor-version":[{"id":14898,"href":"https:\/\/www.greenpeace.org\/italy\/wp-json\/wp\/v2\/posts\/5650\/revisions\/14898"}],"wp:featuredmedia":[{"embeddable":true,"href":"https:\/\/www.greenpeace.org\/italy\/wp-json\/wp\/v2\/media\/5651"}],"wp:attachment":[{"href":"https:\/\/www.greenpeace.org\/italy\/wp-json\/wp\/v2\/media?parent=5650"}],"wp:term":[{"taxonomy":"category","embeddable":true,"href":"https:\/\/www.greenpeace.org\/italy\/wp-json\/wp\/v2\/categories?post=5650"},{"taxonomy":"post_tag","embeddable":true,"href":"https:\/\/www.greenpeace.org\/italy\/wp-json\/wp\/v2\/tags?post=5650"},{"taxonomy":"p4-page-type","embeddable":true,"href":"https:\/\/www.greenpeace.org\/italy\/wp-json\/wp\/v2\/p4-page-type?post=5650"}],"curies":[{"name":"wp","href":"https:\/\/api.w.org\/{rel}","templated":true}]}}