{"id":5903,"date":"2019-07-29T16:06:29","date_gmt":"2019-07-29T14:06:29","guid":{"rendered":"https:\/\/www.greenpeace.org\/italy\/?p=5903"},"modified":"2021-12-01T13:40:53","modified_gmt":"2021-12-01T12:40:53","slug":"amazzonia-deforestazione-violenza-popoli-indigeni","status":"publish","type":"post","link":"https:\/\/www.greenpeace.org\/italy\/storia\/5903\/amazzonia-deforestazione-violenza-popoli-indigeni\/","title":{"rendered":"Amazzonia, aumenta la deforestazione e cresce la violenza contro i Popoli Indigeni"},"content":{"rendered":"<p><img decoding=\"async\" class=\"size-full wp-image-5919\" src=\"https:\/\/www.greenpeace.org\/static\/planet4-italy-stateless\/2019\/07\/f7963dd9-gp0stqiyu_web_size.jpg\" alt=\"\" width=\"100%\" height=\"534\" srcset=\"https:\/\/www.greenpeace.org\/static\/planet4-italy-stateless\/2019\/07\/f7963dd9-gp0stqiyu_web_size.jpg 800w, https:\/\/www.greenpeace.org\/static\/planet4-italy-stateless\/2019\/07\/f7963dd9-gp0stqiyu_web_size-300x200.jpg 300w, https:\/\/www.greenpeace.org\/static\/planet4-italy-stateless\/2019\/07\/f7963dd9-gp0stqiyu_web_size-768x513.jpg 768w, https:\/\/www.greenpeace.org\/static\/planet4-italy-stateless\/2019\/07\/f7963dd9-gp0stqiyu_web_size-510x340.jpg 510w\" sizes=\"(max-width: 800px) 100vw, 800px\" \/><\/p>\n<p><strong>L&#8217;estrazione illegale di oro<\/strong> \u00e8 una piaga per <strong>l\u2019Amazzonia<\/strong>: oltre a devastare la <strong>foresta,<\/strong> implica l\u2019utilizzo di grandi quantit\u00e0 di mercurio, un metallo inquinante che finisce per disperdersi <strong>nell\u2019ambiente,<\/strong> fiumi inclusi.<\/p>\n<p>Mercoled\u00ec scorso dozzine di <strong><em>garimpeiros <\/em>(cercatori d\u2019oro)<\/strong> hanno fatto irruzione armati nella terra indigena del popolo Waj\u00e3pi, nello stato di Amap\u00e1, nel nord del <strong>Brasile<\/strong>, assassinando il leader indigeno Emyra Wai\u00e3pa. Il suo corpo \u00e8 stato ritrovato in un fiume vicino al villaggio in cui viveva.<\/p>\n<p>La minaccia ha costretto i Waj\u00e3pi &#8211; che negli anni &#8217;70 del secolo scorso rischiarono di scomparire a causa dalle malattie portate dai cercatori d&#8217;oro &#8211; a fuggire.\u00a0 Hanno abbandonato il villaggio di Mariry per spostarsi in uno pi\u00f9 grande, quello di Aramir\u00e3. Ma nemmeno in questo villaggio si sentono al sicuro: sabato scorso, infatti, sono stati sparati dei colpi di pistola anche in prossimit\u00e0 di Aramir\u00e3 e i leader indigeni hanno chiesto aiuto alla polizia.<\/p>\n<p>Quello che sta accadendo al Popolo Wai\u00e3pa non \u00e8 un\u2019eccezione. Sono migliaia gli indigeni che rischiano di perdere la vita a causa dell\u2019<strong>accaparramento delle terre,<\/strong> persone che rischiano la vita perch\u00e9 i loro territori ancestrali coincidono con aree di foresta che l<strong>\u2019agribusiness<\/strong> vorrebbe convertire in monocolture e allevamenti, oppure appetibili perch\u00e8 ricche di <strong>legname pregiato<\/strong>, <strong>minerali e metalli preziosi<\/strong>.<\/p>\n<p><img decoding=\"async\" class=\"size-full wp-image-5920\" src=\"https:\/\/www.greenpeace.org\/static\/planet4-italy-stateless\/2019\/07\/87a8ed66-gp0stt8am_web_size.jpg\" alt=\"\" width=\"100%\" height=\"800\" srcset=\"https:\/\/www.greenpeace.org\/static\/planet4-italy-stateless\/2019\/07\/87a8ed66-gp0stt8am_web_size.jpg 533w, https:\/\/www.greenpeace.org\/static\/planet4-italy-stateless\/2019\/07\/87a8ed66-gp0stt8am_web_size-200x300.jpg 200w, https:\/\/www.greenpeace.org\/static\/planet4-italy-stateless\/2019\/07\/87a8ed66-gp0stt8am_web_size-227x340.jpg 227w\" sizes=\"(max-width: 533px) 100vw, 533px\" \/><\/p>\n<p>L\u2019attuale governo brasiliano sembra sposare questa visione delle foreste come dei fornitissimi discount dai quali prelevare tutto ci\u00f2 che si desidera senza alcun criterio tranne quello del profitto. Oltre a minimizzare le preoccupazioni ambientali minacciando di abbandonare gli impegni presi con l\u2019accordo di Parigi\u00a0sui\u00a0cambiamenti climatici, oltre ad indebolire l&#8217;ente preposto agli affari indigeni (FUNAI), il presidente brasiliano Jair Bolsonaro ha promesso in numerose occasioni di aprire a societ\u00e0 straniere le aree protette del Paese, per permetterne lo sfruttamento. Sarebbe invece dovere dello Stato brasiliano proteggere i <strong>territori indigeni<\/strong> e le loro popolazioni, fermando l\u2019accaparramento delle terre e impedendo che vengano perpetrare attivit\u00e0 illegali che mettono in pericolo la <strong>foresta amazzonica<\/strong> e le persone che la abitano da sempre.<\/p>\n<p>Secondo l&#8217;Istituto brasiliano di ricerche spaziali (INPE), tra il primo gennaio 2019, data dell\u2019entrata in carica di Bolsonaro, e il 24 luglio, <strong>sono stati distrutti 4.200 chilometri quadrati di foresta<\/strong>: il 50 per cento in pi\u00f9 rispetto ai primi sette mesi del 2018 e oltre il doppio dell&#8217;area deforestata nello stesso periodo nel 2017.<\/p>\n<p>Greenpeace Brasile sostiene il Consiglio dei villaggi Waj\u00e3pi (Apina) e il Coordinamento delle organizzazioni indigene dell\u2019Amazzonia Brasiliana (Coiab) nelle loro rivendicazioni per il rispetto dei diritti costituzionali e dell\u2019autodeterminazione.<\/p>\n<p>Greenpeace condanna ogni forma di violenza perpetrata nei confronti dei Popoli Indigeni e chiede al governo brasiliano di indagare sulla morte di Emyra Wai\u00e3pa, di individuarne i responsabili e di garantire l&#8217;integrit\u00e0 fisica e culturale del Popolo Waj\u00e3pi e del loro territorio.<\/p>\n<p><img decoding=\"async\" class=\"size-full wp-image-5921\" src=\"https:\/\/www.greenpeace.org\/static\/planet4-italy-stateless\/2019\/07\/b5b6ae69-gp0str2n1_web_size.jpg\" alt=\"\" width=\"100%\" height=\"534\" srcset=\"https:\/\/www.greenpeace.org\/static\/planet4-italy-stateless\/2019\/07\/b5b6ae69-gp0str2n1_web_size.jpg 800w, https:\/\/www.greenpeace.org\/static\/planet4-italy-stateless\/2019\/07\/b5b6ae69-gp0str2n1_web_size-300x200.jpg 300w, https:\/\/www.greenpeace.org\/static\/planet4-italy-stateless\/2019\/07\/b5b6ae69-gp0str2n1_web_size-768x513.jpg 768w, https:\/\/www.greenpeace.org\/static\/planet4-italy-stateless\/2019\/07\/b5b6ae69-gp0str2n1_web_size-510x340.jpg 510w\" sizes=\"(max-width: 800px) 100vw, 800px\" \/><\/p>\n<p>&nbsp;<\/p>\n\t\t\t<section\n\t\t\tclass=\"boxout post-5612 \"\n\t\t\t\n\t\t>\n\t\t\t<a\n\t\t\t\tdata-ga-category=\"Take Action Boxout\"\n\t\t\t\tdata-ga-action=\"Image\"\n\t\t\t\tdata-ga-label=\"n\/a\"\n\t\t\t\tclass=\"cover-card-overlay\"\n\t\t\t\thref=\"https:\/\/www.greenpeace.org\/italy\/attivati\/le-foreste-stanno-svanendo\/\" \n\t\t\t><\/a>\n\t\t\t\t\t\t\t<img\n\t\t\t\t\t\tsrc=\"https:\/\/www.greenpeace.org\/static\/planet4-italy-stateless\/2019\/06\/064cb29a-gp0stqfkj_high_res-1024x684.jpg\"\n\t\t\t\t\t\tsrcset=\"https:\/\/www.greenpeace.org\/static\/planet4-italy-stateless\/2019\/06\/064cb29a-gp0stqfkj_high_res-300x200.jpg 300w, https:\/\/www.greenpeace.org\/static\/planet4-italy-stateless\/2019\/06\/064cb29a-gp0stqfkj_high_res-768x513.jpg 768w, https:\/\/www.greenpeace.org\/static\/planet4-italy-stateless\/2019\/06\/064cb29a-gp0stqfkj_high_res-1024x684.jpg 1024w, https:\/\/www.greenpeace.org\/static\/planet4-italy-stateless\/2019\/06\/064cb29a-gp0stqfkj_high_res-510x340.jpg 510w, https:\/\/www.greenpeace.org\/static\/planet4-italy-stateless\/2019\/06\/064cb29a-gp0stqfkj_high_res.jpg 1200w\"\n\t\t\t\t\t\tsizes=\"(min-width: 1000px) 358px, (min-width: 780px) 313px, 88px\"\n\t\t\t\t\t\talt=\"\" title=\"\"\n\t\t\t\t\/>\n            \t\t\t<div class=\"boxout-content\">\n\t\t\t\t\t\t\t\t\t<a\n\t\t\t\t\t\tclass=\"boxout-heading medium\"\n\t\t\t\t\t\tdata-ga-category=\"Take Action Boxout\"\n\t\t\t\t\t\tdata-ga-action=\"Title\"\n\t\t\t\t\t\tdata-ga-label=\"n\/a\"\n\t\t\t\t\t\thref=\"https:\/\/www.greenpeace.org\/italy\/attivati\/le-foreste-stanno-svanendo\/\"\n\t\t\t\t\t\t\n\t\t\t\t\t>\n\t\t\t\t\t\tLe foreste stanno svanendo nel nulla\n\t\t\t\t\t<\/a>\n\t\t\t\t\t\t\t\t\t\t\t\t\t<p class=\"boxout-excerpt\">Le foreste, vitali per il clima e la biodiversit\u00e0, stanno scomparendo. Se vogliamo proteggere il pianeta e noi stessi, dobbiamo fermare la deforestazione. <\/p>\n\t\t\t\t                                    <a\n                        class=\"btn btn-primary\"\n                        data-ga-category=\"Take Action Boxout\"\n                        data-ga-action=\"Call to Action\"\n                        data-ga-label=\"n\/a\"\n                        href=\"https:\/\/www.greenpeace.org\/italy\/attivati\/le-foreste-stanno-svanendo\/\"\n                        \n                    >\n                        Partecipa\n                    <\/a>\n                \t\t\t<\/div>\n\t\t\t\t\t<\/section>\n\t","protected":false},"excerpt":{"rendered":"<p>Deforestazioni e violenze che cambiano il volto dell&#8217;Amazzonia<\/p>\n","protected":false},"author":33,"featured_media":5929,"comment_status":"closed","ping_status":"open","sticky":false,"template":"","format":"standard","meta":{"ep_exclude_from_search":false,"p4_og_title":"","p4_og_description":"","p4_og_image":"","p4_og_image_id":"","p4_seo_canonical_url":"","p4_campaign_name":"","p4_local_project":"","p4_basket_name":"","p4_department":"","footnotes":""},"categories":[20,17],"tags":[22,27,29,36],"p4-page-type":[19],"class_list":["post-5903","post","type-post","status-publish","format-standard","has-post-thumbnail","hentry","category-denuncia","category-proteggi","tag-biodiversita","tag-agricoltura","tag-clima","tag-foreste","p4-page-type-storia"],"_links":{"self":[{"href":"https:\/\/www.greenpeace.org\/italy\/wp-json\/wp\/v2\/posts\/5903","targetHints":{"allow":["GET"]}}],"collection":[{"href":"https:\/\/www.greenpeace.org\/italy\/wp-json\/wp\/v2\/posts"}],"about":[{"href":"https:\/\/www.greenpeace.org\/italy\/wp-json\/wp\/v2\/types\/post"}],"author":[{"embeddable":true,"href":"https:\/\/www.greenpeace.org\/italy\/wp-json\/wp\/v2\/users\/33"}],"replies":[{"embeddable":true,"href":"https:\/\/www.greenpeace.org\/italy\/wp-json\/wp\/v2\/comments?post=5903"}],"version-history":[{"count":6,"href":"https:\/\/www.greenpeace.org\/italy\/wp-json\/wp\/v2\/posts\/5903\/revisions"}],"predecessor-version":[{"id":14880,"href":"https:\/\/www.greenpeace.org\/italy\/wp-json\/wp\/v2\/posts\/5903\/revisions\/14880"}],"wp:featuredmedia":[{"embeddable":true,"href":"https:\/\/www.greenpeace.org\/italy\/wp-json\/wp\/v2\/media\/5929"}],"wp:attachment":[{"href":"https:\/\/www.greenpeace.org\/italy\/wp-json\/wp\/v2\/media?parent=5903"}],"wp:term":[{"taxonomy":"category","embeddable":true,"href":"https:\/\/www.greenpeace.org\/italy\/wp-json\/wp\/v2\/categories?post=5903"},{"taxonomy":"post_tag","embeddable":true,"href":"https:\/\/www.greenpeace.org\/italy\/wp-json\/wp\/v2\/tags?post=5903"},{"taxonomy":"p4-page-type","embeddable":true,"href":"https:\/\/www.greenpeace.org\/italy\/wp-json\/wp\/v2\/p4-page-type?post=5903"}],"curies":[{"name":"wp","href":"https:\/\/api.w.org\/{rel}","templated":true}]}}