{"id":6016,"date":"2019-08-09T10:51:19","date_gmt":"2019-08-09T08:51:19","guid":{"rendered":"https:\/\/www.greenpeace.org\/italy\/?p=6016"},"modified":"2024-02-23T10:08:51","modified_gmt":"2024-02-23T09:08:51","slug":"la-giornata-internazionale-dei-popoli-indigeni","status":"publish","type":"post","link":"https:\/\/www.greenpeace.org\/italy\/storia\/6016\/la-giornata-internazionale-dei-popoli-indigeni\/","title":{"rendered":"La Giornata Internazionale dei Popoli Indigeni"},"content":{"rendered":"<div class=\"mceTemp\"><\/div>\n<div id=\"attachment_6020\" style=\"width: 810px\" class=\"wp-caption alignnone\"><img loading=\"lazy\" decoding=\"async\" aria-describedby=\"caption-attachment-6020\" class=\"wp-image-6020 size-full\" src=\"https:\/\/www.greenpeace.org\/static\/planet4-italy-stateless\/2019\/08\/161ca812-gp0stt977_web_size_with_credit_line.jpg\" alt=\"\" width=\"800\" height=\"534\" srcset=\"https:\/\/www.greenpeace.org\/static\/planet4-italy-stateless\/2019\/08\/161ca812-gp0stt977_web_size_with_credit_line.jpg 800w, https:\/\/www.greenpeace.org\/static\/planet4-italy-stateless\/2019\/08\/161ca812-gp0stt977_web_size_with_credit_line-300x200.jpg 300w, https:\/\/www.greenpeace.org\/static\/planet4-italy-stateless\/2019\/08\/161ca812-gp0stt977_web_size_with_credit_line-768x513.jpg 768w, https:\/\/www.greenpeace.org\/static\/planet4-italy-stateless\/2019\/08\/161ca812-gp0stt977_web_size_with_credit_line-510x340.jpg 510w\" sizes=\"auto, (max-width: 800px) 100vw, 800px\" \/><p id=\"caption-attachment-6020\" class=\"wp-caption-text\">The Acampamento Terra Livre &#8211; ATL (in English: Free Land Camp), happening from April 24th to 26th, 2019, is the main and largest annual assembly of indigenous leaders coming from the five regions of Brazil.<\/p><\/div>\n<p>Il 9 agosto si celebra la <strong>Giornata Internazionale dei Popoli Indigeni<\/strong> del mondo, istituita dall&#8217;Assemblea generale delle Nazioni Unite nel dicembre 1994, per ricordate il primo incontro del Gruppo di lavoro delle Nazioni Unite sui <strong>Popoli Indigeni<\/strong> che ebbe luogo nel 1982.<\/p>\n<p>Oggi, 37 anni dopo, la nostra situazione \u00e8 ancora difficile: sono innumerevoli i Popoli Indigeni che devono ancora lottare per difendere la loro terra e la loro cultura, la loro lingua e i loro mezzi di sussistenza tradizionali. Soprattutto, alla sfida per ottenere il giusto riconoscimento, si \u00e8 aggiunta quella dei <strong>cambiamenti climatici<\/strong>.<\/p>\n<p>I <strong>cambiamenti climatici<\/strong> stanno avendo un forte impatto sui <strong>Popoli Indigeni<\/strong> del mondo, da quelli che, come il mio, abitano la<strong> Grande Foresta nel Nord<\/strong>, a quelli che popolano le piccole<strong> isole del Pacifico<\/strong>. Nell&#8217;<strong>Artico<\/strong>, la neve e il ghiaccio si stanno sciogliendo mettendo in pericolo la vita e le tradizioni dei Popoli la cui cultura e sopravvivenza sono legati al pascolo delle <strong>renne<\/strong>, come nel caso del <strong>Popolo S\u00e1mi<\/strong>, al quale appartengo. Nel <strong>Pacifico<\/strong>, invece, l\u2019<strong>innalzamento del livello del mare<\/strong> far\u00e0 sparire intere isole sulle quale altri Popoli Indigeni hanno vissuto per migliaia di anni. Come se non bastasse, l&#8217;impatto di alcune delle cosiddette \u201c<em>misure per mitigare i cambiamenti climatici<\/em>\u201d rischiano di peggiorare la nostra situazione. Penso alla <strong>deforestazione<\/strong> causata per lasciare spazio alle <strong>monoculture<\/strong> per la produzione di <strong>biocombustibili<\/strong> o alla costruzione di gigantesche centrali idroelettriche\u2026\u00a0 nonostante avremmo il diritto ad essere consultati previamente in modo libero e informato, spesso i Popoli Indigeni non vengono presi in considerazione e anzi, vengono privati, in maniera anche violenta, delle proprie terre.<\/p>\n<p>La questione delle violenze ai danni di chi difende il Pianeta \u00e8 stata trattata in un recente rapporto di Global Witness, che denuncia l\u2019uccisione di ben 164 difensori della terra e dell&#8217;ambiente nel 2018. Molti di loro erano indigeni. Questi attivisti sono stati uccisi per aver difeso la loro casa, la loro terra e la <strong>natura<\/strong> dallo sfruttamento causato dall\u2019industria estrattiva, da quella del legname o dal quella <strong>dell\u2019agribusiness<\/strong>.<\/p>\n<div id=\"attachment_6018\" style=\"width: 810px\" class=\"wp-caption alignnone\"><img loading=\"lazy\" decoding=\"async\" aria-describedby=\"caption-attachment-6018\" class=\"size-full wp-image-6018\" src=\"https:\/\/www.greenpeace.org\/static\/planet4-italy-stateless\/2019\/08\/0c19c905-gp0stsewy_web_size_with_credit_line.jpg\" alt=\"\" width=\"800\" height=\"533\" srcset=\"https:\/\/www.greenpeace.org\/static\/planet4-italy-stateless\/2019\/08\/0c19c905-gp0stsewy_web_size_with_credit_line.jpg 800w, https:\/\/www.greenpeace.org\/static\/planet4-italy-stateless\/2019\/08\/0c19c905-gp0stsewy_web_size_with_credit_line-300x200.jpg 300w, https:\/\/www.greenpeace.org\/static\/planet4-italy-stateless\/2019\/08\/0c19c905-gp0stsewy_web_size_with_credit_line-768x512.jpg 768w, https:\/\/www.greenpeace.org\/static\/planet4-italy-stateless\/2019\/08\/0c19c905-gp0stsewy_web_size_with_credit_line-510x340.jpg 510w\" sizes=\"auto, (max-width: 800px) 100vw, 800px\" \/><p id=\"caption-attachment-6018\" class=\"wp-caption-text\">The Indigenous S\u00e1mi youth organisation Suoma S\u00e1mi Nuorat, Suohpanterror artivist collective and Greenpeace activists join in a demonstration against industrial exploitation of the Great Northern Forest in the S\u00e1mi territory in northern Finland early September 2018.<\/p><\/div>\n<p>Il fatto che i governi riconoscano il nostro diritto alla terra \u00e8 fondamentale, perch\u00e9 dalla terra e dall\u2019acqua dipendono i nostri mezzi tradizionali di <strong>sussistenza<\/strong>, che costituiscono un pilastro fondamentale delle nostre culture. La cultura indigena del Popolo Sami, ad esempio, si basa sull&#8217;uso gratuito della terra, dell\u2019acqua e delle risorse naturali. Il modo di vivere e l&#8217;identit\u00e0 dei Sami dipendono infatti dall&#8217;allevamento delle renne, alla pesca, alla caccia, all&#8217;artigianato e la raccolta di prodotti naturali\u2026 cio\u00e8 dall\u2019uso che facciamo della terra, dell\u2019acqua e della <strong>natura<\/strong>. Anche in Finlandia, proteggere i territori nei quali abitiamo da sempre non \u00e8 facile e i conflitti stanno aumentando. Il caso pi\u00f9 recente \u00e8 quello della \u201c<strong>ferrovia artica<\/strong>\u201d, che dovrebbe unire il Mar Glaciale Artico a Rovaniemi e da qui collegarsi con le linee che gi\u00e0 viaggiano verso il Centro Europa, rendendo pi\u00f9 facile trasportare<strong> petrolio e gas<\/strong>. Noi non siamo mai stati consultati in modo adeguato, ma il progetto della ferrovia interessa alcune aree molto importanti per il mio Popolo e per l&#8217;allevamento delle renne e rischia quindi di avere gravi conseguenze per la nostra cultura.<\/p>\n<div id=\"attachment_6019\" style=\"width: 810px\" class=\"wp-caption alignnone\"><img loading=\"lazy\" decoding=\"async\" aria-describedby=\"caption-attachment-6019\" class=\"wp-image-6019 size-full\" src=\"https:\/\/www.greenpeace.org\/static\/planet4-italy-stateless\/2019\/08\/2fd47c9f-gp0stt97i_web_size_with_credit_line.jpg\" alt=\"\" width=\"800\" height=\"534\" srcset=\"https:\/\/www.greenpeace.org\/static\/planet4-italy-stateless\/2019\/08\/2fd47c9f-gp0stt97i_web_size_with_credit_line.jpg 800w, https:\/\/www.greenpeace.org\/static\/planet4-italy-stateless\/2019\/08\/2fd47c9f-gp0stt97i_web_size_with_credit_line-300x200.jpg 300w, https:\/\/www.greenpeace.org\/static\/planet4-italy-stateless\/2019\/08\/2fd47c9f-gp0stt97i_web_size_with_credit_line-768x513.jpg 768w, https:\/\/www.greenpeace.org\/static\/planet4-italy-stateless\/2019\/08\/2fd47c9f-gp0stt97i_web_size_with_credit_line-510x340.jpg 510w\" sizes=\"auto, (max-width: 800px) 100vw, 800px\" \/><p id=\"caption-attachment-6019\" class=\"wp-caption-text\">The Acampamento Terra Livre &#8211; ATL (in English: Free Land Camp), happening from April 24th to 26th, 2019, is the main and largest annual assembly of indigenous leaders coming from the five regions of Brazil.<\/p><\/div>\n<div id=\"attachment_6017\" style=\"width: 810px\" class=\"wp-caption alignnone\"><img loading=\"lazy\" decoding=\"async\" aria-describedby=\"caption-attachment-6017\" class=\"wp-image-6017 size-full\" src=\"https:\/\/www.greenpeace.org\/static\/planet4-italy-stateless\/2019\/08\/0ae8e337-gp04o4h_web_size_with_credit_line.jpg\" alt=\"\" width=\"800\" height=\"533\" srcset=\"https:\/\/www.greenpeace.org\/static\/planet4-italy-stateless\/2019\/08\/0ae8e337-gp04o4h_web_size_with_credit_line.jpg 800w, https:\/\/www.greenpeace.org\/static\/planet4-italy-stateless\/2019\/08\/0ae8e337-gp04o4h_web_size_with_credit_line-300x200.jpg 300w, https:\/\/www.greenpeace.org\/static\/planet4-italy-stateless\/2019\/08\/0ae8e337-gp04o4h_web_size_with_credit_line-768x512.jpg 768w, https:\/\/www.greenpeace.org\/static\/planet4-italy-stateless\/2019\/08\/0ae8e337-gp04o4h_web_size_with_credit_line-510x340.jpg 510w\" sizes=\"auto, (max-width: 800px) 100vw, 800px\" \/><p id=\"caption-attachment-6017\" class=\"wp-caption-text\">Tavolo village chief William Apeaua maps the land in front of community onlookers on the island of New Britain, Papua New Guinea. The forest provides food, medicine, craft and building materials for the Tavolo community.<\/p><\/div>\n<p>A proposito di cultura, vorrei evidenziare un altro aspetto: il 2019 \u00e8 stato proclamato dalle Nazione Unite \u201c<em>Anno Internazionale delle Lingue Indigene<\/em>\u201d. Le lingue sono fondamentali in quanto strumenti di comunicazione, educazione, integrazione sociale e sviluppo, ma anche come custodi di identit\u00e0 e di cultura e tradizioni. Eppure, nonostante il loro valore inestimabile, molte lingue in tutto il mondo continuano a scomparire ad un ritmo allarmante. Molte di queste lingue sono quelle indigene: secondo le Nazioni Unite, ogni due settimane una lingua indigena si estingue e delle circa 7.600 lingue parlate in tutto il mondo, 2.680 lingue indigene sono in pericolo.<\/p>\n<p>Concordo con la Presidente dell&#8217;Assemblea Generale delle Nazioni Unite, Maria Fernanda Espinosa e voglio ribadire il suo messaggio: \u201c<em>Il 2019 deve servire da punto di svolta del nostro sforzo collettivo collettivo per salvare le lingue indigene e tutti coloro che le parlano<\/em>&#8220;.<\/p>\n<p>Oggi, tutti dovremmo celebrare questa giornata ricordando quei fratelli e sorelle indigeni che hanno perso la vita per aver difeso non solo la loro cultura, ma anche il nostro Pianeta.<\/p>\n<p><em>Inka Saara Arttijeff<\/em><\/p>\n<p>***<\/p>\n<p>Inka Saara Arttijeff\u00a0\u00e8 cresciuta in una famiglia Inari Sami di allevatori di renne e pescatori. Gi\u00e0 a vent\u2019anni ha cominciato ad interessarsi di diritti indigeni e di politica Sami ed \u00e8 stata membro dei consigli di direzioni di varie organizzazioni Sami. Ha studiato relazioni internazionali, legge internazionale e sociologia dello sviluppo a Roma. Attualmente lavora come consigliere del Presidente del Parlamento Sami della Finlandia ed \u00e8 il responsabile ufficiale delle relazioni internazionali del Parlamento Sami. Tra le altre cose, rappresenta il Parlamento Sami ai forum internazionali e coordina il lavoro internazionale dello stesso. In precedenza, \u00e8 stata coordinatore elettorale al Parlamento Sami.<\/p>\n<p>&nbsp;<\/p>\n<div class=\"EmptyMessage\">Block content is empty. Check the block&#8217;s settings or remove it.<\/div>","protected":false},"excerpt":{"rendered":"<p>Moltissimi popoli indigeni devono ancora battersi per difendere la propria terra da uno sfruttamento senza scrupoli <\/p>\n","protected":false},"author":33,"featured_media":6020,"comment_status":"closed","ping_status":"open","sticky":false,"template":"","format":"standard","meta":{"ep_exclude_from_search":false,"p4_og_title":"","p4_og_description":"","p4_og_image":"","p4_og_image_id":"","p4_seo_canonical_url":"","p4_campaign_name":"","p4_local_project":"","p4_basket_name":"","p4_department":"","footnotes":""},"categories":[20,17,24],"tags":[18,29,31,36,32],"p4-page-type":[19],"class_list":["post-6016","post","type-post","status-publish","format-standard","has-post-thumbnail","hentry","category-denuncia","category-proteggi","category-scegli","tag-mare","tag-clima","tag-volontariato","tag-foreste","tag-energia","p4-page-type-storia"],"_links":{"self":[{"href":"https:\/\/www.greenpeace.org\/italy\/wp-json\/wp\/v2\/posts\/6016","targetHints":{"allow":["GET"]}}],"collection":[{"href":"https:\/\/www.greenpeace.org\/italy\/wp-json\/wp\/v2\/posts"}],"about":[{"href":"https:\/\/www.greenpeace.org\/italy\/wp-json\/wp\/v2\/types\/post"}],"author":[{"embeddable":true,"href":"https:\/\/www.greenpeace.org\/italy\/wp-json\/wp\/v2\/users\/33"}],"replies":[{"embeddable":true,"href":"https:\/\/www.greenpeace.org\/italy\/wp-json\/wp\/v2\/comments?post=6016"}],"version-history":[{"count":2,"href":"https:\/\/www.greenpeace.org\/italy\/wp-json\/wp\/v2\/posts\/6016\/revisions"}],"predecessor-version":[{"id":14869,"href":"https:\/\/www.greenpeace.org\/italy\/wp-json\/wp\/v2\/posts\/6016\/revisions\/14869"}],"wp:featuredmedia":[{"embeddable":true,"href":"https:\/\/www.greenpeace.org\/italy\/wp-json\/wp\/v2\/media\/6020"}],"wp:attachment":[{"href":"https:\/\/www.greenpeace.org\/italy\/wp-json\/wp\/v2\/media?parent=6016"}],"wp:term":[{"taxonomy":"category","embeddable":true,"href":"https:\/\/www.greenpeace.org\/italy\/wp-json\/wp\/v2\/categories?post=6016"},{"taxonomy":"post_tag","embeddable":true,"href":"https:\/\/www.greenpeace.org\/italy\/wp-json\/wp\/v2\/tags?post=6016"},{"taxonomy":"p4-page-type","embeddable":true,"href":"https:\/\/www.greenpeace.org\/italy\/wp-json\/wp\/v2\/p4-page-type?post=6016"}],"curies":[{"name":"wp","href":"https:\/\/api.w.org\/{rel}","templated":true}]}}