{"id":6109,"date":"2019-09-19T12:22:02","date_gmt":"2019-09-19T10:22:02","guid":{"rendered":"https:\/\/www.greenpeace.org\/italy\/?p=6109"},"modified":"2021-12-01T13:40:34","modified_gmt":"2021-12-01T12:40:34","slug":"fridays-for-future-cosa-non-siamo-noi-giovani-per-il-clima","status":"publish","type":"post","link":"https:\/\/www.greenpeace.org\/italy\/storia\/6109\/fridays-for-future-cosa-non-siamo-noi-giovani-per-il-clima\/","title":{"rendered":"Fridays For Future: cosa non siamo noi giovani per il clima"},"content":{"rendered":"<p><img decoding=\"async\" class=\"size-large wp-image-5434\" src=\"https:\/\/www.greenpeace.org\/static\/planet4-italy-stateless\/2019\/05\/89844847-gp0stt4xw-1024x683.jpg\" alt=\"Fridays for Future Student Demonstration in Vienna. \u00a9 Mitja Kobal \/ Greenpeace\" width=\"100%\" height=\"683\" srcset=\"https:\/\/www.greenpeace.org\/static\/planet4-italy-stateless\/2019\/05\/89844847-gp0stt4xw-1024x683.jpg 1024w, https:\/\/www.greenpeace.org\/static\/planet4-italy-stateless\/2019\/05\/89844847-gp0stt4xw-300x200.jpg 300w, https:\/\/www.greenpeace.org\/static\/planet4-italy-stateless\/2019\/05\/89844847-gp0stt4xw-768x512.jpg 768w, https:\/\/www.greenpeace.org\/static\/planet4-italy-stateless\/2019\/05\/89844847-gp0stt4xw-510x340.jpg 510w, https:\/\/www.greenpeace.org\/static\/planet4-italy-stateless\/2019\/05\/89844847-gp0stt4xw.jpg 1200w\" sizes=\"(max-width: 1024px) 100vw, 1024px\" \/><\/p>\n<p>Da quando il fenomeno <strong>Greta Thunberg<\/strong> \u00e8 esploso e i giovani di <strong>Fridays For Future<\/strong> hanno iniziato a riempire le piazze di tutto il mondo, i media si sono sbizzarriti nel cercare di dare una definizione precisa del movimento per il clima. Per alcuni, i giovani che saltano la scuola sono un nuovo \u201968, mentre per altri sono poco pi\u00f9 che <em>gretini<\/em>; per alcuni faranno la storia, per altri possono sparire senza lasciare il segno.<\/p>\n<p>La stampa e l\u2019opinione pubblica hanno gi\u00e0 speso fiumi d\u2019inchiostro per raccontare cosa sia <strong>Fridays For Future<\/strong>, ma quanti si sono interrogati su cosa noi giovani attivisti per il clima <strong>non<\/strong> siamo?<\/p>\n<p><strong>1) Non siamo ambientalisti.<\/strong><\/p>\n<p>Ebbene s\u00ec: per quanto strano possa sembrare, il termine <strong>ambientalismo<\/strong> non \u00e8 il pi\u00f9 adatto per descrivere il nostro movimento. Rispetto alle storiche posizioni dei movimenti per l\u2019ambiente \u2013 che rivendichiamo e facciamo nostre \u2013 di rispetto della natura, del Pianeta che ci ospita, degli animali, noi aggiungiamo un elemento ben pi\u00f9 egoista: noi siamo innanzitutto preoccupati per noi stessi, per quel benessere che vorremmo nel nostro futuro e che il <strong>cambiamento climatico<\/strong> mette inevitabilmente a rischio. Una differenza di narrazione che gi\u00e0 da tempo era in atto nei movimenti verdi \u2013 e le campagne di <strong>Greenpeace<\/strong> ne sono un perfetto esempio \u2013 ma che diventa centrale con la nuova ondata ecologista.<\/p>\n<p><strong>2) Non siamo tutti sulla stessa barca.<\/strong><\/p>\n<p>La metafora dell\u2019umanit\u00e0 come nave che affonda \u00e8 in uso da tempo nel mondo dell\u2019attivismo ecologista, ma risulta insufficiente per descrivere una delle parole d\u2019ordine pi\u00f9 importanti per Fridays: la giustizia climatica.<\/p>\n<p>Di fronte al <strong>collasso ecologico<\/strong> non siamo tutti uguali: affianco ai milioni, miliardi di persone comuni che si vedranno danneggiate dalle disastrose conseguenze del <strong><em>climate change<\/em><\/strong> troviamo una minoranza piccola ma potente, un 1% che guadagna da inquinamento ed emissioni. Sono i proprietari delle grandi industrie dannose per <strong>l\u2019ambiente,<\/strong> i magnati del <strong>fossile,<\/strong> i politici sul loro libro paga. Giustizia climatica significa per noi essere coscienti che la transizione ecologica va fatta \u2013 e va fatta subito \u2013 ma il suo costo deve ricadere su chi \u00e8 responsabile della crisi climatica, e non sulle fasce sociali pi\u00f9 deboli.<\/p>\n<p><strong>3) Non abbiamo tempo.<\/strong><\/p>\n<p>\u00c8 uno degli slogan pi\u00f9 urlati nelle piazze dei global strike per il <strong>clima,<\/strong> ma anche quello che pi\u00f9 riassume l\u2019essenza di un movimento come il nostro. I tempi che la scienza ci indica per invertire la rotta sono stretti, strettissimi, e per questo non possiamo accettare soluzioni di <em>\u201ctransizione\u201d<\/em>, \u201c<em>lente\u201d<\/em>,<em> \u201cpasso dopo passo\u201d<\/em>. Il cambiamento deve arrivare, e deve arrivare ora. Anche per questo siamo un movimento che accoglie tutte le fasce d\u2019et\u00e0, ma fondamentalmente <em>youth-led<\/em>: siamo noi giovani ad avere pi\u00f9 vita davanti e quindi pi\u00f9 tempo per assistere e subire alluvioni, desertificazioni, precipitazioni estreme.<\/p>\n<p>Analizzare Fridays For Future, capire cosa il nostro movimento non sia, ci aiuta a comprenderne il successo e a prevederne gli esiti. Per capire cosa siamo davvero, invece, non c\u2019\u00e8 che da unirsi a noi. Vi aspettiamo in piazza venerd\u00ec 27 settembre, in tutte le citt\u00e0 italiane. <strong>Non mancate!<\/strong><\/p>\n<p>&nbsp;<\/p>\n<p>Lorenzo Tecleme, FFF di Sassari<\/p>\n<p style=\"text-align: center;\">***<\/p>\n<div id=\"attachment_6112\" style=\"width: 970px\" class=\"wp-caption alignnone\"><img loading=\"lazy\" decoding=\"async\" aria-describedby=\"caption-attachment-6112\" class=\"size-full wp-image-6112\" src=\"https:\/\/www.greenpeace.org\/static\/planet4-italy-stateless\/2019\/09\/1da1440d-foto-lorenzo.jpeg\" alt=\"\" width=\"960\" height=\"960\" srcset=\"https:\/\/www.greenpeace.org\/static\/planet4-italy-stateless\/2019\/09\/1da1440d-foto-lorenzo.jpeg 960w, https:\/\/www.greenpeace.org\/static\/planet4-italy-stateless\/2019\/09\/1da1440d-foto-lorenzo-150x150.jpeg 150w, https:\/\/www.greenpeace.org\/static\/planet4-italy-stateless\/2019\/09\/1da1440d-foto-lorenzo-300x300.jpeg 300w, https:\/\/www.greenpeace.org\/static\/planet4-italy-stateless\/2019\/09\/1da1440d-foto-lorenzo-768x768.jpeg 768w, https:\/\/www.greenpeace.org\/static\/planet4-italy-stateless\/2019\/09\/1da1440d-foto-lorenzo-340x340.jpeg 340w\" sizes=\"auto, (max-width: 960px) 100vw, 960px\" \/><p id=\"caption-attachment-6112\" class=\"wp-caption-text\">Lorenzo Tecleme &#8211; FFF Sassari<\/p><\/div>\n<div class=\"EmptyMessage\">Block content is empty. Check the block&#8217;s settings or remove it.<\/div>","protected":false},"excerpt":{"rendered":"<p>Che cosa sono i Fridays For Future, o meglio&#8230; Che cosa non sono?<\/p>\n","protected":false},"author":40,"featured_media":5331,"comment_status":"closed","ping_status":"open","sticky":false,"template":"","format":"standard","meta":{"ep_exclude_from_search":false,"p4_og_title":"","p4_og_description":"","p4_og_image":"","p4_og_image_id":"","p4_seo_canonical_url":"","p4_campaign_name":"","p4_local_project":"","p4_basket_name":"","p4_department":"","footnotes":""},"categories":[20,17,24],"tags":[21,25,29,31,32],"p4-page-type":[19],"class_list":["post-6109","post","type-post","status-publish","format-standard","has-post-thumbnail","hentry","category-denuncia","category-proteggi","category-scegli","tag-inquinamento","tag-consumi","tag-clima","tag-volontariato","tag-energia","p4-page-type-storia"],"_links":{"self":[{"href":"https:\/\/www.greenpeace.org\/italy\/wp-json\/wp\/v2\/posts\/6109","targetHints":{"allow":["GET"]}}],"collection":[{"href":"https:\/\/www.greenpeace.org\/italy\/wp-json\/wp\/v2\/posts"}],"about":[{"href":"https:\/\/www.greenpeace.org\/italy\/wp-json\/wp\/v2\/types\/post"}],"author":[{"embeddable":true,"href":"https:\/\/www.greenpeace.org\/italy\/wp-json\/wp\/v2\/users\/40"}],"replies":[{"embeddable":true,"href":"https:\/\/www.greenpeace.org\/italy\/wp-json\/wp\/v2\/comments?post=6109"}],"version-history":[{"count":10,"href":"https:\/\/www.greenpeace.org\/italy\/wp-json\/wp\/v2\/posts\/6109\/revisions"}],"predecessor-version":[{"id":14854,"href":"https:\/\/www.greenpeace.org\/italy\/wp-json\/wp\/v2\/posts\/6109\/revisions\/14854"}],"wp:featuredmedia":[{"embeddable":true,"href":"https:\/\/www.greenpeace.org\/italy\/wp-json\/wp\/v2\/media\/5331"}],"wp:attachment":[{"href":"https:\/\/www.greenpeace.org\/italy\/wp-json\/wp\/v2\/media?parent=6109"}],"wp:term":[{"taxonomy":"category","embeddable":true,"href":"https:\/\/www.greenpeace.org\/italy\/wp-json\/wp\/v2\/categories?post=6109"},{"taxonomy":"post_tag","embeddable":true,"href":"https:\/\/www.greenpeace.org\/italy\/wp-json\/wp\/v2\/tags?post=6109"},{"taxonomy":"p4-page-type","embeddable":true,"href":"https:\/\/www.greenpeace.org\/italy\/wp-json\/wp\/v2\/p4-page-type?post=6109"}],"curies":[{"name":"wp","href":"https:\/\/api.w.org\/{rel}","templated":true}]}}