{"id":6152,"date":"2019-09-23T17:06:02","date_gmt":"2019-09-23T15:06:02","guid":{"rendered":"https:\/\/www.greenpeace.org\/italy\/?p=6152"},"modified":"2021-12-01T13:40:30","modified_gmt":"2021-12-01T12:40:30","slug":"io-scendo-in-piazza-per-il-clima-e-tu","status":"publish","type":"post","link":"https:\/\/www.greenpeace.org\/italy\/storia\/6152\/io-scendo-in-piazza-per-il-clima-e-tu\/","title":{"rendered":"Io scendo in piazza per il clima, e tu?"},"content":{"rendered":"<p><span style=\"font-weight: 400;\">\u00c8 appena iniziata la <strong>Global<\/strong> <\/span><b>Climate Week<\/b><span style=\"font-weight: 400;\"> organizzata dal movimento <\/span><b>Fridays For Future<\/b><span style=\"font-weight: 400;\">, una settimana di azione per il <strong>clima<\/strong>: quale occasione migliore per sensibilizzare tutti su quanto sia importante agire concretamente per salvare il Pianeta dal <strong>riscaldamento globale<\/strong>?<\/span><\/p>\n<div id=\"attachment_6154\" style=\"width: 810px\" class=\"wp-caption alignnone\"><img loading=\"lazy\" decoding=\"async\" aria-describedby=\"caption-attachment-6154\" class=\"size-full wp-image-6154\" src=\"https:\/\/www.greenpeace.org\/static\/planet4-italy-stateless\/2019\/09\/ce8d344f-gp0stt8hi_web_size_with_credit_line.jpg\" alt=\"\" width=\"800\" height=\"533\" srcset=\"https:\/\/www.greenpeace.org\/static\/planet4-italy-stateless\/2019\/09\/ce8d344f-gp0stt8hi_web_size_with_credit_line.jpg 800w, https:\/\/www.greenpeace.org\/static\/planet4-italy-stateless\/2019\/09\/ce8d344f-gp0stt8hi_web_size_with_credit_line-300x200.jpg 300w, https:\/\/www.greenpeace.org\/static\/planet4-italy-stateless\/2019\/09\/ce8d344f-gp0stt8hi_web_size_with_credit_line-768x512.jpg 768w, https:\/\/www.greenpeace.org\/static\/planet4-italy-stateless\/2019\/09\/ce8d344f-gp0stt8hi_web_size_with_credit_line-510x340.jpg 510w\" sizes=\"auto, (max-width: 800px) 100vw, 800px\" \/><p id=\"caption-attachment-6154\" class=\"wp-caption-text\">People during a demonstration joined by Greta Thunberg, Swedish teenager, climate activist and face of the Fridays for Future movement.<\/p><\/div>\n<h2><b>Hai un motivo per salvare il clima?<\/b><\/h2>\n<p><span style=\"font-weight: 400;\">Certo non dipende \u201c<em>solo da noi<\/em>\u201d, ma se non chiediamo noi per primi a governi e aziende di prendersi le loro responsabilit\u00e0 nei confronti dell\u2019unico<strong> Pianeta<\/strong> che abbiamo, chi lo far\u00e0 al posto nostro? L\u2019impatto &#8211; mediatico e reale &#8211; delle manifestazioni per il clima in tutto il mondo, ci dimostra che quando si insiste, INSIEME, anche le agende politiche pi\u00f9 fitte riescono ad essere modificate. E qui arriviamo al punto: il 27 settembre c\u2019\u00e8 il prossimo <strong>Global Climate Strike<\/strong>, il nuovo <strong>sciopero globale per il clima<\/strong>, e tantissime persone in tutta Italia (e nel mondo) sono pronte a scendere in piazza\u2026 ognuna ha il suo buon motivo. Ne hai uno (o pi\u00f9 di uno) anche tu? Bene, facciamo <strong>passaparola<\/strong> online: racconta perch\u00e9 scendi in piazza a <strong>difesa del clima<\/strong> e invita i tuoi amici a fare lo stesso!<\/span><\/p>\n<h2><b>Come partecipare online<\/b><\/h2>\n<ol>\n<li style=\"font-weight: 400;\"><span style=\"font-weight: 400;\">Pubblica una foto, un video, una story in cui spieghi <strong>perch\u00e9 \u201cscendi gi\u00f9\u201d in piazza a difesa del clima<\/strong> e del Pianeta!<\/span><\/li>\n<li style=\"font-weight: 400;\"><span style=\"font-weight: 400;\">Usa l\u2019hashtag <strong>#GlobalClimateStrike #ClimateAction<\/strong> e <strong>#UnitedForClimate<\/strong> e <strong>taggaci<\/strong> nel tuo post, nella tua story o nel tuo tweet (ci trovi su <\/span><a href=\"https:\/\/www.facebook.com\/GreenpeaceItalia\/\"><span style=\"font-weight: 400;\">Facebook<\/span><\/a><span style=\"font-weight: 400;\">, su <\/span><a href=\"https:\/\/www.instagram.com\/greenpeace_ita\/\"><span style=\"font-weight: 400;\">Instagram<\/span><\/a><span style=\"font-weight: 400;\"> e su <\/span><a href=\"https:\/\/twitter.com\/Greenpeace_ITA\"><span style=\"font-weight: 400;\">Twitter<\/span><\/a><span style=\"font-weight: 400;\">).\u00a0<\/span><\/li>\n<li style=\"font-weight: 400;\"><span style=\"font-weight: 400;\">Ancora meglio: invia il tuo video o il tuo messaggio agli amici e nei tuoi gruppi <strong>whatsapp o telegram<\/strong> e invitali a partecipare\u2026 bisogna fare rete!<\/span><\/li>\n<\/ol>\n<p><span style=\"font-weight: 400;\">L\u2019importante \u00e8 invitare uno o pi\u00f9 amici, follower e conoscenti a rilanciare il messaggio.\u00a0<\/span><\/p>\n<h2><b>Quando scendere in piazza<\/b><\/h2>\n<p><span style=\"font-weight: 400;\">Qui trovi inoltre <\/span><a href=\"https:\/\/www.google.com\/maps\/d\/edit?mid=1OWCzKNjjng5S2wP1y8uWrV5i8CLQ7Y_h&amp;ll=41.440494817019015%2C12.854532500000005&amp;z=6\"><span style=\"font-weight: 400;\">la mappa delle manifestazioni previste per il 27 settembre <\/span><\/a><span style=\"font-weight: 400;\">in Italia. Molti studenti, come proposto da <a href=\"https:\/\/www.facebook.com\/GreenBandMovement\/\">Green Band Movement<\/a>, indosseranno quel giorno dei <strong>braccialetti verdi<\/strong>, come simbolo della loro adesione allo sciopero per il clima: che sia un nastro o un elastico non importa, basta indossarlo simbolicamente.<\/span><\/p>\n<p><span style=\"font-weight: 400;\">Abbiamo un solo Pianeta, ed \u00e8 la nostra casa: \u00e8 ora di farci sentire! Scendi gi\u00f9, scendi gi\u00f9, manifesta pure tu!<\/span><\/p>\n<p><img loading=\"lazy\" decoding=\"async\" class=\"wp-image-6153 size-full\" src=\"https:\/\/www.greenpeace.org\/static\/planet4-italy-stateless\/2019\/09\/459d3c77-gp0stty07_web_size_with_credit_line.jpg\" alt=\"\" width=\"800\" height=\"533\" srcset=\"https:\/\/www.greenpeace.org\/static\/planet4-italy-stateless\/2019\/09\/459d3c77-gp0stty07_web_size_with_credit_line.jpg 800w, https:\/\/www.greenpeace.org\/static\/planet4-italy-stateless\/2019\/09\/459d3c77-gp0stty07_web_size_with_credit_line-300x200.jpg 300w, https:\/\/www.greenpeace.org\/static\/planet4-italy-stateless\/2019\/09\/459d3c77-gp0stty07_web_size_with_credit_line-768x512.jpg 768w, https:\/\/www.greenpeace.org\/static\/planet4-italy-stateless\/2019\/09\/459d3c77-gp0stty07_web_size_with_credit_line-510x340.jpg 510w\" sizes=\"auto, (max-width: 800px) 100vw, 800px\" \/><\/p>\n<div class=\"EmptyMessage\">Block content is empty. Check the block&#8217;s settings or remove it.<\/div>","protected":false},"excerpt":{"rendered":"<p>Ognuno ha il suo buon motivo per aderire al Global Climate Strike: racconta qual \u00e8 il tuo<\/p>\n","protected":false},"author":33,"featured_media":6154,"comment_status":"closed","ping_status":"open","sticky":false,"template":"","format":"standard","meta":{"ep_exclude_from_search":false,"p4_og_title":"","p4_og_description":"","p4_og_image":"","p4_og_image_id":"","p4_seo_canonical_url":"","p4_campaign_name":"","p4_local_project":"","p4_basket_name":"","p4_department":"","footnotes":""},"categories":[17,24],"tags":[22,29,31],"p4-page-type":[19],"class_list":["post-6152","post","type-post","status-publish","format-standard","has-post-thumbnail","hentry","category-proteggi","category-scegli","tag-biodiversita","tag-clima","tag-volontariato","p4-page-type-storia"],"_links":{"self":[{"href":"https:\/\/www.greenpeace.org\/italy\/wp-json\/wp\/v2\/posts\/6152","targetHints":{"allow":["GET"]}}],"collection":[{"href":"https:\/\/www.greenpeace.org\/italy\/wp-json\/wp\/v2\/posts"}],"about":[{"href":"https:\/\/www.greenpeace.org\/italy\/wp-json\/wp\/v2\/types\/post"}],"author":[{"embeddable":true,"href":"https:\/\/www.greenpeace.org\/italy\/wp-json\/wp\/v2\/users\/33"}],"replies":[{"embeddable":true,"href":"https:\/\/www.greenpeace.org\/italy\/wp-json\/wp\/v2\/comments?post=6152"}],"version-history":[{"count":4,"href":"https:\/\/www.greenpeace.org\/italy\/wp-json\/wp\/v2\/posts\/6152\/revisions"}],"predecessor-version":[{"id":14848,"href":"https:\/\/www.greenpeace.org\/italy\/wp-json\/wp\/v2\/posts\/6152\/revisions\/14848"}],"wp:featuredmedia":[{"embeddable":true,"href":"https:\/\/www.greenpeace.org\/italy\/wp-json\/wp\/v2\/media\/6154"}],"wp:attachment":[{"href":"https:\/\/www.greenpeace.org\/italy\/wp-json\/wp\/v2\/media?parent=6152"}],"wp:term":[{"taxonomy":"category","embeddable":true,"href":"https:\/\/www.greenpeace.org\/italy\/wp-json\/wp\/v2\/categories?post=6152"},{"taxonomy":"post_tag","embeddable":true,"href":"https:\/\/www.greenpeace.org\/italy\/wp-json\/wp\/v2\/tags?post=6152"},{"taxonomy":"p4-page-type","embeddable":true,"href":"https:\/\/www.greenpeace.org\/italy\/wp-json\/wp\/v2\/p4-page-type?post=6152"}],"curies":[{"name":"wp","href":"https:\/\/api.w.org\/{rel}","templated":true}]}}