{"id":6309,"date":"2019-10-15T12:49:33","date_gmt":"2019-10-15T10:49:33","guid":{"rendered":"https:\/\/www.greenpeace.org\/italy\/?p=6309"},"modified":"2024-02-23T10:08:13","modified_gmt":"2024-02-23T09:08:13","slug":"cambiamenti-climatici-limpressionismo-sponsored-by-generali","status":"publish","type":"post","link":"https:\/\/www.greenpeace.org\/italy\/storia\/6309\/cambiamenti-climatici-limpressionismo-sponsored-by-generali\/","title":{"rendered":"Cambiamenti climatici: l\u2019impressionismo sponsored by Generali"},"content":{"rendered":"<p><img decoding=\"async\" class=\"alignnone size-large wp-image-6310\" src=\"https:\/\/www.greenpeace.org\/static\/planet4-italy-stateless\/2019\/10\/93cedc20-museogeneralilow-9-1024x683.jpg\" alt=\"\" width=\"100%\" height=\"683\" srcset=\"https:\/\/www.greenpeace.org\/static\/planet4-italy-stateless\/2019\/10\/93cedc20-museogeneralilow-9-1024x683.jpg 1024w, https:\/\/www.greenpeace.org\/static\/planet4-italy-stateless\/2019\/10\/93cedc20-museogeneralilow-9-300x200.jpg 300w, https:\/\/www.greenpeace.org\/static\/planet4-italy-stateless\/2019\/10\/93cedc20-museogeneralilow-9-768x512.jpg 768w, https:\/\/www.greenpeace.org\/static\/planet4-italy-stateless\/2019\/10\/93cedc20-museogeneralilow-9-510x340.jpg 510w, https:\/\/www.greenpeace.org\/static\/planet4-italy-stateless\/2019\/10\/93cedc20-museogeneralilow-9.jpg 1900w\" sizes=\"(max-width: 1024px) 100vw, 1024px\" \/><\/p>\n<p>A Palazzo Bonaparte, in Piazza Venezia (Roma), lo scorso 6 ottobre \u00e8 stata inaugurata la mostra <strong><em>\u201cImpressionisti segreti\u201d<\/em><\/strong>, sponsorizzata da <strong>Generali:<\/strong> un evento culturale per celebrare <strong>l\u2019arte<\/strong> e la bellezza di paesaggi naturali incontaminati che, se nella seconda met\u00e0 dell\u2019800 potevano certamente rappresentare la realt\u00e0, oggi sono solo un lontano ricordo impresso su magnifiche tele dai colori densi e le pennellate decise.<\/p>\n<p>Questa mattina le nostre attiviste e i nostri attivisti sono entrati in azione allestendo, in quello stesso spazio, una versione alternativa dell\u2019esposizione: non pi\u00f9 C\u00e9zanne, Renoir, Monet e Gauguin, ma quadri \u2013 in pieno stile impressionista \u2013 raffiguranti l\u2019inquietante presenza di <strong>centrali a carbone<\/strong> e le preoccupanti conseguenze dei <strong>cambiamenti climatici<\/strong> sul nostro <strong>Pianeta.<\/strong><\/p>\n<p><img decoding=\"async\" class=\"alignnone size-large wp-image-6311\" src=\"https:\/\/www.greenpeace.org\/static\/planet4-italy-stateless\/2019\/10\/84b2acfe-museogeneralilow-3-1024x683.jpg\" alt=\"\" width=\"100%\" height=\"683\" srcset=\"https:\/\/www.greenpeace.org\/static\/planet4-italy-stateless\/2019\/10\/84b2acfe-museogeneralilow-3-1024x683.jpg 1024w, https:\/\/www.greenpeace.org\/static\/planet4-italy-stateless\/2019\/10\/84b2acfe-museogeneralilow-3-300x200.jpg 300w, https:\/\/www.greenpeace.org\/static\/planet4-italy-stateless\/2019\/10\/84b2acfe-museogeneralilow-3-768x512.jpg 768w, https:\/\/www.greenpeace.org\/static\/planet4-italy-stateless\/2019\/10\/84b2acfe-museogeneralilow-3-510x340.jpg 510w, https:\/\/www.greenpeace.org\/static\/planet4-italy-stateless\/2019\/10\/84b2acfe-museogeneralilow-3.jpg 1900w\" sizes=\"(max-width: 1024px) 100vw, 1024px\" \/><\/p>\n<p>Vogliamo smascherare quel che <strong>Generali<\/strong> sta cercando in tutti i modi di nascondere: i suoi numerosi investimenti nel <strong>carbone,<\/strong> la <strong>fonte fossile<\/strong> che pi\u00f9 di tutte \u00e8 considerata responsabile dell\u2019<strong>emergenza climatica<\/strong> in corso.<\/p>\n<p>L\u2019impegno del <strong>Leone di Trieste<\/strong> nel promuovere l\u2019arte e la cultura \u00e8 senz\u2019altro degno di nota, ma mentre sponsorizza una mostra di quadri impressionisti, <strong>Generali<\/strong> contribuisce ad alimentare la <strong>crisi climatica<\/strong> che stiamo vivendo, continuando a \u201csponsorizzare\u201d una delle peggiori fonti fossili: il carbone!<\/p>\n<p><img decoding=\"async\" class=\"alignnone size-large wp-image-6307\" src=\"https:\/\/www.greenpeace.org\/static\/planet4-italy-stateless\/2019\/10\/c096d189-generali-1024x683.jpg\" alt=\"\" width=\"100%\" height=\"683\" srcset=\"https:\/\/www.greenpeace.org\/static\/planet4-italy-stateless\/2019\/10\/c096d189-generali-1024x683.jpg 1024w, https:\/\/www.greenpeace.org\/static\/planet4-italy-stateless\/2019\/10\/c096d189-generali-300x200.jpg 300w, https:\/\/www.greenpeace.org\/static\/planet4-italy-stateless\/2019\/10\/c096d189-generali-768x512.jpg 768w, https:\/\/www.greenpeace.org\/static\/planet4-italy-stateless\/2019\/10\/c096d189-generali-510x340.jpg 510w, https:\/\/www.greenpeace.org\/static\/planet4-italy-stateless\/2019\/10\/c096d189-generali.jpg 1900w\" sizes=\"(max-width: 1024px) 100vw, 1024px\" \/><\/p>\n<p>Ricordiamo infatti che Generali, su spinta nostra, di Re:Common e di altre associazioni europee, aveva recentemente dimostrato di voler fare uno sforzo per abbandonare i<strong> combustibili fossili<\/strong> attraverso una Strategia sul Cambiamento Climatico. Strategia che per\u00f2, in maniera del tutto contraddittoria, contiene delle pesanti eccezioni, e cio\u00e8 investimenti in alcune delle compagnie pi\u00f9 inquinanti d\u2019Europa \u2013 PGE (Polonia) e CEZ (Repubblica Ceca) prime fra tutte.<\/p>\n<p>Le eccezioni di <strong>Generali<\/strong> rischiano di inficiare l\u2019intera strategia: per contrastare il <strong>riscaldamento globale, Generali<\/strong> deve abbandonare il carbone senza eccezioni, altrimenti lo ricorderemo per sempre come uno tra i pi\u00f9 grandi sponsor\u2026 dei cambiamenti climatici!<\/p>\n<p><img decoding=\"async\" class=\"alignnone size-large wp-image-6312\" src=\"https:\/\/www.greenpeace.org\/static\/planet4-italy-stateless\/2019\/10\/2830b069-museogeneralilow-10-1024x680.jpg\" alt=\"\" width=\"100%\" height=\"680\" srcset=\"https:\/\/www.greenpeace.org\/static\/planet4-italy-stateless\/2019\/10\/2830b069-museogeneralilow-10-1024x680.jpg 1024w, https:\/\/www.greenpeace.org\/static\/planet4-italy-stateless\/2019\/10\/2830b069-museogeneralilow-10-300x199.jpg 300w, https:\/\/www.greenpeace.org\/static\/planet4-italy-stateless\/2019\/10\/2830b069-museogeneralilow-10-768x510.jpg 768w, https:\/\/www.greenpeace.org\/static\/planet4-italy-stateless\/2019\/10\/2830b069-museogeneralilow-10-510x340.jpg 510w, https:\/\/www.greenpeace.org\/static\/planet4-italy-stateless\/2019\/10\/2830b069-museogeneralilow-10.jpg 1900w\" sizes=\"(max-width: 1024px) 100vw, 1024px\" \/><\/p>\n<div class=\"EmptyMessage\">Block content is empty. Check the block&#8217;s settings or remove it.<\/div>","protected":false},"excerpt":{"rendered":"<p>In azione a Palazzo Bonaparte alla mostra Impressionisti Segreti, nello spazio Generali Valore Cultura<\/p>\n","protected":false},"author":33,"featured_media":6310,"comment_status":"closed","ping_status":"open","sticky":false,"template":"","format":"standard","meta":{"ep_exclude_from_search":false,"p4_og_title":"","p4_og_description":"","p4_og_image":"","p4_og_image_id":"","p4_seo_canonical_url":"","p4_campaign_name":"not set","p4_local_project":"","p4_basket_name":"not set","p4_department":"","footnotes":""},"categories":[20,17,24],"tags":[22,25,29,32],"p4-page-type":[19],"class_list":["post-6309","post","type-post","status-publish","format-standard","has-post-thumbnail","hentry","category-denuncia","category-proteggi","category-scegli","tag-biodiversita","tag-consumi","tag-clima","tag-energia","p4-page-type-storia"],"_links":{"self":[{"href":"https:\/\/www.greenpeace.org\/italy\/wp-json\/wp\/v2\/posts\/6309","targetHints":{"allow":["GET"]}}],"collection":[{"href":"https:\/\/www.greenpeace.org\/italy\/wp-json\/wp\/v2\/posts"}],"about":[{"href":"https:\/\/www.greenpeace.org\/italy\/wp-json\/wp\/v2\/types\/post"}],"author":[{"embeddable":true,"href":"https:\/\/www.greenpeace.org\/italy\/wp-json\/wp\/v2\/users\/33"}],"replies":[{"embeddable":true,"href":"https:\/\/www.greenpeace.org\/italy\/wp-json\/wp\/v2\/comments?post=6309"}],"version-history":[{"count":2,"href":"https:\/\/www.greenpeace.org\/italy\/wp-json\/wp\/v2\/posts\/6309\/revisions"}],"predecessor-version":[{"id":14825,"href":"https:\/\/www.greenpeace.org\/italy\/wp-json\/wp\/v2\/posts\/6309\/revisions\/14825"}],"wp:featuredmedia":[{"embeddable":true,"href":"https:\/\/www.greenpeace.org\/italy\/wp-json\/wp\/v2\/media\/6310"}],"wp:attachment":[{"href":"https:\/\/www.greenpeace.org\/italy\/wp-json\/wp\/v2\/media?parent=6309"}],"wp:term":[{"taxonomy":"category","embeddable":true,"href":"https:\/\/www.greenpeace.org\/italy\/wp-json\/wp\/v2\/categories?post=6309"},{"taxonomy":"post_tag","embeddable":true,"href":"https:\/\/www.greenpeace.org\/italy\/wp-json\/wp\/v2\/tags?post=6309"},{"taxonomy":"p4-page-type","embeddable":true,"href":"https:\/\/www.greenpeace.org\/italy\/wp-json\/wp\/v2\/p4-page-type?post=6309"}],"curies":[{"name":"wp","href":"https:\/\/api.w.org\/{rel}","templated":true}]}}