{"id":6376,"date":"2019-11-04T12:25:02","date_gmt":"2019-11-04T11:25:02","guid":{"rendered":"https:\/\/www.greenpeace.org\/italy\/?p=6376"},"modified":"2021-12-01T13:40:04","modified_gmt":"2021-12-01T12:40:04","slug":"amazzonia-unaltra-vittima-della-deforestazione","status":"publish","type":"post","link":"https:\/\/www.greenpeace.org\/italy\/storia\/6376\/amazzonia-unaltra-vittima-della-deforestazione\/","title":{"rendered":"Amazzonia, un\u2019altra vittima della deforestazione"},"content":{"rendered":"<p>Venerd\u00ec primo novembre, il guardiano della foresta <strong>Paulo Paulino Guajajara<\/strong> \u00e8 stato ucciso da sicari della mafia del legno entrati illegalmente nella terra indigena Ararib\u00f3ia, nello stato di Maranh\u00e3o, nell&#8217;Amazzonia brasiliana. Durante l&#8217;imboscata \u00e9 stato ferito anche un altro Guardiano della foresta, La\u00e9rcio Guajajara.<\/p>\n<p><img decoding=\"async\" class=\"alignnone size-full wp-image-6377\" src=\"https:\/\/www.greenpeace.org\/static\/planet4-italy-stateless\/2019\/11\/33973165-photo-2019-11-04-11-09-32.jpg\" alt=\"\" width=\"100%\" height=\"800\" srcset=\"https:\/\/www.greenpeace.org\/static\/planet4-italy-stateless\/2019\/11\/33973165-photo-2019-11-04-11-09-32.jpg 800w, https:\/\/www.greenpeace.org\/static\/planet4-italy-stateless\/2019\/11\/33973165-photo-2019-11-04-11-09-32-150x150.jpg 150w, https:\/\/www.greenpeace.org\/static\/planet4-italy-stateless\/2019\/11\/33973165-photo-2019-11-04-11-09-32-300x300.jpg 300w, https:\/\/www.greenpeace.org\/static\/planet4-italy-stateless\/2019\/11\/33973165-photo-2019-11-04-11-09-32-768x768.jpg 768w, https:\/\/www.greenpeace.org\/static\/planet4-italy-stateless\/2019\/11\/33973165-photo-2019-11-04-11-09-32-340x340.jpg 340w\" sizes=\"(max-width: 800px) 100vw, 800px\" \/><\/p>\n<p>A fronte del fallimento del governo brasiliano nell&#8217;adempiere al proprio dovere costituzionale di proteggere i Popoli Indigeni e le loro terre, sono stati gli indigeni stessi, i &#8220;Guardiani della foresta&#8221;, ad assumersi questa responsabilit\u00e0 e tutti i rischi che comporta. Paulino e La\u00e9rcio sono le vittime pi\u00f9 recenti di uno Stato che sta sacrificando ambiente e diritti umani sull&#8217;altare del profitto.<\/p>\n<p>Per denunciare casi come questo, purtroppo sempre pi\u00f9 frequenti, e promuovere\u00a0la campagna \u201c<strong>Sangue indigeno: non una goccia di pi\u00f9<\/strong>\u201d, una\u00a0delegazione di leader indigeni i cui Popoli sono raccolti nell&#8217;Articolazione dei Popoli Indigeni del Brasile (APIB) sta visitando 12 Paesi europei.<\/p>\n<p>La delegazione, di cui fa parte anche<strong>\u00a0Sonia<\/strong>\u00a0<strong>Guajajara<\/strong>, leader del Popolo Guajajara, sta cercando importanti opportunit\u00e0 di dialogo con cittadini ed istituzioni europee per denunciare gli impatti sociali e ambientali che si celano dietro la produzione di\u00a0<strong>carne<\/strong>\u00a0e materie prime quali\u00a0<strong>soia<\/strong>\u00a0e\u00a0<strong>legno<\/strong>, che\u00a0<strong>l&#8217;Europa importa dalla Brasile in quantit\u00e0 massicce<\/strong>.<\/p>\n<p>Greenpeace condanna ogni forma di violenza perpetrata contro i Popoli Indigeni, esprime solidariet\u00e0 verso il Popolo Guajajara e chiede al governo brasiliano di agire immediatamente per prevenire ulteriori morti e violenze ai danni dei Popoli Indigeni.<\/p>\n\t\t\t<section\n\t\t\tclass=\"boxout post-5612 \"\n\t\t\t\n\t\t>\n\t\t\t<a\n\t\t\t\tdata-ga-category=\"Take Action Boxout\"\n\t\t\t\tdata-ga-action=\"Image\"\n\t\t\t\tdata-ga-label=\"n\/a\"\n\t\t\t\tclass=\"cover-card-overlay\"\n\t\t\t\thref=\"https:\/\/www.greenpeace.org\/italy\/attivati\/le-foreste-stanno-svanendo\/\" \n\t\t\t><\/a>\n\t\t\t\t\t\t\t<img\n\t\t\t\t\t\tsrc=\"https:\/\/www.greenpeace.org\/static\/planet4-italy-stateless\/2019\/06\/064cb29a-gp0stqfkj_high_res-1024x684.jpg\"\n\t\t\t\t\t\tsrcset=\"https:\/\/www.greenpeace.org\/static\/planet4-italy-stateless\/2019\/06\/064cb29a-gp0stqfkj_high_res-300x200.jpg 300w, https:\/\/www.greenpeace.org\/static\/planet4-italy-stateless\/2019\/06\/064cb29a-gp0stqfkj_high_res-768x513.jpg 768w, https:\/\/www.greenpeace.org\/static\/planet4-italy-stateless\/2019\/06\/064cb29a-gp0stqfkj_high_res-1024x684.jpg 1024w, https:\/\/www.greenpeace.org\/static\/planet4-italy-stateless\/2019\/06\/064cb29a-gp0stqfkj_high_res-510x340.jpg 510w, https:\/\/www.greenpeace.org\/static\/planet4-italy-stateless\/2019\/06\/064cb29a-gp0stqfkj_high_res.jpg 1200w\"\n\t\t\t\t\t\tsizes=\"(min-width: 1000px) 358px, (min-width: 780px) 313px, 88px\"\n\t\t\t\t\t\talt=\"\" title=\"\"\n\t\t\t\t\/>\n            \t\t\t<div class=\"boxout-content\">\n\t\t\t\t\t\t\t\t\t<a\n\t\t\t\t\t\tclass=\"boxout-heading medium\"\n\t\t\t\t\t\tdata-ga-category=\"Take Action Boxout\"\n\t\t\t\t\t\tdata-ga-action=\"Title\"\n\t\t\t\t\t\tdata-ga-label=\"n\/a\"\n\t\t\t\t\t\thref=\"https:\/\/www.greenpeace.org\/italy\/attivati\/le-foreste-stanno-svanendo\/\"\n\t\t\t\t\t\t\n\t\t\t\t\t>\n\t\t\t\t\t\tLe foreste stanno svanendo nel nulla\n\t\t\t\t\t<\/a>\n\t\t\t\t\t\t\t\t\t\t\t\t\t<p class=\"boxout-excerpt\">Le foreste, vitali per il clima e la biodiversit\u00e0, stanno scomparendo. Se vogliamo proteggere il pianeta e noi stessi, dobbiamo fermare la deforestazione. <\/p>\n\t\t\t\t                                    <a\n                        class=\"btn btn-primary\"\n                        data-ga-category=\"Take Action Boxout\"\n                        data-ga-action=\"Call to Action\"\n                        data-ga-label=\"n\/a\"\n                        href=\"https:\/\/www.greenpeace.org\/italy\/attivati\/le-foreste-stanno-svanendo\/\"\n                        \n                    >\n                        Partecipa\n                    <\/a>\n                \t\t\t<\/div>\n\t\t\t\t\t<\/section>\n\t","protected":false},"excerpt":{"rendered":"<p>Il guardiano della foresta Paulo Paulino Guajajara \u00e8 stato ucciso dai sicari della mafia del legno<\/p>\n","protected":false},"author":33,"featured_media":6377,"comment_status":"closed","ping_status":"open","sticky":false,"template":"","format":"standard","meta":{"ep_exclude_from_search":false,"p4_og_title":"Amazzonia, un\u2019altra vittima della deforestazione","p4_og_description":"<img src=\"https:\/\/www.greenpeace.org\/static\/planet4-italy-stateless\/2019\/11\/33973165-photo-2019-11-04-11-09-32.jpg\" alt=\"\" width=\"800\" height=\"800\" class=\"alignnone size-full wp-image-6377\" \/>Il guardiano della foresta Paulo Paulino Guajajara \u00e8 stato ucciso dai sicari della mafia del legno","p4_og_image":"https:\/\/www.greenpeace.org\/static\/planet4-italy-stateless\/2019\/11\/33973165-photo-2019-11-04-11-09-32.jpg","p4_og_image_id":"6377","p4_seo_canonical_url":"","p4_campaign_name":"not set","p4_local_project":"","p4_basket_name":"not set","p4_department":"","footnotes":""},"categories":[20,17,24],"tags":[22,25,26,27,29,36],"p4-page-type":[19],"class_list":["post-6376","post","type-post","status-publish","format-standard","has-post-thumbnail","hentry","category-denuncia","category-proteggi","category-scegli","tag-biodiversita","tag-consumi","tag-cibo","tag-agricoltura","tag-clima","tag-foreste","p4-page-type-storia"],"_links":{"self":[{"href":"https:\/\/www.greenpeace.org\/italy\/wp-json\/wp\/v2\/posts\/6376","targetHints":{"allow":["GET"]}}],"collection":[{"href":"https:\/\/www.greenpeace.org\/italy\/wp-json\/wp\/v2\/posts"}],"about":[{"href":"https:\/\/www.greenpeace.org\/italy\/wp-json\/wp\/v2\/types\/post"}],"author":[{"embeddable":true,"href":"https:\/\/www.greenpeace.org\/italy\/wp-json\/wp\/v2\/users\/33"}],"replies":[{"embeddable":true,"href":"https:\/\/www.greenpeace.org\/italy\/wp-json\/wp\/v2\/comments?post=6376"}],"version-history":[{"count":2,"href":"https:\/\/www.greenpeace.org\/italy\/wp-json\/wp\/v2\/posts\/6376\/revisions"}],"predecessor-version":[{"id":14811,"href":"https:\/\/www.greenpeace.org\/italy\/wp-json\/wp\/v2\/posts\/6376\/revisions\/14811"}],"wp:featuredmedia":[{"embeddable":true,"href":"https:\/\/www.greenpeace.org\/italy\/wp-json\/wp\/v2\/media\/6377"}],"wp:attachment":[{"href":"https:\/\/www.greenpeace.org\/italy\/wp-json\/wp\/v2\/media?parent=6376"}],"wp:term":[{"taxonomy":"category","embeddable":true,"href":"https:\/\/www.greenpeace.org\/italy\/wp-json\/wp\/v2\/categories?post=6376"},{"taxonomy":"post_tag","embeddable":true,"href":"https:\/\/www.greenpeace.org\/italy\/wp-json\/wp\/v2\/tags?post=6376"},{"taxonomy":"p4-page-type","embeddable":true,"href":"https:\/\/www.greenpeace.org\/italy\/wp-json\/wp\/v2\/p4-page-type?post=6376"}],"curies":[{"name":"wp","href":"https:\/\/api.w.org\/{rel}","templated":true}]}}