{"id":712,"date":"2017-04-06T00:00:00","date_gmt":"2017-04-06T00:00:00","guid":{"rendered":"https:\/\/www.greenpeace.org\/italy\/uncategorized\/712\/salviamo-il-mediterraneo-dallinvasione-della-plastica\/"},"modified":"2019-11-06T09:53:21","modified_gmt":"2019-11-06T08:53:21","slug":"salviamo-il-mediterraneo-dallinvasione-della-plastica","status":"publish","type":"post","link":"https:\/\/www.greenpeace.org\/italy\/storia\/712\/salviamo-il-mediterraneo-dallinvasione-della-plastica\/","title":{"rendered":"Salviamo il Mediterraneo dall\u2019invasione della plastica!"},"content":{"rendered":"<div class=\"leader\">In media 8 milioni di tonnellate di plastica finiscono negli oceani ogni anno. \u00c8 ora di cambiare rotta<\/div>\n<div>Ogni anno finiscono in mare dai 4,7 ai 12,7 milioni di tonnellate di <strong>plastica<\/strong>: una media di 8 milioni di tonnellate che sta trasformando i nostri mari nella pi\u00f9 grande <strong>discarica<\/strong> del mondo.<br \/>\nLa buona notizia \u00e8 che questo trend, apparentemente fuori controllo, pu\u00f2 essere fermato: in questi mesi i governi dei Paesi membri dell\u2019UE sono chiamati a modificare le norme comunitarie che regolano la gestione dei <strong>rifiuti<\/strong>, un\u2019occasione unica per arginare l\u2019invasione della <strong>plastica<\/strong>.<\/p>\n<blockquote class=\"twitter-tweet\" data-lang=\"it\">\n<p dir=\"ltr\" lang=\"it\">La plastica sta invadendo il Mediterraneo. Cambiamo rotta: chiedi a .<a href=\"https:\/\/twitter.com\/glgalletti\">@glgalletti<\/a> di difendere il mare! <a href=\"https:\/\/twitter.com\/hashtag\/NoPlastic?src=hash\">#NoPlastic<\/a> \u261e <a href=\"https:\/\/t.co\/akyZONfOXF\">https:\/\/t.co\/akyZONfOXF<\/a> <a href=\"https:\/\/t.co\/gcg2fv5sLN\">pic.twitter.com\/gcg2fv5sLN<\/a><\/p>\n<p>\u2014 Greenpeace Italia (@Greenpeace_ITA) <a href=\"https:\/\/twitter.com\/Greenpeace_ITA\/status\/849953145094582272\">6 aprile 2017<\/a><\/p>\n<\/blockquote>\n<p><script async=\"\" src=\"https:\/\/platform.twitter.com\/widgets.js\" charset=\"utf-8\"><\/script><\/p>\n<p>L\u2019Italia pu\u00f2 e deve fare la sua parte: <a href=\"http:\/\/www.greenpeace.org\/italy\/it\/Cosa-puoi-fare-tu\/partecipa\/no-plastica\/?utm_source=planet&amp;utm_medium=news&amp;utm_campaign=lancio_plastica_06042017\">per questo stiamo chiedendo al Ministro dell\u2019Ambiente Galletti di prendere posizione e schierarsi dalla parte del Mediterraneo!<\/a><br \/>\nLa <strong>plastica<\/strong> \u00e8 un nemico silenzioso: una volta finita in mare, lontano dagli occhi dei consumatori, \u00e8 in grado di uccidere la <strong>fauna marina<\/strong>, pu\u00f2 finire nella catena alimentare e persiste nell\u2019ambiente per centinaia di anni.<\/p>\n<p>Le sue vittime sono soprattutto pesci, uccelli marini, tartarughe e cetacei che muoiono dopo averla ingerita, spesso scambiandola per cibo.<\/p>\n<p>Non c\u2019\u00e8 pi\u00f9 tempo da perdere, il momento di cambiare rotta \u00e8 ora!<\/p>\n<\/div>\n","protected":false},"excerpt":{"rendered":"<p>In media 8 milioni di tonnellate di plastica finiscono negli oceani ogni anno. \u00c8 ora di cambiare rotta<\/p>\n","protected":false},"author":33,"featured_media":3239,"comment_status":"closed","ping_status":"open","sticky":false,"template":"","format":"standard","meta":{"ep_exclude_from_search":false,"p4_og_title":"","p4_og_description":"","p4_og_image":"","p4_og_image_id":"","p4_seo_canonical_url":"","p4_campaign_name":"","p4_local_project":"","p4_basket_name":"","p4_department":"","footnotes":""},"categories":[20,17],"tags":[21,18],"p4-page-type":[19],"class_list":["post-712","post","type-post","status-publish","format-standard","has-post-thumbnail","hentry","category-denuncia","category-proteggi","tag-inquinamento","tag-mare","p4-page-type-storia"],"_links":{"self":[{"href":"https:\/\/www.greenpeace.org\/italy\/wp-json\/wp\/v2\/posts\/712","targetHints":{"allow":["GET"]}}],"collection":[{"href":"https:\/\/www.greenpeace.org\/italy\/wp-json\/wp\/v2\/posts"}],"about":[{"href":"https:\/\/www.greenpeace.org\/italy\/wp-json\/wp\/v2\/types\/post"}],"author":[{"embeddable":true,"href":"https:\/\/www.greenpeace.org\/italy\/wp-json\/wp\/v2\/users\/33"}],"replies":[{"embeddable":true,"href":"https:\/\/www.greenpeace.org\/italy\/wp-json\/wp\/v2\/comments?post=712"}],"version-history":[{"count":3,"href":"https:\/\/www.greenpeace.org\/italy\/wp-json\/wp\/v2\/posts\/712\/revisions"}],"predecessor-version":[{"id":3466,"href":"https:\/\/www.greenpeace.org\/italy\/wp-json\/wp\/v2\/posts\/712\/revisions\/3466"}],"wp:featuredmedia":[{"embeddable":true,"href":"https:\/\/www.greenpeace.org\/italy\/wp-json\/wp\/v2\/media\/3239"}],"wp:attachment":[{"href":"https:\/\/www.greenpeace.org\/italy\/wp-json\/wp\/v2\/media?parent=712"}],"wp:term":[{"taxonomy":"category","embeddable":true,"href":"https:\/\/www.greenpeace.org\/italy\/wp-json\/wp\/v2\/categories?post=712"},{"taxonomy":"post_tag","embeddable":true,"href":"https:\/\/www.greenpeace.org\/italy\/wp-json\/wp\/v2\/tags?post=712"},{"taxonomy":"p4-page-type","embeddable":true,"href":"https:\/\/www.greenpeace.org\/italy\/wp-json\/wp\/v2\/p4-page-type?post=712"}],"curies":[{"name":"wp","href":"https:\/\/api.w.org\/{rel}","templated":true}]}}