{"id":875,"date":"2016-04-04T00:00:00","date_gmt":"2016-04-04T00:00:00","guid":{"rendered":"https:\/\/www.greenpeace.org\/italy\/uncategorized\/875\/referendum-trivelle-12-grandi-artisti-in-difesa-del-mare\/"},"modified":"2024-02-22T17:40:21","modified_gmt":"2024-02-22T16:40:21","slug":"referendum-trivelle-12-grandi-artisti-in-difesa-del-mare","status":"publish","type":"post","link":"https:\/\/www.greenpeace.org\/italy\/storia\/875\/referendum-trivelle-12-grandi-artisti-in-difesa-del-mare\/","title":{"rendered":"Referendum trivelle: 12 grandi artisti in difesa del mare!"},"content":{"rendered":"<div class=\"leader\">Ficarra e Picone, Nino Frassica, Claudia Gerini, Elio Germano, Valeria Golino, Flavio Insinna, Noemi, Piero Pel\u00f9, Isabella Ragonese, Claudio Santamaria e Pietro Sermonti: il 17 aprile tutti hanno un \u201cappuntamento speciale\u201d. Con il mare, le onde, i pesci, i gabbiani, le conchiglie. E con un patrimonio naturale da proteggere, cos\u00ec fragile e prezioso da non meritare l\u2019oltraggio delle trivelle. Perch\u00e9 \u201cil mare non \u00e8 un giacimento\u201d.<\/div>\n<div>\n<p><iframe loading=\"lazy\" src=\"https:\/\/www.youtube.com\/embed\/STNm79jWhgU\" width=\"560\" height=\"315\" frameborder=\"0\" allowfullscreen=\"allowfullscreen\"><\/iframe><\/p>\n<p>Partecipare al voto \u00e8 un atto importante, di responsabilit\u00e0 democratica, oltre che un diritto. Partecipare per difendere il mare, una delle pi\u00f9 grandi risorse di cui dispone l\u2019Italia, \u00e8 anche un atto d\u2019amore verso la nostra terra, che speriamo coinvolga una larga maggioranza degli italiani.<\/p>\n<p>Grazie di cuore, anzi, di quorum ai 12 artisti \u00a0che \u2013 con il loro estro, la loro simpatia, il loro talento \u2013 hanno collaborato al video contro le trivelle, realizzato dalla regista Chiara Agnello.<\/p>\n<\/div>\n","protected":false},"excerpt":{"rendered":"<p>Scopri chi ha deciso di sostenere il s\u00ec il 17 aprile!<\/p>\n","protected":false},"author":33,"featured_media":3305,"comment_status":"closed","ping_status":"open","sticky":false,"template":"","format":"standard","meta":{"ep_exclude_from_search":false,"p4_og_title":"","p4_og_description":"","p4_og_image":"","p4_og_image_id":"","p4_seo_canonical_url":"","p4_campaign_name":"","p4_local_project":"","p4_basket_name":"","p4_department":"","footnotes":""},"categories":[20,17],"tags":[18,33,32],"p4-page-type":[19],"class_list":["post-875","post","type-post","status-publish","format-standard","has-post-thumbnail","hentry","category-denuncia","category-proteggi","tag-mare","tag-azioni","tag-energia","p4-page-type-storia"],"_links":{"self":[{"href":"https:\/\/www.greenpeace.org\/italy\/wp-json\/wp\/v2\/posts\/875","targetHints":{"allow":["GET"]}}],"collection":[{"href":"https:\/\/www.greenpeace.org\/italy\/wp-json\/wp\/v2\/posts"}],"about":[{"href":"https:\/\/www.greenpeace.org\/italy\/wp-json\/wp\/v2\/types\/post"}],"author":[{"embeddable":true,"href":"https:\/\/www.greenpeace.org\/italy\/wp-json\/wp\/v2\/users\/33"}],"replies":[{"embeddable":true,"href":"https:\/\/www.greenpeace.org\/italy\/wp-json\/wp\/v2\/comments?post=875"}],"version-history":[{"count":4,"href":"https:\/\/www.greenpeace.org\/italy\/wp-json\/wp\/v2\/posts\/875\/revisions"}],"predecessor-version":[{"id":4209,"href":"https:\/\/www.greenpeace.org\/italy\/wp-json\/wp\/v2\/posts\/875\/revisions\/4209"}],"wp:featuredmedia":[{"embeddable":true,"href":"https:\/\/www.greenpeace.org\/italy\/wp-json\/wp\/v2\/media\/3305"}],"wp:attachment":[{"href":"https:\/\/www.greenpeace.org\/italy\/wp-json\/wp\/v2\/media?parent=875"}],"wp:term":[{"taxonomy":"category","embeddable":true,"href":"https:\/\/www.greenpeace.org\/italy\/wp-json\/wp\/v2\/categories?post=875"},{"taxonomy":"post_tag","embeddable":true,"href":"https:\/\/www.greenpeace.org\/italy\/wp-json\/wp\/v2\/tags?post=875"},{"taxonomy":"p4-page-type","embeddable":true,"href":"https:\/\/www.greenpeace.org\/italy\/wp-json\/wp\/v2\/p4-page-type?post=875"}],"curies":[{"name":"wp","href":"https:\/\/api.w.org\/{rel}","templated":true}]}}