{"id":10810,"date":"2021-02-26T15:09:02","date_gmt":"2021-02-26T13:09:02","guid":{"rendered":"https:\/\/www.greenpeace.org\/luxembourg\/?p=10810"},"modified":"2021-12-01T17:25:11","modified_gmt":"2021-12-01T15:25:11","slug":"vereinte-nationen-veroffentlichen-verheerenden-bericht-uber-nationale-klimaschutzziele","status":"publish","type":"post","link":"https:\/\/www.greenpeace.org\/luxembourg\/de\/presseerklaerungen\/10810\/vereinte-nationen-veroffentlichen-verheerenden-bericht-uber-nationale-klimaschutzziele\/","title":{"rendered":"Vereinte Nationen ver\u00f6ffentlichen verheerenden Bericht \u00fcber nationale Klimaschutzziele"},"content":{"rendered":"\n<p><em>Luxemburg, 26. Februar 2021 &#8211; <\/em>Greenpeace m\u00f6chte dringend auf die Ver\u00f6ffentlichung eines von der UNFCCC (Klimarahmenkonvention der Vereinten Nationen) vorgeschriebenen <a href=\"https:\/\/unfccc.int\/process-and-meetings\/the-paris-agreement\/nationally-determined-contributions-ndcs\/nationally-determined-contributions-ndcs\/ndc-synthesis-report\">Syntheseberichts<\/a> zu den national festgelegten Beitr\u00e4gen zum Klimaschutz (NDC) am Freitag, den 26. Februar aufmerksam machen. Was die Daten uns liefern ist brutal: Es handelt sich um gebrochene Versprechen des Pariser Abkommens, die die Geschichte eines multilateralen Systems erz\u00e4hlen, das den Interessen fossiler Brennstoffe zum Opfer f\u00e4llt, Klimaschutzma\u00dfnahmen behindert und all unsere Zukunft riskiert.&nbsp;<\/p>\n\n<p>Aktuelle Pl\u00e4ne [1]&nbsp; zu den Senkungen der Treibhausgasemissionen (THG) in den NDCs (30% der globalen THG) befinden sich derzeit bei 1% weniger Treibhausgasemissionen in 2030 gegen\u00fcber 2010, obwohl weltweit laut IPCC, dem Weltklimarat, rund 45% weniger f\u00fcr ein 1,5 \u00b0 C Szenario und 25% f\u00fcr ein 2 \u00b0 C Szenario ben\u00f6tigt werden.<\/p>\n\n<p>\u201e<em>Es ist ein NDC-Albtraum. Derzeit sind die kollektiven Verpflichtungen der Regierungen v\u00f6llig unzureichend, da eine Reduzierung der Emissionen um nur 1% bis 2030 das Ziel von 1,5 \u00b0 C vollst\u00e4ndig verfehlt. Die Regierungen m\u00fcssen sich an die Versprechen erinnern, die sie in Paris gemacht haben, und mit einem besseren Angebot zur\u00fcckkommen &#8211; es ist nicht zu sp\u00e4t, um unsere Zukunft zu bestimmen.<\/em>\u201c So Frank Thinnes, Kampaigner f\u00fcr Klima und Energie. \u201e<em>W\u00e4hrend die Regierungen gro\u00dfe Umweltverschmutzer ordnungsgem\u00e4\u00df regulieren m\u00fcssen, muss die Industrie akzeptieren, dass die \u00c4ra der fossilen Brennstoffe zu Ende ist<\/em>.\u201c<\/p>\n\n<hr class=\"wp-block-separator has-text-color has-background has-grey-200-background-color has-grey-200-color\"\/>\n\n<p><strong>Anmerkungen:&nbsp;<\/strong><\/p>\n\n<p>[1] Die Beitr\u00e4ge zum Bericht stammen aus den L\u00e4ndern, die ihre NDCs bis Ende Dezember 2020 eingereicht haben, entsprechend dem urspr\u00fcnglichen Zeitplan vor der Verschiebung der COP26. Eine Reihe von gro\u00dfen Emittenten, insbesondere China und die USA, reichten bis zu diesem Datum nicht ein. Die US-amerikanischen NDCs sollen am 22. April von Pr\u00e4sident Biden beim Gipfeltreffen der Staats- und Regierungschefs \/ MEF und dem&nbsp; Earth Day bekannt gemacht werden, andere L\u00e4nder k\u00f6nnten das gleiche Datum f\u00fcr die Bekanntgabe w\u00e4hlen.<\/p>\n\t\t\t<section\n\t\t\tclass=\"boxout post-724 \"\n\t\t\t\n\t\t>\n\t\t\t<a\n\t\t\t\tdata-ga-category=\"Take Action Boxout\"\n\t\t\t\tdata-ga-action=\"Image\"\n\t\t\t\tdata-ga-label=\"n\/a\"\n\t\t\t\tclass=\"cover-card-overlay\"\n\t\t\t\thref=\"https:\/\/www.greenpeace.org\/luxembourg\/de\/handeln\/foerdermitglied-werden\/\" \n\t\t\t><\/a>\n\t\t\t\t\t\t\t<img\n\t\t\t\t\t\tsrc=\"https:\/\/www.greenpeace.org\/static\/planet4-luxembourg-stateless\/2020\/08\/fabc1786-gp04tdo_medium_res-1-1024x683.jpg\"\n\t\t\t\t\t\tsrcset=\"https:\/\/www.greenpeace.org\/static\/planet4-luxembourg-stateless\/2020\/08\/fabc1786-gp04tdo_medium_res-1-300x200.jpg 300w, https:\/\/www.greenpeace.org\/static\/planet4-luxembourg-stateless\/2020\/08\/fabc1786-gp04tdo_medium_res-1-1024x683.jpg 1024w, https:\/\/www.greenpeace.org\/static\/planet4-luxembourg-stateless\/2020\/08\/fabc1786-gp04tdo_medium_res-1-768x512.jpg 768w, https:\/\/www.greenpeace.org\/static\/planet4-luxembourg-stateless\/2020\/08\/fabc1786-gp04tdo_medium_res-1-510x340.jpg 510w, https:\/\/www.greenpeace.org\/static\/planet4-luxembourg-stateless\/2020\/08\/fabc1786-gp04tdo_medium_res-1.jpg 1200w\"\n\t\t\t\t\t\tsizes=\"(min-width: 1000px) 358px, (min-width: 780px) 313px, 88px\"\n\t\t\t\t\t\talt=\"\" title=\"\"\n\t\t\t\t\/>\n            \t\t\t<div class=\"boxout-content\">\n\t\t\t\t\t\t\t\t\t<a\n\t\t\t\t\t\tclass=\"boxout-heading medium\"\n\t\t\t\t\t\tdata-ga-category=\"Take Action Boxout\"\n\t\t\t\t\t\tdata-ga-action=\"Title\"\n\t\t\t\t\t\tdata-ga-label=\"n\/a\"\n\t\t\t\t\t\thref=\"https:\/\/www.greenpeace.org\/luxembourg\/de\/handeln\/foerdermitglied-werden\/\"\n\t\t\t\t\t\t\n\t\t\t\t\t>\n\t\t\t\t\t\tF\u00f6rdermitglied werden\n\t\t\t\t\t<\/a>\n\t\t\t\t\t\t\t\t\t\t\t\t\t<p class=\"boxout-excerpt\">Leiste regelm\u00e4\u00dfig einen Beitrag f\u00fcr unsere Umwelt: Deine Spende erlaubt es uns sowohl in Luxemburg als auch weltweit f\u00fcr eine gerechte Zukunft zu handeln!<\/p>\n\t\t\t\t                                    <a\n                        class=\"btn btn-primary\"\n                        data-ga-category=\"Take Action Boxout\"\n                        data-ga-action=\"Call to Action\"\n                        data-ga-label=\"n\/a\"\n                        href=\"https:\/\/www.greenpeace.org\/luxembourg\/de\/handeln\/foerdermitglied-werden\/\"\n                        \n                    >\n                        Machen Sie mit!\n                    <\/a>\n                \t\t\t<\/div>\n\t\t\t\t\t<\/section>\n\t","protected":false},"excerpt":{"rendered":"<p>Greenpeace m\u00f6chte dringend auf die Ver\u00f6ffentlichung eines von der UNFCCC vorgeschriebenen Syntheseberichts zu den national festgelegten Beitr\u00e4gen zum Klimaschutz&#8230;<\/p>\n","protected":false},"author":25,"featured_media":10811,"comment_status":"closed","ping_status":"closed","sticky":false,"template":"","format":"standard","meta":{"ep_exclude_from_search":false,"p4_og_title":"","p4_og_description":"","p4_og_image":"","p4_og_image_id":"","p4_seo_canonical_url":"","p4_campaign_name":"not set","p4_local_project":"not set","p4_basket_name":"not set","p4_department":"","footnotes":""},"categories":[48],"tags":[65],"p4-page-type":[69],"class_list":["post-10810","post","type-post","status-publish","format-standard","has-post-thumbnail","hentry","category-klima","tag-klimawandel","p4-page-type-presseerklaerungen"],"yoast_head":"<!-- This site is optimized with the Yoast SEO Premium plugin v23.9 (Yoast SEO v23.9) - https:\/\/yoast.com\/wordpress\/plugins\/seo\/ -->\n<title>Vereinte Nationen ver\u00f6ffentlichen verheerenden Bericht \u00fcber nationale Klimaschutzziele - Greenpeace Luxembourg<\/title>\n<meta name=\"robots\" content=\"index, follow, max-snippet:-1, max-image-preview:large, max-video-preview:-1\" \/>\n<link rel=\"canonical\" href=\"https:\/\/www.greenpeace.org\/luxembourg\/de\/presseerklaerungen\/10810\/vereinte-nationen-veroffentlichen-verheerenden-bericht-uber-nationale-klimaschutzziele\/\" \/>\n<meta property=\"og:locale\" content=\"de_DE\" \/>\n<meta property=\"og:type\" content=\"article\" \/>\n<meta property=\"og:title\" content=\"Vereinte Nationen ver\u00f6ffentlichen verheerenden Bericht \u00fcber nationale Klimaschutzziele\" \/>\n<meta property=\"og:description\" content=\"Greenpeace m\u00f6chte dringend auf die Ver\u00f6ffentlichung eines von der UNFCCC vorgeschriebenen Syntheseberichts zu den national festgelegten Beitr\u00e4gen zum Klimaschutz...\" \/>\n<meta property=\"og:url\" content=\"https:\/\/www.greenpeace.org\/luxembourg\/de\/presseerklaerungen\/10810\/vereinte-nationen-veroffentlichen-verheerenden-bericht-uber-nationale-klimaschutzziele\/\" \/>\n<meta property=\"og:site_name\" content=\"Greenpeace Luxembourg\" \/>\n<meta property=\"article:publisher\" content=\"https:\/\/www.facebook.com\/greenpeaceluxembourg\" \/>\n<meta property=\"article:published_time\" content=\"2021-02-26T13:09:02+00:00\" \/>\n<meta property=\"article:modified_time\" content=\"2021-12-01T15:25:11+00:00\" \/>\n<meta property=\"og:image\" content=\"https:\/\/www.greenpeace.org\/static\/planet4-luxembourg-stateless\/2021\/02\/2c8fe852-gp1suonf_web_size_with_credit_line-1.jpg\" \/>\n\t<meta property=\"og:image:width\" content=\"800\" \/>\n\t<meta property=\"og:image:height\" content=\"533\" \/>\n\t<meta property=\"og:image:type\" content=\"image\/jpeg\" \/>\n<meta name=\"author\" content=\"Esther Wildanger\" \/>\n<meta name=\"twitter:card\" content=\"summary_large_image\" \/>\n<meta name=\"twitter:label1\" content=\"Written by\" \/>\n\t<meta name=\"twitter:data1\" content=\"Esther Wildanger\" \/>\n\t<meta name=\"twitter:label2\" content=\"Est. reading time\" \/>\n\t<meta name=\"twitter:data2\" content=\"2 minutes\" \/>\n<script type=\"application\/ld+json\" class=\"yoast-schema-graph\">{\"@context\":\"https:\/\/schema.org\",\"@graph\":[{\"@type\":\"Article\",\"@id\":\"https:\/\/www.greenpeace.org\/luxembourg\/de\/presseerklaerungen\/10810\/vereinte-nationen-veroffentlichen-verheerenden-bericht-uber-nationale-klimaschutzziele\/#article\",\"isPartOf\":{\"@id\":\"https:\/\/www.greenpeace.org\/luxembourg\/de\/presseerklaerungen\/10810\/vereinte-nationen-veroffentlichen-verheerenden-bericht-uber-nationale-klimaschutzziele\/\"},\"author\":{\"name\":\"Esther Wildanger\",\"@id\":\"https:\/\/www.greenpeace.org\/luxembourg\/fr\/#\/schema\/person\/3d0e81a859b59009fec36a8552ef76a7\"},\"headline\":\"Vereinte Nationen ver\u00f6ffentlichen verheerenden Bericht \u00fcber nationale Klimaschutzziele\",\"datePublished\":\"2021-02-26T13:09:02+00:00\",\"dateModified\":\"2021-12-01T15:25:11+00:00\",\"mainEntityOfPage\":{\"@id\":\"https:\/\/www.greenpeace.org\/luxembourg\/de\/presseerklaerungen\/10810\/vereinte-nationen-veroffentlichen-verheerenden-bericht-uber-nationale-klimaschutzziele\/\"},\"wordCount\":317,\"publisher\":{\"@id\":\"https:\/\/www.greenpeace.org\/luxembourg\/fr\/#organization\"},\"image\":{\"@id\":\"https:\/\/www.greenpeace.org\/luxembourg\/de\/presseerklaerungen\/10810\/vereinte-nationen-veroffentlichen-verheerenden-bericht-uber-nationale-klimaschutzziele\/#primaryimage\"},\"thumbnailUrl\":\"https:\/\/www.greenpeace.org\/static\/planet4-luxembourg-stateless\/2021\/02\/2c8fe852-gp1suonf_web_size_with_credit_line-1.jpg\",\"keywords\":[\"Klimawandel\"],\"articleSection\":[\"Klima\"],\"inLanguage\":\"de-LU\"},{\"@type\":\"WebPage\",\"@id\":\"https:\/\/www.greenpeace.org\/luxembourg\/de\/presseerklaerungen\/10810\/vereinte-nationen-veroffentlichen-verheerenden-bericht-uber-nationale-klimaschutzziele\/\",\"url\":\"https:\/\/www.greenpeace.org\/luxembourg\/de\/presseerklaerungen\/10810\/vereinte-nationen-veroffentlichen-verheerenden-bericht-uber-nationale-klimaschutzziele\/\",\"name\":\"Vereinte Nationen ver\u00f6ffentlichen verheerenden Bericht \u00fcber nationale Klimaschutzziele - Greenpeace Luxembourg\",\"isPartOf\":{\"@id\":\"https:\/\/www.greenpeace.org\/luxembourg\/fr\/#website\"},\"primaryImageOfPage\":{\"@id\":\"https:\/\/www.greenpeace.org\/luxembourg\/de\/presseerklaerungen\/10810\/vereinte-nationen-veroffentlichen-verheerenden-bericht-uber-nationale-klimaschutzziele\/#primaryimage\"},\"image\":{\"@id\":\"https:\/\/www.greenpeace.org\/luxembourg\/de\/presseerklaerungen\/10810\/vereinte-nationen-veroffentlichen-verheerenden-bericht-uber-nationale-klimaschutzziele\/#primaryimage\"},\"thumbnailUrl\":\"https:\/\/www.greenpeace.org\/static\/planet4-luxembourg-stateless\/2021\/02\/2c8fe852-gp1suonf_web_size_with_credit_line-1.jpg\",\"datePublished\":\"2021-02-26T13:09:02+00:00\",\"dateModified\":\"2021-12-01T15:25:11+00:00\",\"breadcrumb\":{\"@id\":\"https:\/\/www.greenpeace.org\/luxembourg\/de\/presseerklaerungen\/10810\/vereinte-nationen-veroffentlichen-verheerenden-bericht-uber-nationale-klimaschutzziele\/#breadcrumb\"},\"inLanguage\":\"de-LU\",\"potentialAction\":[{\"@type\":\"ReadAction\",\"target\":[\"https:\/\/www.greenpeace.org\/luxembourg\/de\/presseerklaerungen\/10810\/vereinte-nationen-veroffentlichen-verheerenden-bericht-uber-nationale-klimaschutzziele\/\"]}]},{\"@type\":\"ImageObject\",\"inLanguage\":\"de-LU\",\"@id\":\"https:\/\/www.greenpeace.org\/luxembourg\/de\/presseerklaerungen\/10810\/vereinte-nationen-veroffentlichen-verheerenden-bericht-uber-nationale-klimaschutzziele\/#primaryimage\",\"url\":\"https:\/\/www.greenpeace.org\/static\/planet4-luxembourg-stateless\/2021\/02\/2c8fe852-gp1suonf_web_size_with_credit_line-1.jpg\",\"contentUrl\":\"https:\/\/www.greenpeace.org\/static\/planet4-luxembourg-stateless\/2021\/02\/2c8fe852-gp1suonf_web_size_with_credit_line-1.jpg\",\"width\":800,\"height\":533,\"caption\":\"On the occasion of the fifth anniversary of the adoption of the Paris Agreement, which is commemorated on Dec. 12th, Greenpeace Spain activists have scaled the replica of the Eiffel Tower in Torrej\u00f3n de Ardoz (Madrid) on which they have placed a giant banner that reads \\\"Compliance with the Paris Agreement: as fake as this tower.\\\" The environmental organization is thus based on the symbol of Paris under which the historic climate agreement was adopted on December 12, 2015 and on a much smaller copy that is more in line with the deficit measures that the states are taking. Con motivo del quinto aniversario de la adopci\u00f3n del Acuerdo de Par\u00eds, que se conmemora ma\u00f1ana, activistas de Greenpeace han escalado a primera hora de hoy la r\u00e9plica de la Torre Eiffel en Torrej\u00f3n de Ardoz (Madrid), en la que han colocado una pancarta gigante donde se lee \u201cCumplimiento Acuerdo de Par\u00eds: tan falso como esta torre\u201d. La organizaci\u00f3n ecologista se apoya as\u00ed en el s\u00edmbolo de Par\u00eds bajo el que se adopt\u00f3 el hist\u00f3rico acuerdo del clima el 12 de diciembre de 2015 y en una copia mucho m\u00e1s peque\u00f1a que se ajusta m\u00e1s a las deficitarias medidas que est\u00e1n asumiendo los estados.\"},{\"@type\":\"BreadcrumbList\",\"@id\":\"https:\/\/www.greenpeace.org\/luxembourg\/de\/presseerklaerungen\/10810\/vereinte-nationen-veroffentlichen-verheerenden-bericht-uber-nationale-klimaschutzziele\/#breadcrumb\",\"itemListElement\":[{\"@type\":\"ListItem\",\"position\":1,\"name\":\"Home\",\"item\":\"http:\/\/www.greenpeace.org\/luxembourg\/fr\/\"},{\"@type\":\"ListItem\",\"position\":2,\"name\":\"Vereinte Nationen ver\u00f6ffentlichen verheerenden Bericht \u00fcber nationale Klimaschutzziele\"}]},{\"@type\":\"WebSite\",\"@id\":\"https:\/\/www.greenpeace.org\/luxembourg\/fr\/#website\",\"url\":\"https:\/\/www.greenpeace.org\/luxembourg\/fr\/\",\"name\":\"Greenpeace Luxembourg\",\"description\":\"Greenpeace existiert, weil unsere Erde eine Stimme braucht. Sie ben\u00f6tigt L\u00f6sungen. Ver\u00e4nderungen. Aktionen.\",\"publisher\":{\"@id\":\"https:\/\/www.greenpeace.org\/luxembourg\/fr\/#organization\"},\"potentialAction\":[{\"@type\":\"SearchAction\",\"target\":{\"@type\":\"EntryPoint\",\"urlTemplate\":\"https:\/\/www.greenpeace.org\/luxembourg\/fr\/?s={search_term_string}\"},\"query-input\":{\"@type\":\"PropertyValueSpecification\",\"valueRequired\":true,\"valueName\":\"search_term_string\"}}],\"inLanguage\":\"de-LU\"},{\"@type\":\"Organization\",\"@id\":\"https:\/\/www.greenpeace.org\/luxembourg\/fr\/#organization\",\"name\":\"Greenpeace Luxembourg\",\"url\":\"https:\/\/www.greenpeace.org\/luxembourg\/fr\/\",\"logo\":{\"@type\":\"ImageObject\",\"inLanguage\":\"de-LU\",\"@id\":\"https:\/\/www.greenpeace.org\/luxembourg\/fr\/#\/schema\/logo\/image\/\",\"url\":\"https:\/\/www.greenpeace.org\/static\/planet4-luxembourg-stateless\/2026\/03\/3e367f94-greenpeace_logo_green_rgb.png\",\"contentUrl\":\"https:\/\/www.greenpeace.org\/static\/planet4-luxembourg-stateless\/2026\/03\/3e367f94-greenpeace_logo_green_rgb.png\",\"width\":1080,\"height\":175,\"caption\":\"Greenpeace Luxembourg\"},\"image\":{\"@id\":\"https:\/\/www.greenpeace.org\/luxembourg\/fr\/#\/schema\/logo\/image\/\"},\"sameAs\":[\"https:\/\/www.facebook.com\/greenpeaceluxembourg\",\"https:\/\/www.instagram.com\/greenpeacelux\/\",\"https:\/\/www.linkedin.com\/company\/greenpeace-luxembourg\/\",\"https:\/\/www.threads.com\/@greenpeacelux\",\"https:\/\/bsky.app\/profile\/greenpeacelux.bsky.social\",\"https:\/\/www.youtube.com\/@GreenpeaceLux\",\"https:\/\/www.tiktok.com\/@greenpeace_lux\"]},{\"@type\":\"Person\",\"@id\":\"https:\/\/www.greenpeace.org\/luxembourg\/fr\/#\/schema\/person\/3d0e81a859b59009fec36a8552ef76a7\",\"name\":\"Esther Wildanger\",\"url\":\"https:\/\/www.greenpeace.org\/luxembourg\/de\/author\/ewildang\/\"}]}<\/script>\n<!-- \/ Yoast SEO Premium plugin. -->","yoast_head_json":{"title":"Vereinte Nationen ver\u00f6ffentlichen verheerenden Bericht \u00fcber nationale Klimaschutzziele - Greenpeace Luxembourg","robots":{"index":"index","follow":"follow","max-snippet":"max-snippet:-1","max-image-preview":"max-image-preview:large","max-video-preview":"max-video-preview:-1"},"canonical":"https:\/\/www.greenpeace.org\/luxembourg\/de\/presseerklaerungen\/10810\/vereinte-nationen-veroffentlichen-verheerenden-bericht-uber-nationale-klimaschutzziele\/","og_locale":"de_DE","og_type":"article","og_title":"Vereinte Nationen ver\u00f6ffentlichen verheerenden Bericht \u00fcber nationale Klimaschutzziele","og_description":"Greenpeace m\u00f6chte dringend auf die Ver\u00f6ffentlichung eines von der UNFCCC vorgeschriebenen Syntheseberichts zu den national festgelegten Beitr\u00e4gen zum Klimaschutz...","og_url":"https:\/\/www.greenpeace.org\/luxembourg\/de\/presseerklaerungen\/10810\/vereinte-nationen-veroffentlichen-verheerenden-bericht-uber-nationale-klimaschutzziele\/","og_site_name":"Greenpeace Luxembourg","article_publisher":"https:\/\/www.facebook.com\/greenpeaceluxembourg","article_published_time":"2021-02-26T13:09:02+00:00","article_modified_time":"2021-12-01T15:25:11+00:00","og_image":[{"width":800,"height":533,"url":"https:\/\/www.greenpeace.org\/static\/planet4-luxembourg-stateless\/2021\/02\/2c8fe852-gp1suonf_web_size_with_credit_line-1.jpg","type":"image\/jpeg"}],"author":"Esther Wildanger","twitter_card":"summary_large_image","twitter_misc":{"Written by":"Esther Wildanger","Est. reading time":"2 minutes"},"schema":{"@context":"https:\/\/schema.org","@graph":[{"@type":"Article","@id":"https:\/\/www.greenpeace.org\/luxembourg\/de\/presseerklaerungen\/10810\/vereinte-nationen-veroffentlichen-verheerenden-bericht-uber-nationale-klimaschutzziele\/#article","isPartOf":{"@id":"https:\/\/www.greenpeace.org\/luxembourg\/de\/presseerklaerungen\/10810\/vereinte-nationen-veroffentlichen-verheerenden-bericht-uber-nationale-klimaschutzziele\/"},"author":{"name":"Esther Wildanger","@id":"https:\/\/www.greenpeace.org\/luxembourg\/fr\/#\/schema\/person\/3d0e81a859b59009fec36a8552ef76a7"},"headline":"Vereinte Nationen ver\u00f6ffentlichen verheerenden Bericht \u00fcber nationale Klimaschutzziele","datePublished":"2021-02-26T13:09:02+00:00","dateModified":"2021-12-01T15:25:11+00:00","mainEntityOfPage":{"@id":"https:\/\/www.greenpeace.org\/luxembourg\/de\/presseerklaerungen\/10810\/vereinte-nationen-veroffentlichen-verheerenden-bericht-uber-nationale-klimaschutzziele\/"},"wordCount":317,"publisher":{"@id":"https:\/\/www.greenpeace.org\/luxembourg\/fr\/#organization"},"image":{"@id":"https:\/\/www.greenpeace.org\/luxembourg\/de\/presseerklaerungen\/10810\/vereinte-nationen-veroffentlichen-verheerenden-bericht-uber-nationale-klimaschutzziele\/#primaryimage"},"thumbnailUrl":"https:\/\/www.greenpeace.org\/static\/planet4-luxembourg-stateless\/2021\/02\/2c8fe852-gp1suonf_web_size_with_credit_line-1.jpg","keywords":["Klimawandel"],"articleSection":["Klima"],"inLanguage":"de-LU"},{"@type":"WebPage","@id":"https:\/\/www.greenpeace.org\/luxembourg\/de\/presseerklaerungen\/10810\/vereinte-nationen-veroffentlichen-verheerenden-bericht-uber-nationale-klimaschutzziele\/","url":"https:\/\/www.greenpeace.org\/luxembourg\/de\/presseerklaerungen\/10810\/vereinte-nationen-veroffentlichen-verheerenden-bericht-uber-nationale-klimaschutzziele\/","name":"Vereinte Nationen ver\u00f6ffentlichen verheerenden Bericht \u00fcber nationale Klimaschutzziele - Greenpeace Luxembourg","isPartOf":{"@id":"https:\/\/www.greenpeace.org\/luxembourg\/fr\/#website"},"primaryImageOfPage":{"@id":"https:\/\/www.greenpeace.org\/luxembourg\/de\/presseerklaerungen\/10810\/vereinte-nationen-veroffentlichen-verheerenden-bericht-uber-nationale-klimaschutzziele\/#primaryimage"},"image":{"@id":"https:\/\/www.greenpeace.org\/luxembourg\/de\/presseerklaerungen\/10810\/vereinte-nationen-veroffentlichen-verheerenden-bericht-uber-nationale-klimaschutzziele\/#primaryimage"},"thumbnailUrl":"https:\/\/www.greenpeace.org\/static\/planet4-luxembourg-stateless\/2021\/02\/2c8fe852-gp1suonf_web_size_with_credit_line-1.jpg","datePublished":"2021-02-26T13:09:02+00:00","dateModified":"2021-12-01T15:25:11+00:00","breadcrumb":{"@id":"https:\/\/www.greenpeace.org\/luxembourg\/de\/presseerklaerungen\/10810\/vereinte-nationen-veroffentlichen-verheerenden-bericht-uber-nationale-klimaschutzziele\/#breadcrumb"},"inLanguage":"de-LU","potentialAction":[{"@type":"ReadAction","target":["https:\/\/www.greenpeace.org\/luxembourg\/de\/presseerklaerungen\/10810\/vereinte-nationen-veroffentlichen-verheerenden-bericht-uber-nationale-klimaschutzziele\/"]}]},{"@type":"ImageObject","inLanguage":"de-LU","@id":"https:\/\/www.greenpeace.org\/luxembourg\/de\/presseerklaerungen\/10810\/vereinte-nationen-veroffentlichen-verheerenden-bericht-uber-nationale-klimaschutzziele\/#primaryimage","url":"https:\/\/www.greenpeace.org\/static\/planet4-luxembourg-stateless\/2021\/02\/2c8fe852-gp1suonf_web_size_with_credit_line-1.jpg","contentUrl":"https:\/\/www.greenpeace.org\/static\/planet4-luxembourg-stateless\/2021\/02\/2c8fe852-gp1suonf_web_size_with_credit_line-1.jpg","width":800,"height":533,"caption":"On the occasion of the fifth anniversary of the adoption of the Paris Agreement, which is commemorated on Dec. 12th, Greenpeace Spain activists have scaled the replica of the Eiffel Tower in Torrej\u00f3n de Ardoz (Madrid) on which they have placed a giant banner that reads \"Compliance with the Paris Agreement: as fake as this tower.\" The environmental organization is thus based on the symbol of Paris under which the historic climate agreement was adopted on December 12, 2015 and on a much smaller copy that is more in line with the deficit measures that the states are taking. Con motivo del quinto aniversario de la adopci\u00f3n del Acuerdo de Par\u00eds, que se conmemora ma\u00f1ana, activistas de Greenpeace han escalado a primera hora de hoy la r\u00e9plica de la Torre Eiffel en Torrej\u00f3n de Ardoz (Madrid), en la que han colocado una pancarta gigante donde se lee \u201cCumplimiento Acuerdo de Par\u00eds: tan falso como esta torre\u201d. La organizaci\u00f3n ecologista se apoya as\u00ed en el s\u00edmbolo de Par\u00eds bajo el que se adopt\u00f3 el hist\u00f3rico acuerdo del clima el 12 de diciembre de 2015 y en una copia mucho m\u00e1s peque\u00f1a que se ajusta m\u00e1s a las deficitarias medidas que est\u00e1n asumiendo los estados."},{"@type":"BreadcrumbList","@id":"https:\/\/www.greenpeace.org\/luxembourg\/de\/presseerklaerungen\/10810\/vereinte-nationen-veroffentlichen-verheerenden-bericht-uber-nationale-klimaschutzziele\/#breadcrumb","itemListElement":[{"@type":"ListItem","position":1,"name":"Home","item":"http:\/\/www.greenpeace.org\/luxembourg\/fr\/"},{"@type":"ListItem","position":2,"name":"Vereinte Nationen ver\u00f6ffentlichen verheerenden Bericht \u00fcber nationale Klimaschutzziele"}]},{"@type":"WebSite","@id":"https:\/\/www.greenpeace.org\/luxembourg\/fr\/#website","url":"https:\/\/www.greenpeace.org\/luxembourg\/fr\/","name":"Greenpeace Luxembourg","description":"Greenpeace existiert, weil unsere Erde eine Stimme braucht. Sie ben\u00f6tigt L\u00f6sungen. Ver\u00e4nderungen. Aktionen.","publisher":{"@id":"https:\/\/www.greenpeace.org\/luxembourg\/fr\/#organization"},"potentialAction":[{"@type":"SearchAction","target":{"@type":"EntryPoint","urlTemplate":"https:\/\/www.greenpeace.org\/luxembourg\/fr\/?s={search_term_string}"},"query-input":{"@type":"PropertyValueSpecification","valueRequired":true,"valueName":"search_term_string"}}],"inLanguage":"de-LU"},{"@type":"Organization","@id":"https:\/\/www.greenpeace.org\/luxembourg\/fr\/#organization","name":"Greenpeace Luxembourg","url":"https:\/\/www.greenpeace.org\/luxembourg\/fr\/","logo":{"@type":"ImageObject","inLanguage":"de-LU","@id":"https:\/\/www.greenpeace.org\/luxembourg\/fr\/#\/schema\/logo\/image\/","url":"https:\/\/www.greenpeace.org\/static\/planet4-luxembourg-stateless\/2026\/03\/3e367f94-greenpeace_logo_green_rgb.png","contentUrl":"https:\/\/www.greenpeace.org\/static\/planet4-luxembourg-stateless\/2026\/03\/3e367f94-greenpeace_logo_green_rgb.png","width":1080,"height":175,"caption":"Greenpeace Luxembourg"},"image":{"@id":"https:\/\/www.greenpeace.org\/luxembourg\/fr\/#\/schema\/logo\/image\/"},"sameAs":["https:\/\/www.facebook.com\/greenpeaceluxembourg","https:\/\/www.instagram.com\/greenpeacelux\/","https:\/\/www.linkedin.com\/company\/greenpeace-luxembourg\/","https:\/\/www.threads.com\/@greenpeacelux","https:\/\/bsky.app\/profile\/greenpeacelux.bsky.social","https:\/\/www.youtube.com\/@GreenpeaceLux","https:\/\/www.tiktok.com\/@greenpeace_lux"]},{"@type":"Person","@id":"https:\/\/www.greenpeace.org\/luxembourg\/fr\/#\/schema\/person\/3d0e81a859b59009fec36a8552ef76a7","name":"Esther Wildanger","url":"https:\/\/www.greenpeace.org\/luxembourg\/de\/author\/ewildang\/"}]}},"_links":{"self":[{"href":"https:\/\/www.greenpeace.org\/luxembourg\/de\/wp-json\/wp\/v2\/posts\/10810","targetHints":{"allow":["GET"]}}],"collection":[{"href":"https:\/\/www.greenpeace.org\/luxembourg\/de\/wp-json\/wp\/v2\/posts"}],"about":[{"href":"https:\/\/www.greenpeace.org\/luxembourg\/de\/wp-json\/wp\/v2\/types\/post"}],"author":[{"embeddable":true,"href":"https:\/\/www.greenpeace.org\/luxembourg\/de\/wp-json\/wp\/v2\/users\/25"}],"replies":[{"embeddable":true,"href":"https:\/\/www.greenpeace.org\/luxembourg\/de\/wp-json\/wp\/v2\/comments?post=10810"}],"version-history":[{"count":2,"href":"https:\/\/www.greenpeace.org\/luxembourg\/de\/wp-json\/wp\/v2\/posts\/10810\/revisions"}],"predecessor-version":[{"id":12863,"href":"https:\/\/www.greenpeace.org\/luxembourg\/de\/wp-json\/wp\/v2\/posts\/10810\/revisions\/12863"}],"wp:featuredmedia":[{"embeddable":true,"href":"https:\/\/www.greenpeace.org\/luxembourg\/de\/wp-json\/wp\/v2\/media\/10811"}],"wp:attachment":[{"href":"https:\/\/www.greenpeace.org\/luxembourg\/de\/wp-json\/wp\/v2\/media?parent=10810"}],"wp:term":[{"taxonomy":"category","embeddable":true,"href":"https:\/\/www.greenpeace.org\/luxembourg\/de\/wp-json\/wp\/v2\/categories?post=10810"},{"taxonomy":"post_tag","embeddable":true,"href":"https:\/\/www.greenpeace.org\/luxembourg\/de\/wp-json\/wp\/v2\/tags?post=10810"},{"taxonomy":"p4-page-type","embeddable":true,"href":"https:\/\/www.greenpeace.org\/luxembourg\/de\/wp-json\/wp\/v2\/p4-page-type?post=10810"}],"curies":[{"name":"wp","href":"https:\/\/api.w.org\/{rel}","templated":true}]}}